{"id":212446,"date":"2017-12-14T11:52:16","date_gmt":"2017-12-14T10:52:16","guid":{"rendered":"http:\/\/rusoch.fr\/?p=212446"},"modified":"2017-12-14T15:54:52","modified_gmt":"2017-12-14T14:54:52","slug":"francais-vyigraj-puteshestvie-v-stalingrad","status":"publish","type":"post","link":"https:\/\/rusoch.fr\/fr\/tour\/francais-vyigraj-puteshestvie-v-stalingrad.html","title":{"rendered":"Gagnez un voyage \u00e0 Stalingrad"},"content":{"rendered":"<p><strong>La France se classe au premier rang mondial dans le nombre de rues, de boulevards, de places, etc., nomm\u00e9 d&#39;apr\u00e8s Stalingrad.<\/strong><br \/>\n<!--more--><\/p>\n<p>&nbsp;<\/p>\n<p><a href=\"http:\/\/rusoch.fr\/files\/2017\/12\/Glac.jpg\"><img loading=\"lazy\" class=\"alignnone size-large wp-image-212457\" src=\"http:\/\/rusoch.fr\/files\/2017\/12\/Glac-347x400.jpg\" alt=\"\" width=\"347\" height=\"400\" srcset=\"https:\/\/rusoch.fr\/files\/2017\/12\/Glac-347x400.jpg 347w, https:\/\/rusoch.fr\/files\/2017\/12\/Glac-329x379.jpg 329w, https:\/\/rusoch.fr\/files\/2017\/12\/Glac.jpg 446w\" sizes=\"(max-width: 347px) 100vw, 347px\" \/><\/a><\/p>\n<p><strong>75 ans de victoire \u00e0 la bataille de Stalingrad<\/strong><\/p>\n<p>Vous voulez visiter Stalingrad au mois de mai 2018, voir de vos propres yeux le Kourgane Mama\u00efev et le d\u00e9fil\u00e9 militaire du 9 mai qui marque l\u2019anniversaire du Jour de la Victoire sur le fascisme, participer \u00e0 la marche du R\u00e9giment immortel et discuter \u00e0 la table ronde des enjeux du partenariat franco-russe en mati\u00e8re de \u00abdiplomatie populaire\u00bb?<\/p>\n<p>Nous sommes ravis d\u2019inviter des ressortissants Russes et des Fran\u00e7ais \u00e0 se pr\u00e9senter au concours historico-culturel international \u00abStalingrad dans ma ville!\u00bb.<\/p>\n<p>Les participants actifs seront r\u00e9compens\u00e9s avec des lettres de remerciements et des prix.<\/p>\n<p>Les laur\u00e9ats du concours obtiendront l\u2019opportunit\u00e9 de se rendre \u00e0 Stalingrad (Volgograd).<\/p>\n<p>Le concours Internet &laquo;Stalingrad dans ma ville!&raquo; repr\u00e9sente un projet historico-culturel international en mati\u00e8re de la &laquo;diplomatie populaire&raquo; et est d\u00e9di\u00e9 au 75\u00e8me anniversaire de la victoire \u00e0 la bataille de Stalingrad.<\/p>\n<p>Il est organis\u00e9 par la Fondation de bienfaisance internationale \u00abLa bataille de Stalingrad\u00bb.<\/p>\n<p>Les dates du concours: 01\/12\/2017&nbsp;&mdash; 02\/04\/2018<\/p>\n<p>Les conditions de participation au concours:<\/p>\n<ul>\n<li>suivre le lien pour rejoindre le groupe officiel du concours sur Facebook &laquo;Stalingrad dans ma ville&raquo; <a href=\"https:\/\/www.facebook.com\/groups\/stalingradsdmv\/\">https:\/\/www.facebook.com\/groups\/stalingradsdmv\/<\/a><\/li>\n<li>prendre une photo d&#39;une plaque de rue qui contient le mot &laquo;Stalingrad&raquo; (si possible, prenez un selfie \u00e0 son arri\u00e8re-plan);<\/li>\n<li>d\u00e9couvrir l&#39;histoire de l&#39;apparition du nom &laquo;Stalingrad&raquo; sur le plan de la ville dans des archives locales, des mus\u00e9es, des mairies, des biblioth\u00e8ques, des offices du tourisme ou demander les t\u00e9moins de l&#39;\u00e9v\u00e9nement. Depuis quand est apparu le nom? Quel maire ou personnage public a initi\u00e9 le changement de nom? Comment est-ce justif\u00e9? Comment s&#39;est pass\u00e9 la c\u00e9r\u00e9monie du changement de nom pour \u00abStalingrad\u00bb?<\/li>\n<li>copier des documents d&#39;archives, des photographies, des coupures de journaux anciens, des documents cin\u00e9matographiques; enregistrer un entretien avec les t\u00e9moins de l&#39;\u00e9v\u00e9nement. Tous les envois doivent indiquer les sources des documents Les mat\u00e9riaux envoy\u00e9s seront utilis\u00e9s dans le cadre du projet &laquo;Le r\u00f4le de Stalingrad dans le destin de la France&raquo;.<\/li>\n<\/ul>\n<p>poster le mat\u00e9riel collect\u00e9 dans le groupe du concours sur Facebook ou l&#39;envoyer \u00e0 <a href=\"mailto:stalingradfund@mail.ru\">stalingradfund@mail.ru<\/a><\/p>\n<p><em>Le Comit\u00e9 organisateur du projet<\/em><\/p>\n<p>&nbsp;<\/p>\n<p><strong>A lire aussi:<\/strong><\/p>\n<blockquote class=\"wp-embedded-content\" data-secret=\"vKaFT1uRRs\">\n<p><a href=\"http:\/\/rusoch.fr\/guests\/kto-vspomnil-pro-stalingrad.html\">\u041a\u0442\u043e \u0432\u0441\u043f\u043e\u043c\u043d\u0438\u043b \u043f\u0440\u043e \u0421\u0442\u0430\u043b\u0438\u043d\u0433\u0440\u0430\u0434 | Qui a dit \u00abStalingrad\u00bb?<\/a><\/p>\n<\/blockquote>\n<p><iframe class=\"wp-embedded-content\" sandbox=\"allow-scripts\" security=\"restricted\" style=\"position: absolute; clip: rect(1px, 1px, 1px, 1px);\" src=\"http:\/\/rusoch.fr\/guests\/kto-vspomnil-pro-stalingrad.html\/embed#?secret=vKaFT1uRRs\" data-secret=\"vKaFT1uRRs\" width=\"600\" height=\"338\" title=\"\u00ab\u041a\u0442\u043e \u0432\u0441\u043f\u043e\u043c\u043d\u0438\u043b \u043f\u0440\u043e \u0421\u0442\u0430\u043b\u0438\u043d\u0433\u0440\u0430\u0434 | Qui a dit \u00abStalingrad\u00bb?\u00bb &#8212; \u0420\u0443\u0441\u0441\u043a\u0438\u0439 \u043e\u0447\u0435\u0432\u0438\u0434\u0435\u0446 | L\u2019Observateur Russe\" frameborder=\"0\" marginwidth=\"0\" marginheight=\"0\" scrolling=\"no\"><\/iframe><\/p>\n<blockquote class=\"wp-embedded-content\" data-secret=\"vJQKEJLzmH\">\n<p><a href=\"http:\/\/rusoch.fr\/tour\/ot-stalingrada-do-pragi-v-strasburge-otkryvaetsya-istoricheskaya-vystavka.html\">\u041e\u0442 \u0421\u0442\u0430\u043b\u0438\u043d\u0433\u0440\u0430\u0434\u0430 \u0434\u043e \u041f\u0440\u0430\u0433\u0438: \u0432 \u0421\u0442\u0440\u0430\u0441\u0431\u0443\u0440\u0433\u0435 \u043e\u0442\u043a\u0440\u044b\u0432\u0430\u0435\u0442\u0441\u044f \u0438\u0441\u0442\u043e\u0440\u0438\u0447\u0435\u0441\u043a\u0430\u044f \u0432\u044b\u0441\u0442\u0430\u0432\u043a\u0430|De Stalingrad \u00e0 Prague\u00a0: l\u2019exposition historique a ouvert ses portes \u00e0 Strasbourg<\/a><\/p>\n<\/blockquote>\n<p><iframe class=\"wp-embedded-content\" sandbox=\"allow-scripts\" security=\"restricted\" style=\"position: absolute; clip: rect(1px, 1px, 1px, 1px);\" src=\"http:\/\/rusoch.fr\/tour\/ot-stalingrada-do-pragi-v-strasburge-otkryvaetsya-istoricheskaya-vystavka.html\/embed#?secret=vJQKEJLzmH\" data-secret=\"vJQKEJLzmH\" width=\"600\" height=\"338\" title=\"\u00ab\u041e\u0442 \u0421\u0442\u0430\u043b\u0438\u043d\u0433\u0440\u0430\u0434\u0430 \u0434\u043e \u041f\u0440\u0430\u0433\u0438: \u0432 \u0421\u0442\u0440\u0430\u0441\u0431\u0443\u0440\u0433\u0435 \u043e\u0442\u043a\u0440\u044b\u0432\u0430\u0435\u0442\u0441\u044f \u0438\u0441\u0442\u043e\u0440\u0438\u0447\u0435\u0441\u043a\u0430\u044f \u0432\u044b\u0441\u0442\u0430\u0432\u043a\u0430|De Stalingrad \u00e0 Prague\u00a0: l\u2019exposition historique a ouvert ses portes \u00e0 Strasbourg\u00bb &#8212; \u0420\u0443\u0441\u0441\u043a\u0438\u0439 \u043e\u0447\u0435\u0432\u0438\u0434\u0435\u0446 | L\u2019Observateur Russe\" frameborder=\"0\" marginwidth=\"0\" marginheight=\"0\" scrolling=\"no\"><\/iframe><\/p>\n<p>&nbsp;<\/p>\n<blockquote class=\"wp-embedded-content\" data-secret=\"OAovSirT8p\">\n<p><a href=\"http:\/\/rusoch.fr\/cult\/u-neznakomogo-poselka-na-bezymyannoj-vysote.html\">\u0423 \u043d\u0435\u0437\u043d\u0430\u043a\u043e\u043c\u043e\u0433\u043e \u043f\u043e\u0441\u0435\u043b\u043a\u0430, \u043d\u0430 \u0431\u0435\u0437\u044b\u043c\u044f\u043d\u043d\u043e\u0439 \u0432\u044b\u0441\u043e\u0442\u0435\u2026\u0424\u0440\u0430\u043d\u0446\u0438\u0438 | Dans un petit village fran\u00e7ais, \u00ab na bezymyannoy vysote \u00bb r\u00e9sonne<\/a><\/p>\n<\/blockquote>\n<p><iframe class=\"wp-embedded-content\" sandbox=\"allow-scripts\" security=\"restricted\" style=\"position: absolute; clip: rect(1px, 1px, 1px, 1px);\" src=\"http:\/\/rusoch.fr\/cult\/u-neznakomogo-poselka-na-bezymyannoj-vysote.html\/embed#?secret=OAovSirT8p\" data-secret=\"OAovSirT8p\" width=\"600\" height=\"338\" title=\"\u00ab\u0423 \u043d\u0435\u0437\u043d\u0430\u043a\u043e\u043c\u043e\u0433\u043e \u043f\u043e\u0441\u0435\u043b\u043a\u0430, \u043d\u0430 \u0431\u0435\u0437\u044b\u043c\u044f\u043d\u043d\u043e\u0439 \u0432\u044b\u0441\u043e\u0442\u0435\u2026\u0424\u0440\u0430\u043d\u0446\u0438\u0438 | Dans un petit village fran\u00e7ais, \u00ab na bezymyannoy vysote \u00bb r\u00e9sonne\u00bb &#8212; \u0420\u0443\u0441\u0441\u043a\u0438\u0439 \u043e\u0447\u0435\u0432\u0438\u0434\u0435\u0446 | L\u2019Observateur Russe\" frameborder=\"0\" marginwidth=\"0\" marginheight=\"0\" scrolling=\"no\"><\/iframe><\/p>\n<p>&nbsp;<\/p>","protected":false},"excerpt":{"rendered":"<p>D\u00e9sol\u00e9, cet article est seulement disponible en Russe.<\/p>\n","protected":false},"author":2,"featured_media":212458,"comment_status":"open","ping_status":"open","sticky":false,"template":"","format":"standard","meta":[],"categories":[7],"tags":[2915],"aioseo_notices":[],"_links":{"self":[{"href":"https:\/\/rusoch.fr\/fr\/wp-json\/wp\/v2\/posts\/212446"}],"collection":[{"href":"https:\/\/rusoch.fr\/fr\/wp-json\/wp\/v2\/posts"}],"about":[{"href":"https:\/\/rusoch.fr\/fr\/wp-json\/wp\/v2\/types\/post"}],"author":[{"embeddable":true,"href":"https:\/\/rusoch.fr\/fr\/wp-json\/wp\/v2\/users\/2"}],"replies":[{"embeddable":true,"href":"https:\/\/rusoch.fr\/fr\/wp-json\/wp\/v2\/comments?post=212446"}],"version-history":[{"count":0,"href":"https:\/\/rusoch.fr\/fr\/wp-json\/wp\/v2\/posts\/212446\/revisions"}],"wp:featuredmedia":[{"embeddable":true,"href":"https:\/\/rusoch.fr\/fr\/wp-json\/wp\/v2\/media\/212458"}],"wp:attachment":[{"href":"https:\/\/rusoch.fr\/fr\/wp-json\/wp\/v2\/media?parent=212446"}],"wp:term":[{"taxonomy":"category","embeddable":true,"href":"https:\/\/rusoch.fr\/fr\/wp-json\/wp\/v2\/categories?post=212446"},{"taxonomy":"post_tag","embeddable":true,"href":"https:\/\/rusoch.fr\/fr\/wp-json\/wp\/v2\/tags?post=212446"}],"curies":[{"name":"wp","href":"https:\/\/api.w.org\/{rel}","templated":true}]}}