{"id":212880,"date":"2018-01-26T00:55:12","date_gmt":"2018-01-25T23:55:12","guid":{"rendered":"http:\/\/rusoch.fr\/?p=212880"},"modified":"2018-02-02T16:13:37","modified_gmt":"2018-02-02T15:13:37","slug":"valeriyu-gergievu-v-parizhe-vruchili-chromy-award","status":"publish","type":"post","link":"https:\/\/rusoch.fr\/fr\/cult\/valeriyu-gergievu-v-parizhe-vruchili-chromy-award.html","title":{"rendered":"A Paris Valery Guerguiev a re\u00e7u le &laquo;CHROMY AWARD&raquo;"},"content":{"rendered":"<p>Le lundi 22 janvier <a href=\"https:\/\/philharmoniedeparis.fr\/fr\/activite\/concert-symphonique\/17892-munchner-philharmoniker\">la Philharmonie de Paris<\/a> a accueilli un concert de l&#39;Orchestre Philharmonique de Munich dirig\u00e9 par Valery Guerguiev.<br \/>\n<!--more--><\/p>\n<p><div id=\"attachment_212881\" style=\"width: 310px\" class=\"wp-caption alignnone\"><a href=\"http:\/\/rusoch.fr\/files\/2018\/01\/IMG_4667.jpg\"><img aria-describedby=\"caption-attachment-212881\" loading=\"lazy\" class=\"wp-image-212881 size-large\" src=\"http:\/\/rusoch.fr\/files\/2018\/01\/IMG_4667-300x400.jpg\" alt=\"\" width=\"300\" height=\"400\" srcset=\"https:\/\/rusoch.fr\/files\/2018\/01\/IMG_4667-300x400.jpg 300w, https:\/\/rusoch.fr\/files\/2018\/01\/IMG_4667-284x379.jpg 284w, https:\/\/rusoch.fr\/files\/2018\/01\/IMG_4667-768x1024.jpg 768w, https:\/\/rusoch.fr\/files\/2018\/01\/IMG_4667-600x800.jpg 600w, https:\/\/rusoch.fr\/files\/2018\/01\/IMG_4667.jpg 1000w\" sizes=\"(max-width: 300px) 100vw, 300px\" \/><\/a><p id=\"caption-attachment-212881\" class=\"wp-caption-text\">A.Chromy et V.Guerguiev<\/p><\/div><\/p>\n<p>Les musiciens interpr\u00e9t\u00e8rent les \u0153uvres de Piotr Ilitch Tcha\u00efkovski, Richard Wagner, Johannes Brahms et de Richard Strauss. Les parties en solo ont \u00e9t\u00e9 interpr\u00e9t\u00e9es par la chanteuse allemande, la soliste de l\u2019Op\u00e9ra national de Bavi\u00e8re, la soprano Anja Harteros.<\/p>\n<p>Le m\u00eame jour, dans le palace, l\u2019H\u00f4tel Le Bristol Paris, accueillant des c\u00e9l\u00e9brit\u00e9s mondiales dont la liste est presque infinie (et qui comprend m\u00eame le nom de pr\u00e9sident russe), Valery Guerguiev, poss\u00e9dant d\u00e9j\u00e0 un grand nombre de prix nationaux de la F\u00e9d\u00e9ration Russe, des r\u00e9compenses et des m\u00e9dailles internationales, y compris la d\u00e9coration honorifique de Chevalier de l&#39;Ordre des Arts et des Lettres, ainsi que la plus haute distinction de France\u00a0: la\u00a0L\u00e9gion d\u2019honneur, vient de recevoir le prix du public, \u00ab\u00a0CHROMY AWARD\u00a0\u00bb.<\/p>\n<p><div id=\"attachment_212883\" style=\"width: 543px\" class=\"wp-caption alignnone\"><a href=\"http:\/\/rusoch.fr\/files\/2018\/01\/Gergiev-3.jpg\"><img aria-describedby=\"caption-attachment-212883\" loading=\"lazy\" class=\"wp-image-212883 size-large\" src=\"http:\/\/rusoch.fr\/files\/2018\/01\/Gergiev-3-533x400.jpg\" alt=\"\" width=\"533\" height=\"400\" srcset=\"https:\/\/rusoch.fr\/files\/2018\/01\/Gergiev-3-533x400.jpg 533w, https:\/\/rusoch.fr\/files\/2018\/01\/Gergiev-3-505x379.jpg 505w, https:\/\/rusoch.fr\/files\/2018\/01\/Gergiev-3-768x576.jpg 768w, https:\/\/rusoch.fr\/files\/2018\/01\/Gergiev-3-600x450.jpg 600w, https:\/\/rusoch.fr\/files\/2018\/01\/Gergiev-3.jpg 800w\" sizes=\"(max-width: 533px) 100vw, 533px\" \/><\/a><p id=\"caption-attachment-212883\" class=\"wp-caption-text\">W.Stein, A.Chromy et V.Guerguiev<\/p><\/div><\/p>\n<p>Le prix du <a href=\"https:\/\/www.annachromy.com\/chromy-award\/\">\u00ab\u00a0CHROMY AWARD\u00a0\u00bb<\/a> a \u00e9t\u00e9 cr\u00e9\u00e9 par un Institut luxembourgeois dirig\u00e9 par Wolfgang Stein, \u00e0 l\u2019initiative de la sculpteur et artiste de Monaco, <a href=\"https:\/\/www.annachromy.com\/anna-chromy\/\">Anna Chromy<\/a>.<\/p>\n<p>Ce prix existe depuis 2009 et il est remis \u00e0 des personnalit\u00e9s publiques qui apportent une contribution personnelle au renforcement et \u00e0 la pr\u00e9servation de la paix dans le monde.<\/p>\n<p>La liste des r\u00e9cipiendaires du \u00ab\u00a0CHROMY AWARD\u00a0\u00bb a \u00e9t\u00e9 compl\u00e9t\u00e9e chaque ann\u00e9e, par des personnalit\u00e9s comme Albert II (prince de Monaco), initiateur de la fondation de pr\u00e9servation de l\u2019environnement\u00a0; Bertrand Piccard et Andr\u00e9 Borschberg, les cr\u00e9ateurs du premier avion solaire au monde\u00a0; Tony Juniper, directeur des questions li\u00e9es au d\u00e9veloppement durable d\u2019un grand nombre de fonds, cr\u00e9\u00e9s par le prince Charles de Galles\u00a0; Allain Bougrain-Dubourg, pr\u00e9sident de la Ligue fran\u00e7aise de la protection des oiseaux\u00a0; Philippe Pozzo di Borgo, auteur du best-seller \u00ab\u00a0Le Second souffle\u00a0\u00bb, qui a inspir\u00e9 le film \u00ab\u00a0Intouchables\u00a0\u00bb.<\/p>\n<p>&nbsp;<\/p>","protected":false},"excerpt":{"rendered":"<p>D\u00e9sol\u00e9, cet article est seulement disponible en Russe.<\/p>\n","protected":false},"author":2,"featured_media":212882,"comment_status":"open","ping_status":"open","sticky":false,"template":"","format":"standard","meta":[],"categories":[5],"tags":[],"aioseo_notices":[],"_links":{"self":[{"href":"https:\/\/rusoch.fr\/fr\/wp-json\/wp\/v2\/posts\/212880"}],"collection":[{"href":"https:\/\/rusoch.fr\/fr\/wp-json\/wp\/v2\/posts"}],"about":[{"href":"https:\/\/rusoch.fr\/fr\/wp-json\/wp\/v2\/types\/post"}],"author":[{"embeddable":true,"href":"https:\/\/rusoch.fr\/fr\/wp-json\/wp\/v2\/users\/2"}],"replies":[{"embeddable":true,"href":"https:\/\/rusoch.fr\/fr\/wp-json\/wp\/v2\/comments?post=212880"}],"version-history":[{"count":3,"href":"https:\/\/rusoch.fr\/fr\/wp-json\/wp\/v2\/posts\/212880\/revisions"}],"predecessor-version":[{"id":213001,"href":"https:\/\/rusoch.fr\/fr\/wp-json\/wp\/v2\/posts\/212880\/revisions\/213001"}],"wp:featuredmedia":[{"embeddable":true,"href":"https:\/\/rusoch.fr\/fr\/wp-json\/wp\/v2\/media\/212882"}],"wp:attachment":[{"href":"https:\/\/rusoch.fr\/fr\/wp-json\/wp\/v2\/media?parent=212880"}],"wp:term":[{"taxonomy":"category","embeddable":true,"href":"https:\/\/rusoch.fr\/fr\/wp-json\/wp\/v2\/categories?post=212880"},{"taxonomy":"post_tag","embeddable":true,"href":"https:\/\/rusoch.fr\/fr\/wp-json\/wp\/v2\/tags?post=212880"}],"curies":[{"name":"wp","href":"https:\/\/api.w.org\/{rel}","templated":true}]}}