{"id":212930,"date":"2018-01-31T00:18:23","date_gmt":"2018-01-30T23:18:23","guid":{"rendered":"http:\/\/rusoch.fr\/?p=212930"},"modified":"2018-01-31T17:01:39","modified_gmt":"2018-01-31T16:01:39","slug":"k-75-letiyu-stalingradskoj-bitvy-vystavki-lektsiya-kontsert","status":"publish","type":"post","link":"https:\/\/rusoch.fr\/fr\/tour\/k-75-letiyu-stalingradskoj-bitvy-vystavki-lektsiya-kontsert.html","title":{"rendered":"Stalingrad dans le destin de la France"},"content":{"rendered":"<p><strong>Du 6 au 25 f\u00e9vrier, une s\u00e9rie d\u2019\u00e9v\u00e9nements d\u00e9di\u00e9s au 75<sup>e<\/sup> anniversaire de la victoire de la bataille de Stalingrad se d\u00e9roulera au Centre spirituel et culturel orthodoxe russe \u00e0 Paris.<\/strong><\/p>\n<p><!--more--><\/p>\n<p><a href=\"http:\/\/rusoch.fr\/files\/2018\/01\/Stalingrad-v-sudbe-Frantsii.jpg\"><img loading=\"lazy\" class=\"alignnone size-large wp-image-212931\" src=\"http:\/\/rusoch.fr\/files\/2018\/01\/Stalingrad-v-sudbe-Frantsii-283x400.jpg\" alt=\"\" width=\"283\" height=\"400\" srcset=\"https:\/\/rusoch.fr\/files\/2018\/01\/Stalingrad-v-sudbe-Frantsii-283x400.jpg 283w, https:\/\/rusoch.fr\/files\/2018\/01\/Stalingrad-v-sudbe-Frantsii-268x379.jpg 268w, https:\/\/rusoch.fr\/files\/2018\/01\/Stalingrad-v-sudbe-Frantsii-768x1086.jpg 768w, https:\/\/rusoch.fr\/files\/2018\/01\/Stalingrad-v-sudbe-Frantsii-600x848.jpg 600w, https:\/\/rusoch.fr\/files\/2018\/01\/Stalingrad-v-sudbe-Frantsii.jpg 1000w\" sizes=\"(max-width: 283px) 100vw, 283px\" \/><\/a><\/p>\n<p><strong>L\u2019exposition \u00ab\u00a0Stalingrad, appel au monde entier\u00a0\u00bb<\/strong><\/p>\n<p>Les cr\u00e9ateurs de l\u2019exposition se sont donn\u00e9s l\u2019objectif de raconter l\u2019histoire de cette grande bataille, qui t\u00e9moigne au monde entier de l\u2019h\u00e9ro\u00efsme et de l\u2019abn\u00e9gation des soldats sovi\u00e9tiques, en rappelant dans le m\u00eame temps la trag\u00e9die de la guerre, les dures \u00e9preuves, les drames, ainsi que le danger du militarisme et du nazisme.<\/p>\n<p>Une partie de l\u2019exposition est d\u00e9di\u00e9e \u00e0 l\u2019occupation en France par la 6<sup>e<\/sup> arm\u00e9e allemande, \u00e0 l\u2019influence de la victoire \u00e0 Stalingrad sur le renforcement de la R\u00e9sistance en France, \u00e0 la participation de l\u2019escadrille Normandie-Niemen dans la lutte contre les troupes fascistes allemandes en URSS.<\/p>\n<p>L\u2019exposition regorge de documents, d\u2019affiches, de cartes, de photographies de personnes, notamment d\u2019hommes d\u2019Etat fran\u00e7ais \u00e9minents ayant visit\u00e9 la ville de Stalingrad (aujourd\u2019hui appel\u00e9e Volgograd), tels que <strong>Charles de Gaulle<\/strong> en 1944 et 1966 ou <strong>Fran\u00e7ois Mitterrand<\/strong> en 1984.<\/p>\n<p><strong>Le projet \u00ab\u00a0Stalingrad, dans le destin de la France\u00a0\u00bb<\/strong><\/p>\n<p>Ce projet est le travail d\u2019auteur des participants \u00e0 l\u2019organisation \u00e0 but non lucratif \u00ab\u00a0La bataille de Stalingrad\u00a0\u00bb. L\u2019exposition se compose de 25 stands. La bataille de Stalingrad est au centre de l\u2019exposition, en tant qu\u2019\u00e9v\u00e9nement marquant et ph\u00e9nom\u00e8ne historique et culturel dans le contexte de l\u2019histoire de la France et des relations franco-russes pendant les ann\u00e9es de guerre et d\u2019apr\u00e8s-guerre.<\/p>\n<blockquote>\n<p>Dans le cadre de ce projet, la fondation a trouv\u00e9 92 villes o\u00f9 l\u2019exploit de Stalingrad a \u00e9t\u00e9 immortalis\u00e9 \u00e0 travers des noms de rues, de places, de parcs, etc.<\/p>\n<\/blockquote>\n<p>&nbsp;<\/p>\n<p><strong>Conf\u00e9rence &laquo;STALINGRAD: \u00c9V\u00c9NEMENT, IMPORTANCE, SYMBOLE&raquo;<\/strong><\/p>\n<p><strong>Le\u00a06 f\u00e9vrier 2018 \u00e0 19h 00<\/strong><\/p>\n<p><a href=\"http:\/\/rusoch.fr\/files\/2018\/01\/Afisha-lektsiya.jpg\"><img loading=\"lazy\" class=\"alignnone size-large wp-image-212933\" src=\"http:\/\/rusoch.fr\/files\/2018\/01\/Afisha-lektsiya-565x400.jpg\" alt=\"\" width=\"565\" height=\"400\" srcset=\"https:\/\/rusoch.fr\/files\/2018\/01\/Afisha-lektsiya-565x400.jpg 565w, https:\/\/rusoch.fr\/files\/2018\/01\/Afisha-lektsiya-536x379.jpg 536w, https:\/\/rusoch.fr\/files\/2018\/01\/Afisha-lektsiya-768x543.jpg 768w, https:\/\/rusoch.fr\/files\/2018\/01\/Afisha-lektsiya-600x424.jpg 600w, https:\/\/rusoch.fr\/files\/2018\/01\/Afisha-lektsiya.jpg 1753w\" sizes=\"(max-width: 565px) 100vw, 565px\" \/><\/a><\/p>\n<p>Conf\u00e9rencier&nbsp;&mdash; Belov Dmitry Alexandrovich, Candidat des sciences historiques, Pr\u00e9sident de la Fondation internationale de bienfaisance &laquo;La bataille de Stalingrad&raquo;<\/p>\n<p>Auteur de 60 publications scientifiques sur l&#39;histoire de la bataille de Stalingrad.<\/p>\n<p>Conf\u00e9rence en russe. Amphith\u00e9\u00e2tre du Centre spirituel et culturel orthodoxe russe \u00e0 Paris<\/p>\n<p>Veuillez envoyer vos questions par e-mail: <a href=\"mailto:stalingradfund@mail.ru\"><strong>stalingradfund@mail.ru<\/strong><\/a><\/p>\n<p>L\u2019inscription est obligatoire par e-mail: <a href=\"mailto:ambrusbranly@mail.ru\"><strong>ambrusbranly@mail.ru<\/strong><\/a><\/p>\n<p>&nbsp;<\/p>\n<p><strong>Le 9 f\u00e9vrier \u00e0 19h30 aura lieu le concert de l\u2019artiste de l\u2019UNESCO pour la paix par Serguey Markarov et ses \u00e9l\u00e8ves.<\/strong><\/p>\n<p><a href=\"http:\/\/rusoch.fr\/files\/2018\/01\/Afisha-Markarov.jpg\"><img loading=\"lazy\" class=\"alignnone size-large wp-image-212934\" src=\"http:\/\/rusoch.fr\/files\/2018\/01\/Afisha-Markarov-283x400.jpg\" alt=\"\" width=\"283\" height=\"400\" srcset=\"https:\/\/rusoch.fr\/files\/2018\/01\/Afisha-Markarov-283x400.jpg 283w, https:\/\/rusoch.fr\/files\/2018\/01\/Afisha-Markarov-268x379.jpg 268w, https:\/\/rusoch.fr\/files\/2018\/01\/Afisha-Markarov-768x1086.jpg 768w, https:\/\/rusoch.fr\/files\/2018\/01\/Afisha-Markarov-600x849.jpg 600w\" sizes=\"(max-width: 283px) 100vw, 283px\" \/><\/a><\/p>\n<p>Au programme, les \u0153uvres de Schumann, Tcha\u00efkovsky, Rachmaninov, Ravel, Chopin, Shchedrin, Polezhayev.<\/p>\n<p>Inscription obligatoire par email\u00a0: <a href=\"mailto:ambrusbranly@mail.ru\"><strong>ambrusbranly@mail.ru<\/strong><\/a><\/p>\n<p>&nbsp;<\/p>\n<p><em>Adresse du Centre spirituel et culturel orthodoxe russe\u00a0: 1, Quai Branly 75007 Paris<\/em><\/p>\n<p>&nbsp;<\/p>","protected":false},"excerpt":{"rendered":"<p>D\u00e9sol\u00e9, cet article est seulement disponible en Russe.<\/p>\n","protected":false},"author":2,"featured_media":212932,"comment_status":"open","ping_status":"open","sticky":false,"template":"","format":"standard","meta":[],"categories":[7],"tags":[565,579,2915,3133],"aioseo_notices":[],"_links":{"self":[{"href":"https:\/\/rusoch.fr\/fr\/wp-json\/wp\/v2\/posts\/212930"}],"collection":[{"href":"https:\/\/rusoch.fr\/fr\/wp-json\/wp\/v2\/posts"}],"about":[{"href":"https:\/\/rusoch.fr\/fr\/wp-json\/wp\/v2\/types\/post"}],"author":[{"embeddable":true,"href":"https:\/\/rusoch.fr\/fr\/wp-json\/wp\/v2\/users\/2"}],"replies":[{"embeddable":true,"href":"https:\/\/rusoch.fr\/fr\/wp-json\/wp\/v2\/comments?post=212930"}],"version-history":[{"count":1,"href":"https:\/\/rusoch.fr\/fr\/wp-json\/wp\/v2\/posts\/212930\/revisions"}],"predecessor-version":[{"id":212952,"href":"https:\/\/rusoch.fr\/fr\/wp-json\/wp\/v2\/posts\/212930\/revisions\/212952"}],"wp:featuredmedia":[{"embeddable":true,"href":"https:\/\/rusoch.fr\/fr\/wp-json\/wp\/v2\/media\/212932"}],"wp:attachment":[{"href":"https:\/\/rusoch.fr\/fr\/wp-json\/wp\/v2\/media?parent=212930"}],"wp:term":[{"taxonomy":"category","embeddable":true,"href":"https:\/\/rusoch.fr\/fr\/wp-json\/wp\/v2\/categories?post=212930"},{"taxonomy":"post_tag","embeddable":true,"href":"https:\/\/rusoch.fr\/fr\/wp-json\/wp\/v2\/tags?post=212930"}],"curies":[{"name":"wp","href":"https:\/\/api.w.org\/{rel}","templated":true}]}}