{"id":212953,"date":"2018-02-03T00:14:14","date_gmt":"2018-02-02T23:14:14","guid":{"rendered":"http:\/\/rusoch.fr\/?p=212953"},"modified":"2018-02-01T19:42:14","modified_gmt":"2018-02-01T18:42:14","slug":"stoletie-okonchaniya-pervoj-mirovoj-vojny-otmetyat-vo-frantsii","status":"publish","type":"post","link":"https:\/\/rusoch.fr\/fr\/politique\/stoletie-okonchaniya-pervoj-mirovoj-vojny-otmetyat-vo-frantsii.html","title":{"rendered":"Le centenaire de l\u2019armistice de la Premi\u00e8re guerre mondiale sera comm\u00e9mor\u00e9 en France"},"content":{"rendered":"<p>Inviter les dirigeants des Etats et des gouvernements, eux aussi ayant pris part \u00e0 cette guerre, fut une d\u00e9cision prise l\u2019ann\u00e9e derni\u00e8re par le pr\u00e9sident Macron, lors de l\u2019ouverture du m\u00e9morial de la guerre franco-allemande \u00e0 Hartmannswillerkopf, o\u00f9, tout au long des ann\u00e9es 1915&mdash;1918, il y eut des batailles entre les troupes fran\u00e7aises et allemandes, avec des pertes humaines consid\u00e9rables.<!--more--><\/p>\n<p>&nbsp;<\/p>\n<p><div id=\"attachment_212954\" style=\"width: 607px\" class=\"wp-caption alignnone\"><a href=\"http:\/\/rusoch.fr\/files\/2018\/01\/Capture-d-e-cran-2017-11-13-a-07.29.04.png\"><img aria-describedby=\"caption-attachment-212954\" loading=\"lazy\" class=\"wp-image-212954 size-large\" src=\"http:\/\/rusoch.fr\/files\/2018\/01\/Capture-d-e-cran-2017-11-13-a-07.29.04-597x400.png\" alt=\"\" width=\"597\" height=\"400\" srcset=\"https:\/\/rusoch.fr\/files\/2018\/01\/Capture-d-e-cran-2017-11-13-a-07.29.04-597x400.png 597w, https:\/\/rusoch.fr\/files\/2018\/01\/Capture-d-e-cran-2017-11-13-a-07.29.04-565x379.png 565w, https:\/\/rusoch.fr\/files\/2018\/01\/Capture-d-e-cran-2017-11-13-a-07.29.04-768x515.png 768w, https:\/\/rusoch.fr\/files\/2018\/01\/Capture-d-e-cran-2017-11-13-a-07.29.04-600x402.png 600w, https:\/\/rusoch.fr\/files\/2018\/01\/Capture-d-e-cran-2017-11-13-a-07.29.04.png 1283w\" sizes=\"(max-width: 597px) 100vw, 597px\" \/><\/a><p id=\"caption-attachment-212954\" class=\"wp-caption-text\">Photo: Boris Guessel<\/p><\/div><\/p>\n<p>Seul le nombre de soldats morts se recense d\u00e9j\u00e0 aux alentours de 30\u00a0000, quand \u00e0 celui des mutil\u00e9s, il reste toujours inconnu. Officiellement, au d\u00e9but de cette nouvelle ann\u00e9e, lors de l\u2019un de ses discours devant les diplomates du palais de l\u2019Elys\u00e9e, Macron annon\u00e7a les invitations \u00e0 la c\u00e9r\u00e9monie d\u2019un peu plus de 80 chefs d\u2019Etat et de gouvernement, soulignant que se souvenir de la Premi\u00e8re guerre mondiale est le \u00ab\u00a0devoir moral\u00a0\u00bb de chacun.<\/p>\n<p><strong>Pourquoi la France\u00a0?<\/strong><\/p>\n<p>C\u2019est ici, non loin de la ville de Compi\u00e8gne, que le <strong>11 novembre 1918<\/strong>, fut sign\u00e9 l\u2019accord sur la cessation des hostilit\u00e9s, soit l\u2019armistice de Compi\u00e8gne. Depuis, annuellement, ce jour est c\u00e9l\u00e9br\u00e9 par la R\u00e9publique comme \u00ab\u00a0Le jour de l\u2019armistice\u00a0\u00bb, et dans toutes les villes sont organis\u00e9es des comm\u00e9morations, avec une pose de fleurs aux monuments aux morts.<\/p>\n<p>Le trait\u00e9 de Versailles, sign\u00e9 au Palais de Versailles le 28 juin 1919, a officiellement mis fin \u00e0 la Premi\u00e8re guerre mondiale, devenu le premier conflit international du XX\u00e8me si\u00e8cle, et qui a conduit \u00e0 l\u2019effondrement d\u2019empires puissants et fut \u00e0 l\u2019origine des r\u00e9volutions populaires.<\/p>\n<p><strong>34 pays ont pris part \u00e0 cette guerre\u00a0<\/strong>avec la participation de plus d\u2019un milliard de personnes. La population mondiale, elle, au d\u00e9but du XX\u00e8me si\u00e8cle se d\u00e9nombre \u00e0 environ 1,6 milliard.<\/p>\n<p>Pendant 4 ans, les interventions militaires \u00e9taient men\u00e9es sur le territoire de 14 Etats.<\/p>\n<blockquote>\n<p>En tout, les pays participants ont mobilis\u00e9s plus de 70 millions d\u2019hommes, dont 10 millions p\u00e9rirent, et 20 millions encore rest\u00e8rent mutil\u00e9s. Sont morts pr\u00e8s de 12 millions de civils. La faim et les \u00e9pid\u00e9mies, qu\u2019on suivit la guerre, ont \u00f4t\u00e9s la vie \u00e0 20 millions de personnes au moins.<\/p>\n<\/blockquote>\n<p>Ce fut pour la premi\u00e8re fois qu\u2019une guerre tua plus que la maladie.<\/p>\n<p>Chaque minute, elle emportait la vie de quatre soldats, et neufs \u00e9taient bless\u00e9es. Deux tiers des d\u00e9c\u00e8s survenaient lors des combats, et un tiers de toutes les victimes de la guerre moururent \u00e0 cause de la grippe espagnole.<\/p>\n<p>Mais la guerre n\u2019entraine pas seulement la mort, c\u2019est aussi des pertes mat\u00e9rielles repr\u00e9sentant 208 milliards de dollars pendant la Premi\u00e8re guerre mondiale, et d\u00e9passant de 12 fois les r\u00e9serves d\u2019or des pays europ\u00e9ens. Le tiers de la richesse nationale de l\u2019Europe fut d\u00e9truite.<\/p>\n<p><strong>La France, avant la Premi\u00e8re guerre mondiale, \u00e9tait le pays poss\u00e9dant la plus grande arm\u00e9e, avec plus de 884 mille combattants. <\/strong><\/p>\n<p>Apr\u00e8s la mobilisation, les soldats se d\u00e9comptaient \u00e0 presque 4 millions. En somme, durant toute la guerre il y eut 6\u00a0800\u00a0000 hommes mobilis\u00e9s, sans oublier que la population de la R\u00e9publique fran\u00e7aise en 1914 \u00e9tait constitu\u00e9e de 40 millions d\u2019habitants. P\u00e9rirent 1\u00a0293\u00a0464 personnes, des 19 millions d\u2019hommes du pays. Presque 3 millions \u00e9taient bless\u00e9s.<\/p>\n<p>Eux tous, sont des h\u00e9ros de cette guerre terrible, et c\u2019est au co\u00fbt de leurs vies qu\u2019ils r\u00e9ussirent \u00e0 torpiller le plan de Schlieffen, se r\u00e9sumant au principe de guerre simultan\u00e9e avec seulement un adversaire et une division sur deux fronts.<\/p>\n<p>D\u00e9clarant la guerre, avec une diff\u00e9rence de deux jours, d\u2019abord \u00e0 la Russie, puis \u00e0 la France, l\u2019Allemagne comptait sur la lenteur de la Russie dans la mobilisation et le transfert de ses troupes arm\u00e9es. L\u2019Allemagne planifia que la France capitulerait dans le premier mois suivant la guerre, et supposait qu\u2019elle pourrait ainsi utiliser l\u2019arm\u00e9e fran\u00e7aise contre l\u2019Empire russe. Le propos du Kaiser Wilhelm II est bien connu: \u00ab\u00a0Nous d\u00e9jeunerons \u00e0 Paris, et dinerons \u00e0 Saint-P\u00e9tersbourg\u00a0\u00bb (\u00ab\u00a0Paris for lunch, dinner at St. Petersburg\u00a0\u00bb).<\/p>\n<p>Les troupes allemandes avan\u00e7aient rapidement sur le territoire de la R\u00e9publique dans la direction de Paris. Cependant, l&#39;arm\u00e9e fran\u00e7aise, de plus en plus en retraite, montra une r\u00e9sistance obstin\u00e9e, ce qui emp\u00eachait l\u2019Allemagne \u00e0 concentrer ses troupes sur un emplacement du front de poids strat\u00e9gique. Surtout, lors du point d\u2019offensive le plus culminent, elle dut transf\u00e9rer une partie de ses escadrons sur le front de l\u2019Est, car l\u2019arm\u00e9e russe commen\u00e7ait des op\u00e9rations d\u2019offensives dans la Prusse Orientale.<\/p>\n<p>L\u2019Histoire ne poss\u00e8de pas de mode conditionnel, mais le d\u00e9nouement de la guerre aurait pu \u00eatre tout autre, surtout pour la France, sans l\u2019ouverture du front russe \u00e0 l\u2019Est.<\/p>\n<blockquote>\n<p>La Russie mobilisa plus de 15 millions de soldats pendant la Premi\u00e8re guerre mondiale, ce qui en fit la plus grande arm\u00e9e de cette guerre. Plus de \u00be des soldats, soient, p\u00e9rirent, furent bless\u00e9, fait prisonniers ou port\u00e9s disparu.<\/p>\n<\/blockquote>\n<p>Les contre-mesures des pays de l&#39;Entente, comme les op\u00e9rations de la<a href=\"https:\/\/fr.wikipedia.org\/wiki\/Bataille_de_la_Marne_(1914)\"> \u00ab<u>Bataille de la Marne<\/u>\u00bb<\/a>, ou celle de \u00abla course \u00e0 la mer\u00bb, en y ajoutant\u00a0l&#39;offensive de l&#39;arm\u00e9e russe en Prusse-Orientale\u00a0contribu\u00e8rent \u00e0 affaiblirent l&#39;assaut des forces allemandes sur Paris. Le plan Allemand de la d\u00e9faite fulgurante de la France, \u00e9choua, la guerre devient de position et s\u2019\u00e9tira sur plusieurs ann\u00e9es.<\/p>\n<blockquote>\n<p>Depuis 1916, la R\u00e9publique fran\u00e7aise \u00e9tait d\u00e9fendue par des soldats et des officiers du corps exp\u00e9ditionnaire russe<\/p>\n<\/blockquote>\n<p>Tous ont fait preuve de courage et de d\u00e9vouement, beaucoup sont morts, et la plupart des corps n&#39;ont jamais \u00e9t\u00e9 retrouv\u00e9s.<\/p>\n<p><strong>Le prix de la paix fut le nombre consid\u00e9rable de victimes et de sang \u00e9coul\u00e9<\/strong><\/p>\n<p>La France envisage de c\u00e9l\u00e9brer solennellement la date m\u00e9morable de la fin de la Premi\u00e8re Guerre mondiale.<\/p>\n<p>Il est bon d\u2019esp\u00e9rer que la c\u00e9r\u00e9monie comm\u00e9morative contribuera \u00e0 renforcer les relations amicales dans le monde, entre l&#39;Europe et la Russie, entre la France et la Russie, malgr\u00e9 la p\u00e9riode de sanctions.<\/p>\n<p>Ceux qui tomb\u00e8rent au combat pendant la Premi\u00e8re guerre mondiale, ont donn\u00e9 leur vie pour que nous puissions vivre en paix, pour que nous n\u2019investissions non pas dans l\u2019industrie militaire, mais dans la recherche, dans l\u2019innovation, dans les nouvelles technologies, la science\u2026 ce qui devrait devenir le fondement des relations futures.<\/p>\n<p>&nbsp;<\/p>\n<p><strong>Sur le m\u00eame sujet:<\/strong><\/p>\n<blockquote class=\"wp-embedded-content\" data-secret=\"3rO63kEjVY\">\n<p><a href=\"http:\/\/rusoch.fr\/mond\/20955.html\">\u041d\u0435\u0437\u0430\u0431\u044b\u0442\u0430\u044f \u0432\u043e\u0439\u043d\u0430 | Une guerre pas oubli\u00e9e<\/a><\/p>\n<\/blockquote>\n<p><iframe class=\"wp-embedded-content\" sandbox=\"allow-scripts\" security=\"restricted\" style=\"position: absolute; clip: rect(1px, 1px, 1px, 1px);\" src=\"http:\/\/rusoch.fr\/mond\/20955.html\/embed#?secret=3rO63kEjVY\" data-secret=\"3rO63kEjVY\" width=\"600\" height=\"338\" title=\"\u00ab\u041d\u0435\u0437\u0430\u0431\u044b\u0442\u0430\u044f \u0432\u043e\u0439\u043d\u0430 | Une guerre pas oubli\u00e9e\u00bb &#8212; \u0420\u0443\u0441\u0441\u043a\u0438\u0439 \u043e\u0447\u0435\u0432\u0438\u0434\u0435\u0446 | L\u2019Observateur Russe\" frameborder=\"0\" marginwidth=\"0\" marginheight=\"0\" scrolling=\"no\"><\/iframe><\/p>\n<blockquote class=\"wp-embedded-content\" data-secret=\"j4od4kZH0Q\">\n<p><a href=\"http:\/\/rusoch.fr\/events\/moj-ded-voeval-vo-francii.html\">\u041c\u043e\u0439 \u0434\u0435\u0434 \u0432\u043e\u0435\u0432\u0430\u043b \u0432\u043e \u0424\u0440\u0430\u043d\u0446\u0438\u0438 | Mon grand-p\u00e8re a combattu en France<\/a><\/p>\n<\/blockquote>\n<p><iframe class=\"wp-embedded-content\" sandbox=\"allow-scripts\" security=\"restricted\" style=\"position: absolute; clip: rect(1px, 1px, 1px, 1px);\" src=\"http:\/\/rusoch.fr\/events\/moj-ded-voeval-vo-francii.html\/embed#?secret=j4od4kZH0Q\" data-secret=\"j4od4kZH0Q\" width=\"600\" height=\"338\" title=\"\u00ab\u041c\u043e\u0439 \u0434\u0435\u0434 \u0432\u043e\u0435\u0432\u0430\u043b \u0432\u043e \u0424\u0440\u0430\u043d\u0446\u0438\u0438 | Mon grand-p\u00e8re a combattu en France\u00bb &#8212; \u0420\u0443\u0441\u0441\u043a\u0438\u0439 \u043e\u0447\u0435\u0432\u0438\u0434\u0435\u0446 | L\u2019Observateur Russe\" frameborder=\"0\" marginwidth=\"0\" marginheight=\"0\" scrolling=\"no\"><\/iframe><\/p>\n<blockquote class=\"wp-embedded-content\" data-secret=\"BbPAtnLeCz\">\n<p><a href=\"http:\/\/rusoch.fr\/events\/zabytaya-vojna.html\">\u0417\u0430\u0431\u044b\u0442\u0430\u044f \u0432\u043e\u0439\u043d\u0430 |La Guerre oubli\u00e9e<\/a><\/p>\n<\/blockquote>\n<p><iframe class=\"wp-embedded-content\" sandbox=\"allow-scripts\" security=\"restricted\" style=\"position: absolute; clip: rect(1px, 1px, 1px, 1px);\" src=\"http:\/\/rusoch.fr\/events\/zabytaya-vojna.html\/embed#?secret=BbPAtnLeCz\" data-secret=\"BbPAtnLeCz\" width=\"600\" height=\"338\" title=\"\u00ab\u0417\u0430\u0431\u044b\u0442\u0430\u044f \u0432\u043e\u0439\u043d\u0430 |La Guerre oubli\u00e9e\u00bb &#8212; \u0420\u0443\u0441\u0441\u043a\u0438\u0439 \u043e\u0447\u0435\u0432\u0438\u0434\u0435\u0446 | L\u2019Observateur Russe\" frameborder=\"0\" marginwidth=\"0\" marginheight=\"0\" scrolling=\"no\"><\/iframe><\/p>\n<blockquote class=\"wp-embedded-content\" data-secret=\"Zj8llUyhR3\">\n<p><a href=\"http:\/\/rusoch.fr\/mond\/na-troicu-v-murmelon.html\">\u041d\u0430 \u0422\u0440\u043e\u0438\u0446\u0443 \u0432 \u041c\u0443\u0440\u043c\u0435\u043b\u043e\u043d | Pentec\u00f4te \u00e0 Mourmelon<\/a><\/p>\n<\/blockquote>\n<p><iframe class=\"wp-embedded-content\" sandbox=\"allow-scripts\" security=\"restricted\" style=\"position: absolute; clip: rect(1px, 1px, 1px, 1px);\" src=\"http:\/\/rusoch.fr\/mond\/na-troicu-v-murmelon.html\/embed#?secret=Zj8llUyhR3\" data-secret=\"Zj8llUyhR3\" width=\"600\" height=\"338\" title=\"\u00ab\u041d\u0430 \u0422\u0440\u043e\u0438\u0446\u0443 \u0432 \u041c\u0443\u0440\u043c\u0435\u043b\u043e\u043d | Pentec\u00f4te \u00e0 Mourmelon\u00bb &#8212; \u0420\u0443\u0441\u0441\u043a\u0438\u0439 \u043e\u0447\u0435\u0432\u0438\u0434\u0435\u0446 | L\u2019Observateur Russe\" frameborder=\"0\" marginwidth=\"0\" marginheight=\"0\" scrolling=\"no\"><\/iframe><\/p>\n<blockquote class=\"wp-embedded-content\" data-secret=\"RQBsjIBsSZ\">\n<p><a href=\"http:\/\/rusoch.fr\/tour\/muzyka-silnee-vojny.html\">\u041c\u0443\u0437\u044b\u043a\u0430 \u0432 \u0442\u0440\u0430\u043d\u0448\u0435\u044f\u0445 \u041f\u0435\u0440\u0432\u043e\u0439 \u043c\u0438\u0440\u043e\u0432\u043e\u0439 | Musique dans les tranch\u00e9es de la Grande Guerre<\/a><\/p>\n<\/blockquote>\n<p><iframe class=\"wp-embedded-content\" sandbox=\"allow-scripts\" security=\"restricted\" style=\"position: absolute; clip: rect(1px, 1px, 1px, 1px);\" src=\"http:\/\/rusoch.fr\/tour\/muzyka-silnee-vojny.html\/embed#?secret=RQBsjIBsSZ\" data-secret=\"RQBsjIBsSZ\" width=\"600\" height=\"338\" title=\"\u00ab\u041c\u0443\u0437\u044b\u043a\u0430 \u0432 \u0442\u0440\u0430\u043d\u0448\u0435\u044f\u0445 \u041f\u0435\u0440\u0432\u043e\u0439 \u043c\u0438\u0440\u043e\u0432\u043e\u0439 | Musique dans les tranch\u00e9es de la Grande Guerre\u00bb &#8212; \u0420\u0443\u0441\u0441\u043a\u0438\u0439 \u043e\u0447\u0435\u0432\u0438\u0434\u0435\u0446 | L\u2019Observateur Russe\" frameborder=\"0\" marginwidth=\"0\" marginheight=\"0\" scrolling=\"no\"><\/iframe><\/p>\n<blockquote class=\"wp-embedded-content\" data-secret=\"nzdut5kqcB\">\n<p><a href=\"http:\/\/rusoch.fr\/tour\/k-99-letiyu-so-dnya-okonchaniya-pervoj-mirovoj-vojny.html\">Le 99-\u00e8me anniversaire de la fin de la Premi\u00e8re Guerre mondiale<\/a><\/p>\n<\/blockquote>\n<p><iframe class=\"wp-embedded-content\" sandbox=\"allow-scripts\" security=\"restricted\" style=\"position: absolute; clip: rect(1px, 1px, 1px, 1px);\" src=\"http:\/\/rusoch.fr\/tour\/k-99-letiyu-so-dnya-okonchaniya-pervoj-mirovoj-vojny.html\/embed#?secret=nzdut5kqcB\" data-secret=\"nzdut5kqcB\" width=\"600\" height=\"338\" title=\"\u00abLe 99-\u00e8me anniversaire de la fin de la Premi\u00e8re Guerre mondiale\u00bb &#8212; \u0420\u0443\u0441\u0441\u043a\u0438\u0439 \u043e\u0447\u0435\u0432\u0438\u0434\u0435\u0446 | L\u2019Observateur Russe\" frameborder=\"0\" marginwidth=\"0\" marginheight=\"0\" scrolling=\"no\"><\/iframe><\/p>\n<blockquote class=\"wp-embedded-content\" data-secret=\"uGOGQryc3Q\">\n<p><a href=\"http:\/\/rusoch.fr\/mond\/11-noyabrya-vo-francii-prazdnik.html\">11 \u043d\u043e\u044f\u0431\u0440\u044f \u0432\u043e \u0424\u0440\u0430\u043d\u0446\u0438\u0438 \u043f\u0440\u0430\u0437\u0434\u043d\u0438\u043a|Le 11 novembre, jour de f\u00eate en France<\/a><\/p>\n<\/blockquote>\n<p><iframe class=\"wp-embedded-content\" sandbox=\"allow-scripts\" security=\"restricted\" style=\"position: absolute; clip: rect(1px, 1px, 1px, 1px);\" src=\"http:\/\/rusoch.fr\/mond\/11-noyabrya-vo-francii-prazdnik.html\/embed#?secret=uGOGQryc3Q\" data-secret=\"uGOGQryc3Q\" width=\"600\" height=\"338\" title=\"\u00ab11 \u043d\u043e\u044f\u0431\u0440\u044f \u0432\u043e \u0424\u0440\u0430\u043d\u0446\u0438\u0438 \u043f\u0440\u0430\u0437\u0434\u043d\u0438\u043a|Le 11 novembre, jour de f\u00eate en France\u00bb &#8212; \u0420\u0443\u0441\u0441\u043a\u0438\u0439 \u043e\u0447\u0435\u0432\u0438\u0434\u0435\u0446 | L\u2019Observateur Russe\" frameborder=\"0\" marginwidth=\"0\" marginheight=\"0\" scrolling=\"no\"><\/iframe><\/p>\n<blockquote class=\"wp-embedded-content\" data-secret=\"ofpGp0l3NU\">\n<p><a href=\"http:\/\/rusoch.fr\/tour\/pamyatnik-russkomu-ekspedicionnomu-korpusu-otkryli-v-shampan-ardenny.html\">\u041f\u0430\u043c\u044f\u0442\u043d\u0438\u043a \u0420\u0443\u0441\u0441\u043a\u043e\u043c\u0443 \u044d\u043a\u0441\u043f\u0435\u0434\u0438\u0446\u0438\u043e\u043d\u043d\u043e\u043c\u0443 \u043a\u043e\u0440\u043f\u0443\u0441\u0443 \u043e\u0442\u043a\u0440\u044b\u043b\u0438 \u0432 \u0428\u0430\u043c\u043f\u0430\u043d\u044c-\u0410\u0440\u0434\u0435\u043d\u043d\u044b|Inauguration d\u2019une statue d\u00e9di\u00e9e au Corps Exp\u00e9ditionnaire Russe en Champagne-Ardenne<\/a><\/p>\n<\/blockquote>\n<p><iframe class=\"wp-embedded-content\" sandbox=\"allow-scripts\" security=\"restricted\" style=\"position: absolute; clip: rect(1px, 1px, 1px, 1px);\" src=\"http:\/\/rusoch.fr\/tour\/pamyatnik-russkomu-ekspedicionnomu-korpusu-otkryli-v-shampan-ardenny.html\/embed#?secret=ofpGp0l3NU\" data-secret=\"ofpGp0l3NU\" width=\"600\" height=\"338\" title=\"\u00ab\u041f\u0430\u043c\u044f\u0442\u043d\u0438\u043a \u0420\u0443\u0441\u0441\u043a\u043e\u043c\u0443 \u044d\u043a\u0441\u043f\u0435\u0434\u0438\u0446\u0438\u043e\u043d\u043d\u043e\u043c\u0443 \u043a\u043e\u0440\u043f\u0443\u0441\u0443 \u043e\u0442\u043a\u0440\u044b\u043b\u0438 \u0432 \u0428\u0430\u043c\u043f\u0430\u043d\u044c-\u0410\u0440\u0434\u0435\u043d\u043d\u044b|Inauguration d\u2019une statue d\u00e9di\u00e9e au Corps Exp\u00e9ditionnaire Russe en Champagne-Ardenne\u00bb &#8212; \u0420\u0443\u0441\u0441\u043a\u0438\u0439 \u043e\u0447\u0435\u0432\u0438\u0434\u0435\u0446 | L\u2019Observateur Russe\" frameborder=\"0\" marginwidth=\"0\" marginheight=\"0\" scrolling=\"no\"><\/iframe><\/p>\n<p>&nbsp;<\/p>\n<p>&nbsp;<\/p>\n<p>&nbsp;<\/p>","protected":false},"excerpt":{"rendered":"<p>D\u00e9sol\u00e9, cet article est seulement disponible en Russe.<\/p>\n","protected":false},"author":2,"featured_media":212955,"comment_status":"open","ping_status":"open","sticky":false,"template":"","format":"standard","meta":[],"categories":[4],"tags":[1802,1065],"aioseo_notices":[],"_links":{"self":[{"href":"https:\/\/rusoch.fr\/fr\/wp-json\/wp\/v2\/posts\/212953"}],"collection":[{"href":"https:\/\/rusoch.fr\/fr\/wp-json\/wp\/v2\/posts"}],"about":[{"href":"https:\/\/rusoch.fr\/fr\/wp-json\/wp\/v2\/types\/post"}],"author":[{"embeddable":true,"href":"https:\/\/rusoch.fr\/fr\/wp-json\/wp\/v2\/users\/2"}],"replies":[{"embeddable":true,"href":"https:\/\/rusoch.fr\/fr\/wp-json\/wp\/v2\/comments?post=212953"}],"version-history":[{"count":5,"href":"https:\/\/rusoch.fr\/fr\/wp-json\/wp\/v2\/posts\/212953\/revisions"}],"predecessor-version":[{"id":212980,"href":"https:\/\/rusoch.fr\/fr\/wp-json\/wp\/v2\/posts\/212953\/revisions\/212980"}],"wp:featuredmedia":[{"embeddable":true,"href":"https:\/\/rusoch.fr\/fr\/wp-json\/wp\/v2\/media\/212955"}],"wp:attachment":[{"href":"https:\/\/rusoch.fr\/fr\/wp-json\/wp\/v2\/media?parent=212953"}],"wp:term":[{"taxonomy":"category","embeddable":true,"href":"https:\/\/rusoch.fr\/fr\/wp-json\/wp\/v2\/categories?post=212953"},{"taxonomy":"post_tag","embeddable":true,"href":"https:\/\/rusoch.fr\/fr\/wp-json\/wp\/v2\/tags?post=212953"}],"curies":[{"name":"wp","href":"https:\/\/api.w.org\/{rel}","templated":true}]}}