{"id":213301,"date":"2018-02-27T00:50:22","date_gmt":"2018-02-26T23:50:22","guid":{"rendered":"http:\/\/rusoch.fr\/?p=213301"},"modified":"2018-03-07T21:38:49","modified_gmt":"2018-03-07T20:38:49","slug":"cheta-makron-svoj-ogorod-i-spektakli-po-chetvergam","status":"publish","type":"post","link":"https:\/\/rusoch.fr\/fr\/politique\/cheta-makron-svoj-ogorod-i-spektakli-po-chetvergam.html","title":{"rendered":"Le couple Macron: son potager et les spectacles du jeudi"},"content":{"rendered":"<p><strong>La Premi\u00e8re dame de France est adepte d&#39;un mode de vie sain et d&#39;une alimentation \u00e9quilibr\u00e9e.<\/strong><\/p>\n<p><strong>Brigitte Macron a d\u00e9cid\u00e9 de planter un potager afin que les cuisiniers du Palais de l&#39;\u00c9lys\u00e9e utilisent exclusivement des produits frais lors de la pr\u00e9paration des repas. Ceci est rapport\u00e9 par le journal Le Figaro.<\/strong><!--more--><\/p>\n<p><div id=\"attachment_213302\" style=\"width: 607px\" class=\"wp-caption alignnone\"><a href=\"http:\/\/rusoch.fr\/files\/2018\/02\/Jardin_-lys-e_depuis_le_Salon_Dor-e.jpg\"><img aria-describedby=\"caption-attachment-213302\" loading=\"lazy\" class=\"wp-image-213302 size-large\" src=\"http:\/\/rusoch.fr\/files\/2018\/02\/Jardin_-lys-e_depuis_le_Salon_Dor-e-597x400.jpg\" alt=\"\" width=\"597\" height=\"400\" srcset=\"https:\/\/rusoch.fr\/files\/2018\/02\/Jardin_-lys-e_depuis_le_Salon_Dor-e-597x400.jpg 597w, https:\/\/rusoch.fr\/files\/2018\/02\/Jardin_-lys-e_depuis_le_Salon_Dor-e-566x379.jpg 566w, https:\/\/rusoch.fr\/files\/2018\/02\/Jardin_-lys-e_depuis_le_Salon_Dor-e-768x514.jpg 768w, https:\/\/rusoch.fr\/files\/2018\/02\/Jardin_-lys-e_depuis_le_Salon_Dor-e-600x402.jpg 600w, https:\/\/rusoch.fr\/files\/2018\/02\/Jardin_-lys-e_depuis_le_Salon_Dor-e.jpg 1280w\" sizes=\"(max-width: 597px) 100vw, 597px\" \/><\/a><p id=\"caption-attachment-213302\" class=\"wp-caption-text\">Photo: wikipedia.org<\/p><\/div><\/p>\n<p>Il est connu que sa ration alimentaire journali\u00e8re comprend des fruits et l\u00e9gumes. Les di\u00e9t\u00e9ticiens estiment que le meilleur moyen de rester en bonne sant\u00e9 est d&#39;en augmenter la consommation. Ils rappellent constamment aux Fran\u00e7ais qu&#39;il est recommand\u00e9 de manger sept fruits et l\u00e9gumes par jour dont 4 l\u00e9gumes et 3 fruits.<\/p>\n<p><strong>La premi\u00e8re dame envisage d&#39;installer un potager \u00e0 la r\u00e9sidence du pr\u00e9sident la Lanterne, situ\u00e9e \u00e0 c\u00f4t\u00e9 de Versailles<\/strong><\/p>\n<p>Les fruits, l\u00e9gumes et plantes cultiv\u00e9s ici seront utilis\u00e9s pour pr\u00e9parer les repas. Sous Fran\u00e7ois Hollande un petit potager o\u00f9 \u00e9taient cultiv\u00e9es environ vingt sortes de l\u00e9gumes et d&#39;herbes aromatiques et \u00e9pic\u00e9es a \u00e9t\u00e9 install\u00e9 dans les jardins du Palais de l&#39;\u00c9lys\u00e9e.<\/p>\n<p>L&#39;exp\u00e9rience du jardinage chez les femmes des chefs d&#39;\u00e9tat est n\u00e9e aux USA en 1943 lorsque Eleanor Roosevelt a plant\u00e9 le &laquo;jardin de la victoire&raquo; montrant ainsi aux concitoyens comment on peut dans des temps difficiles assurer \u00e0 sa famille un bon repas pas cher.<\/p>\n<p>Michelle Obama a pendant quelques ann\u00e9es fait des plantages dans son jardin, promouvant une alimentation saine parmi les Am\u00e9ricains, particuli\u00e8rement parmi les enfants et les adolescents afin de leur expliquer l&#39;utilit\u00e9 d&#39;une alimentation correcte et leur montrer comment venir \u00e0 bout du probl\u00e8me tr\u00e8s r\u00e9pandu de l&#39;ob\u00e9sit\u00e9.<\/p>\n<p>Melania Trump a poursuivi la tradition et a sem\u00e9 avec les enfants du Boys and girls club des carottes, des choux, des \u00e9pinards et des oignons. Une partie de la production du jardin est utilis\u00e9e par le chef cuisinier de la Maison Blanche et l&#39;autre est donn\u00e9e aux n\u00e9cessiteux et aux sans abris.<\/p>\n<p>Brigitte Macron ne surveille pas seulement l&#39;alimentation du Palais de l&#39;\u00c9lys\u00e9e. La cha\u00eene de t\u00e9l\u00e9vision BFM TV faisant r\u00e9f\u00e9rence au service de presse de l&#39;administration pr\u00e9sidentielle informe:<\/p>\n<p><strong>Emmanuel Macron prendra part au spectacle musical &laquo;Pierre et le Loup&raquo;, \u00e9crit par le compositeur russe Sergue\u00ef Prokofiev<\/strong><\/p>\n<p>La repr\u00e9sentation se d\u00e9roulera dans une des salles du Palais de l&#39;\u00c9lys\u00e9e, le 1<sup>er <\/sup>mars, dans le cadre d&#39;une s\u00e9rie de soir\u00e9es de bienfaisance &laquo;Les jeudis de l&#39;\u00c9lys\u00e9e&raquo;.<\/p>\n<p>Brigitte est charg\u00e9e de l&#39;organisation de la soir\u00e9e, elle participe \u00e9galement \u00e0 l&#39;\u00e9laboration de la liste des invit\u00e9s. Cette fois-ci les spectateurs seront des \u00e9coliers, des enfants souffrant de diverses maladies et le personnel du Palais de l&#39;\u00c9lys\u00e9e.<\/p>\n<p>&laquo;Pierre et le Loup&raquo; est une histoire musicale racont\u00e9e par un orchestre symphonique. Chaque personnage du conte a son leitmotiv jou\u00e9 par un instrument. Par exemple, le canard est repr\u00e9sent\u00e9 par le hautbois, le grand-p\u00e8re par le basson, l&#39;oiseau par la fl\u00fbte, le chat par la clarinette. Afin que les enfants comprennent et ne se perdent pas dans la complexit\u00e9 de la musique classique il y a un texte explicatif \u00e9galement \u00e9crit par Sergue\u00ef Prokofiev.<\/p>\n<p>\u00c9videmment c&#39;est pr\u00e9cis\u00e9ment le r\u00f4le du narrateur dans le conte qu&#39; Emmanuel Macron interpr\u00e9tera. Le r\u00e9citant doit lire le texte par petits extraits, alors que l&#39;orchestre symphonique repr\u00e9sente tout ce qui est dit \u00e0 l&#39;aide d&#39;instruments, de sons musicaux. Le pr\u00e9sident malgr\u00e9 ses nombreuses occupations prendra part aux deux r\u00e9p\u00e9titions, la premi\u00e8re aura lieu lundi, et la deuxi\u00e8me<strong>&nbsp;&mdash; <\/strong> avant la premi\u00e8re. L&#39;accompagnement musical du conte sera assur\u00e9 par l&#39;orchestre de la Garde r\u00e9publicaine.<\/p>\n<p>Pour le pr\u00e9sident, ce n&#39;est pas le premier \u00e9change avec les enfants, la jeunesse.<\/p>\n<p>Lors de la Journ\u00e9e Mondiale de l&#39;Enfant le couple Macron a accueilli au Palais de l&#39;\u00c9lys\u00e9e la d\u00e9l\u00e9gation d&#39;enfants Unicef (Fonds des Nations Unies pour l&#39;enfance) <strong>&mdash; <\/strong> 15 enfants \u00e2g\u00e9s de 9 \u00e0 17 ans. Brigitte a fait visiter aux \u00e9coliers le palais, et le pr\u00e9sident a, dans le cadre du projet du &laquo;Conseil des ministres des enfants&raquo;, rencontr\u00e9 les enfants et discut\u00e9 d&#39;une s\u00e9rie de questions importantes.<\/p>\n<p><strong>Les petits ministres ont parl\u00e9 \u00e0 Macron d&#39; harc\u00e8lement scolaire, d&#39;\u00e9ducation et de sant\u00e9<\/strong><\/p>\n<p>Quelqu&#39;un a propos\u00e9 d&#39;instaurer une taxe sur les produits nocifs comme le Nutella.<\/p>\n<p>D&#39;autres sont pr\u00e9occup\u00e9s par la question du soutien m\u00e9dical aux plus d\u00e9munis et aux migrants. Et d&#39;autres encore ont sugg\u00e9r\u00e9 des moyens de lutter contre le ph\u00e9nom\u00e8ne des enfants soldats.<\/p>\n<p>Tenant sa promesse \u00e9lectorale, Macron a \u00e9galement invit\u00e9 au palais de l&#39;\u00c9lys\u00e9e 30 enfants de l&#39;\u00e9mission &laquo;Au tableau&raquo;. On leur a montr\u00e9 le bureau du pr\u00e9sident, des photos souvenirs ont \u00e9t\u00e9 faites, et apr\u00e8s le d\u00eener ils ont tous ensemble assist\u00e9 au concert de la Garde R\u00e9publicaine.<\/p>\n<p>Le leader du pays comprend l&#39;importance et la n\u00e9cessit\u00e9 de ce genre d&#39;\u00e9v\u00e9nements tels que les rencontres avec la jeune g\u00e9n\u00e9ration. Ils sont l&#39;avenir.<\/p>\n<p>&nbsp;<\/p>","protected":false},"excerpt":{"rendered":"<p>D\u00e9sol\u00e9, cet article est seulement disponible en Russe.<\/p>\n","protected":false},"author":2,"featured_media":213303,"comment_status":"open","ping_status":"open","sticky":false,"template":"","format":"standard","meta":[],"categories":[4],"tags":[3137,1334,2068],"aioseo_notices":[],"_links":{"self":[{"href":"https:\/\/rusoch.fr\/fr\/wp-json\/wp\/v2\/posts\/213301"}],"collection":[{"href":"https:\/\/rusoch.fr\/fr\/wp-json\/wp\/v2\/posts"}],"about":[{"href":"https:\/\/rusoch.fr\/fr\/wp-json\/wp\/v2\/types\/post"}],"author":[{"embeddable":true,"href":"https:\/\/rusoch.fr\/fr\/wp-json\/wp\/v2\/users\/2"}],"replies":[{"embeddable":true,"href":"https:\/\/rusoch.fr\/fr\/wp-json\/wp\/v2\/comments?post=213301"}],"version-history":[{"count":2,"href":"https:\/\/rusoch.fr\/fr\/wp-json\/wp\/v2\/posts\/213301\/revisions"}],"predecessor-version":[{"id":213467,"href":"https:\/\/rusoch.fr\/fr\/wp-json\/wp\/v2\/posts\/213301\/revisions\/213467"}],"wp:featuredmedia":[{"embeddable":true,"href":"https:\/\/rusoch.fr\/fr\/wp-json\/wp\/v2\/media\/213303"}],"wp:attachment":[{"href":"https:\/\/rusoch.fr\/fr\/wp-json\/wp\/v2\/media?parent=213301"}],"wp:term":[{"taxonomy":"category","embeddable":true,"href":"https:\/\/rusoch.fr\/fr\/wp-json\/wp\/v2\/categories?post=213301"},{"taxonomy":"post_tag","embeddable":true,"href":"https:\/\/rusoch.fr\/fr\/wp-json\/wp\/v2\/tags?post=213301"}],"curies":[{"name":"wp","href":"https:\/\/api.w.org\/{rel}","templated":true}]}}