{"id":213308,"date":"2018-02-26T17:44:04","date_gmt":"2018-02-26T16:44:04","guid":{"rendered":"http:\/\/rusoch.fr\/?p=213308"},"modified":"2018-03-01T10:34:00","modified_gmt":"2018-03-01T09:34:00","slug":"213308","status":"publish","type":"post","link":"https:\/\/rusoch.fr\/fr\/news\/213308.html","title":{"rendered":"200 ans d&#39;Ivan Tourgu\u00e9niev  \u00e0 Bougival"},"content":{"rendered":"<p>\u00c0 l\u2019occasion<strong>\u00a0du bicentenaire de la naissance d\u2019Ivan Tourgu\u00e9niev (1818&mdash;2018), la ville de Bougival<\/strong>\u00a0met \u00e0 l\u2019honneur cet homme de lettres et de paix \u00e0 partir de janvier 2018 et durant toute l\u2019ann\u00e9e.\u00a0\u00a0\u00a0\u00a0\u00a0\u00a0\u00a0\u00a0\u00a0<!--more--><\/p>\n<p><a href=\"http:\/\/rusoch.fr\/files\/2018\/02\/021.jpg\"><img loading=\"lazy\" class=\"alignnone size-large wp-image-213309\" src=\"http:\/\/rusoch.fr\/files\/2018\/02\/021-580x400.jpg\" alt=\"\" width=\"580\" height=\"400\" srcset=\"https:\/\/rusoch.fr\/files\/2018\/02\/021-580x400.jpg 580w, https:\/\/rusoch.fr\/files\/2018\/02\/021-549x379.jpg 549w, https:\/\/rusoch.fr\/files\/2018\/02\/021-768x530.jpg 768w, https:\/\/rusoch.fr\/files\/2018\/02\/021-600x414.jpg 600w, https:\/\/rusoch.fr\/files\/2018\/02\/021.jpg 1181w\" sizes=\"(max-width: 580px) 100vw, 580px\" \/><\/a><\/p>\n<p>&nbsp;<\/p>\n<p>Ivan Tourgu\u00e9niev,\u00a0\u00e9crivain,\u00a0opposant farouche au servage, humaniste et europ\u00e9en avant l\u2019heure v\u00e9cut de 1873 \u00e0 sa mort en 1883 \u00e0 Bougival, o\u00f9 il fit construire une datcha, devenu mus\u00e9e en 1983.<\/p>\n<p>Le bicentenaire de la naissance d\u2019Ivan Tougu\u00e9niev est un \u00e9v\u00e9nement de port\u00e9e internationale r\u00e9unissant La Russie, l\u2019Allemagne, la Belgique et la France.<\/p>\n<p>2018 est l\u2019ann\u00e9e pour d\u00e9couvrir ou de red\u00e9couvrir l\u2019\u0153uvre\u00a0 litt\u00e9raire et l\u2019engagement humaniste de cet homme.<br \/>\nTout au long de l\u2019ann\u00e9e, le service culturel de la ville, le conservatoire, l\u2019office de tourisme et les \u00e9coles de Bougival participeront \u00e0 la diffusion\u00a0 de l\u2019\u0153uvre d\u2019Ivan Tourgu\u00e9niev et organiseront des festivit\u00e9s autour d\u2019une\u00a0<strong><a href=\"http:\/\/www.tourisme-bougival.com\/wp-content\/uploads\/2017\/12\/SAISON-RUSSE-2.pdf\" data-saferedirecturl=\"https:\/\/www.google.com\/url?hl=fr&amp;q=http:\/\/www.tourisme-bougival.com\/wp-content\/uploads\/2017\/12\/SAISON-RUSSE-2.pdf&amp;source=gmail&amp;ust=1519730583307000&amp;usg=AFQjCNHGUwBWf_az67YB3LtSuducDIiejQ\">Saison Russe<\/a>.<\/strong><\/p>\n<p>Quatre \u00e9v\u00e9nements seront \u00e0 l&#39;affiche au mois de mars :<\/p>\n<p><strong>\u00a0Samedi<\/strong><strong>\u00a010 mars \u00e0 20h<\/strong><strong>\u00a0:\u00a0\u00a0<a href=\"http:\/\/www.tourisme-bougival.com\/manifestations-culturellles\/recital-pauline-viardot-saison-russe\/\" data-saferedirecturl=\"https:\/\/www.google.com\/url?hl=fr&amp;q=http:\/\/www.tourisme-bougival.com\/manifestations-culturellles\/recital-pauline-viardot-saison-russe\/&amp;source=gmail&amp;ust=1519730583307000&amp;usg=AFQjCNG6hDZ5NKawmVu0GheNDRloNXCw4w\">R\u00e9cital Pauline Viardot<\/a><\/strong><\/p>\n<p>Dans le cadre du Festival &laquo;Court maintenant&raquo; les 23, 24 mars \u00e0 20h30 et le dimanche 25 mars \u00e0 16h<strong>\u00a0:\u00a0<\/strong><a href=\"http:\/\/www.tourisme-bougival.com\/actualites-et-loisirs\/courts-metrages-saison-russe\/\" data-saferedirecturl=\"https:\/\/www.google.com\/url?hl=fr&amp;q=http:\/\/www.tourisme-bougival.com\/actualites-et-loisirs\/courts-metrages-saison-russe\/&amp;source=gmail&amp;ust=1519730583307000&amp;usg=AFQjCNHZ3DhpnMeIx44s_xVPjfLvK9oXcw\"><strong>Projection\u00a0de trois courts m\u00e9trages russes<\/strong><\/a><\/p>\n<p>Lundi 26 mars \u00e0 20h30\u00a0:\u00a0<a href=\"http:\/\/www.tourisme-bougival.com\/actualites-et-loisirs\/conference-limpressionnisme-russe-france\/\" data-saferedirecturl=\"https:\/\/www.google.com\/url?hl=fr&amp;q=http:\/\/www.tourisme-bougival.com\/actualites-et-loisirs\/conference-limpressionnisme-russe-france\/&amp;source=gmail&amp;ust=1519730583307000&amp;usg=AFQjCNG1MQ0zkQ-aVL0D6ogqZpdQrbm32w\"><strong>Conf\u00e9rence &laquo;L&#39;Impressionnisme russe en France&raquo;<\/strong><\/a><\/p>\n<p>Mardi 27 mars \u00e0 20h45\u00a0:\u00a0<a href=\"http:\/\/www.tourisme-bougival.com\/actualites-et-loisirs\/lecture-musicale-voyage-russie-de-saint-petersbourg-a-samarkand-saison-russe\/\" data-saferedirecturl=\"https:\/\/www.google.com\/url?hl=fr&amp;q=http:\/\/www.tourisme-bougival.com\/actualites-et-loisirs\/lecture-musicale-voyage-russie-de-saint-petersbourg-a-samarkand-saison-russe\/&amp;source=gmail&amp;ust=1519730583307000&amp;usg=AFQjCNEytiB18dICvUwTQOECFzvBil9Psw\"><strong>Litt\u00e9rature et musique &laquo;Voyage en Russie, de Saint-P\u00e9tersbourg \u00e0 Samarkand&raquo;<\/strong><\/a><\/p>\n<p>D\u00e9couvrez en un clic le\u00a0<a href=\"https:\/\/www.bougivaltourgueniev.com\/\" data-saferedirecturl=\"https:\/\/www.google.com\/url?hl=fr&amp;q=https:\/\/www.bougivaltourgueniev.com\/&amp;source=gmail&amp;ust=1519730583307000&amp;usg=AFQjCNFbHTzLgBWnxWbIKhz81ttTHd4GaQ\"><strong>site<\/strong>\u00a0<\/a>d\u00e9di\u00e9 au bicentenaire.<\/p>\n<p>&nbsp;<\/p>\n<p>&nbsp;<\/p>","protected":false},"excerpt":{"rendered":"<p>D\u00e9sol\u00e9, cet article est seulement disponible en Russe.<\/p>\n","protected":false},"author":2,"featured_media":213309,"comment_status":"open","ping_status":"open","sticky":false,"template":"","format":"standard","meta":[],"categories":[1,3078],"tags":[612,611,610],"aioseo_notices":[],"_links":{"self":[{"href":"https:\/\/rusoch.fr\/fr\/wp-json\/wp\/v2\/posts\/213308"}],"collection":[{"href":"https:\/\/rusoch.fr\/fr\/wp-json\/wp\/v2\/posts"}],"about":[{"href":"https:\/\/rusoch.fr\/fr\/wp-json\/wp\/v2\/types\/post"}],"author":[{"embeddable":true,"href":"https:\/\/rusoch.fr\/fr\/wp-json\/wp\/v2\/users\/2"}],"replies":[{"embeddable":true,"href":"https:\/\/rusoch.fr\/fr\/wp-json\/wp\/v2\/comments?post=213308"}],"version-history":[{"count":3,"href":"https:\/\/rusoch.fr\/fr\/wp-json\/wp\/v2\/posts\/213308\/revisions"}],"predecessor-version":[{"id":213320,"href":"https:\/\/rusoch.fr\/fr\/wp-json\/wp\/v2\/posts\/213308\/revisions\/213320"}],"wp:featuredmedia":[{"embeddable":true,"href":"https:\/\/rusoch.fr\/fr\/wp-json\/wp\/v2\/media\/213309"}],"wp:attachment":[{"href":"https:\/\/rusoch.fr\/fr\/wp-json\/wp\/v2\/media?parent=213308"}],"wp:term":[{"taxonomy":"category","embeddable":true,"href":"https:\/\/rusoch.fr\/fr\/wp-json\/wp\/v2\/categories?post=213308"},{"taxonomy":"post_tag","embeddable":true,"href":"https:\/\/rusoch.fr\/fr\/wp-json\/wp\/v2\/tags?post=213308"}],"curies":[{"name":"wp","href":"https:\/\/api.w.org\/{rel}","templated":true}]}}