{"id":213364,"date":"2018-03-05T00:53:19","date_gmt":"2018-03-04T23:53:19","guid":{"rendered":"http:\/\/rusoch.fr\/?p=213364"},"modified":"2018-03-05T10:31:38","modified_gmt":"2018-03-05T09:31:38","slug":"bettina-rejms-pokazala-litsa-zhenshhin-zaklyuchennyh","status":"publish","type":"post","link":"https:\/\/rusoch.fr\/fr\/opinions\/bettina-rejms-pokazala-litsa-zhenshhin-zaklyuchennyh.html","title":{"rendered":"Bettina Rheims d\u00e9voile les visages de femmes d\u00e9tenues"},"content":{"rendered":"<p><strong>L\u2019exposition dans la chapelle du ch\u00e2teau de Vincennes, qui se trouve \u00e0 la fronti\u00e8re de Paris, semble avoir \u00e9t\u00e9 sp\u00e9cialement mise en place pour la journ\u00e9e Internationale de la femme.<\/strong><br \/>\n<!--more--><\/p>\n<p><div id=\"attachment_213365\" style=\"width: 610px\" class=\"wp-caption alignnone\"><a href=\"http:\/\/rusoch.fr\/files\/2018\/03\/045-Exposition-De-tenues-Bettina_Rheims-photo-Harry-Matenaer-x540q100.jpg\"><img aria-describedby=\"caption-attachment-213365\" loading=\"lazy\" class=\"wp-image-213365 size-large\" src=\"http:\/\/rusoch.fr\/files\/2018\/03\/045-Exposition-De-tenues-Bettina_Rheims-photo-Harry-Matenaer-x540q100-600x400.jpg\" alt=\"\" width=\"600\" height=\"400\" srcset=\"https:\/\/rusoch.fr\/files\/2018\/03\/045-Exposition-De-tenues-Bettina_Rheims-photo-Harry-Matenaer-x540q100-600x400.jpg 600w, https:\/\/rusoch.fr\/files\/2018\/03\/045-Exposition-De-tenues-Bettina_Rheims-photo-Harry-Matenaer-x540q100-569x379.jpg 569w, https:\/\/rusoch.fr\/files\/2018\/03\/045-Exposition-De-tenues-Bettina_Rheims-photo-Harry-Matenaer-x540q100-768x512.jpg 768w, https:\/\/rusoch.fr\/files\/2018\/03\/045-Exposition-De-tenues-Bettina_Rheims-photo-Harry-Matenaer-x540q100.jpg 810w\" sizes=\"(max-width: 600px) 100vw, 600px\" \/><\/a><p id=\"caption-attachment-213365\" class=\"wp-caption-text\">photo Harry Matenaer<\/p><\/div><\/p>\n<p>Une cinquantaine de femmes qui purgent leur peine, priv\u00e9es de libert\u00e9, dans diff\u00e9rentes parties du pays, ont accept\u00e9 de d\u00e9voiler leurs visages.<\/p>\n<p>Le th\u00e8me de l\u2019exposition, disons-le ouvertement, n\u2019est pas l\u2019un des plus joyeux. Dans les prisons de France, d\u2019apr\u00e8s les statistiques, le pourcentage de femmes incarc\u00e9r\u00e9es s\u2019alentour \u00e0 5% du nombre total de d\u00e9tenus.<\/p>\n<p>La femme, contrairement aux hommes, re\u00e7oit, en plus \u00e0 sa d\u00e9tention \u00ab\u00a0une punition suppl\u00e9mentaire\u00a0\u00bb, affirme la photographe reconnue, Bettina Rheims.<\/p>\n<p><div id=\"attachment_213367\" style=\"width: 610px\" class=\"wp-caption alignnone\"><a href=\"http:\/\/rusoch.fr\/files\/2018\/03\/011-Exposition-De-tenues-Bettina_Rheims-photo-Harry-Matenaer-x540q100.jpg\"><img aria-describedby=\"caption-attachment-213367\" loading=\"lazy\" class=\"wp-image-213367 size-large\" src=\"http:\/\/rusoch.fr\/files\/2018\/03\/011-Exposition-De-tenues-Bettina_Rheims-photo-Harry-Matenaer-x540q100-600x400.jpg\" alt=\"\" width=\"600\" height=\"400\" srcset=\"https:\/\/rusoch.fr\/files\/2018\/03\/011-Exposition-De-tenues-Bettina_Rheims-photo-Harry-Matenaer-x540q100-600x400.jpg 600w, https:\/\/rusoch.fr\/files\/2018\/03\/011-Exposition-De-tenues-Bettina_Rheims-photo-Harry-Matenaer-x540q100-569x379.jpg 569w, https:\/\/rusoch.fr\/files\/2018\/03\/011-Exposition-De-tenues-Bettina_Rheims-photo-Harry-Matenaer-x540q100-768x512.jpg 768w, https:\/\/rusoch.fr\/files\/2018\/03\/011-Exposition-De-tenues-Bettina_Rheims-photo-Harry-Matenaer-x540q100.jpg 810w\" sizes=\"(max-width: 600px) 100vw, 600px\" \/><\/a><p id=\"caption-attachment-213367\" class=\"wp-caption-text\">photo Harry Matenaer<\/p><\/div><\/p>\n<p>\u00ab\u00a0<em>Une femme en prison oublie son identit\u00e9, perd de vue sa f\u00e9minit\u00e9,<\/em>\u00a0<em>il n\u2019y a plus le regard des hommes et les miroirs sont rares.<\/em>\u00a0<em>Pour peu qu\u2019elle ne soit pas ais\u00e9e\u00a0financi\u00e8rement, ce sont les produits<\/em>\u00a0<em>de soins, de sant\u00e9 et de maquillages et de nourriture normale\u00a0qui disparaissent et l\u00e0, la d\u00e9ch\u00e9ance commence !\u00a0\u00bb.<\/em><\/p>\n<p>Robert Badinter, un avocat et homme politique fran\u00e7ais a persuad\u00e9 Bettina de r\u00e9aliser cette s\u00e9ance photo sur le th\u00e8me des \u00ab\u00a0D\u00e9tenues\u00a0\u00bb. Il lui a donn\u00e9 des contacts. La photographe envoya une demande. Apr\u00e8s six mois de silence, elle re\u00e7ue une invitation pour un rendez-vous. On lui donna cinq jours pour l\u2019\u00e9laboration de son projet.<\/p>\n<p><div id=\"attachment_213368\" style=\"width: 610px\" class=\"wp-caption alignnone\"><a href=\"http:\/\/rusoch.fr\/files\/2018\/03\/029-Exposition-De-tenues-Bettina_Rheims-photo-Harry-Matenaer-x540q100.jpg\"><img aria-describedby=\"caption-attachment-213368\" loading=\"lazy\" class=\"wp-image-213368 size-large\" src=\"http:\/\/rusoch.fr\/files\/2018\/03\/029-Exposition-De-tenues-Bettina_Rheims-photo-Harry-Matenaer-x540q100-600x400.jpg\" alt=\"\" width=\"600\" height=\"400\" srcset=\"https:\/\/rusoch.fr\/files\/2018\/03\/029-Exposition-De-tenues-Bettina_Rheims-photo-Harry-Matenaer-x540q100-600x400.jpg 600w, https:\/\/rusoch.fr\/files\/2018\/03\/029-Exposition-De-tenues-Bettina_Rheims-photo-Harry-Matenaer-x540q100-569x379.jpg 569w, https:\/\/rusoch.fr\/files\/2018\/03\/029-Exposition-De-tenues-Bettina_Rheims-photo-Harry-Matenaer-x540q100-768x512.jpg 768w, https:\/\/rusoch.fr\/files\/2018\/03\/029-Exposition-De-tenues-Bettina_Rheims-photo-Harry-Matenaer-x540q100.jpg 810w\" sizes=\"(max-width: 600px) 100vw, 600px\" \/><\/a><p id=\"caption-attachment-213368\" class=\"wp-caption-text\">photo Harry Matenaer<\/p><\/div><\/p>\n<p>Puis, elle voyagea pendant 6 mois \u00e0 travers la France, passant de prisons \u00e0 prisons. Une cinquantaine de femmes prirent part au projet. Toutes \u00e9taient volontaires. Certaines refus\u00e8rent d\u2019y participer et d\u2019\u00eatre prises en photo, et personne ne les y obligea. Tous les clich\u00e9s sont pr\u00e9sent\u00e9s lors de l\u2019exposition et dans les albums publi\u00e9s avec une pr\u00e9face de Robert Badinter.<\/p>\n<p>La photographe passait environ une heure avec chacune des femmes. Et, curieusement, elles lui confiaient leurs secrets. Dans la prison, elles ne peuvent s\u2019ouvrir \u00e0 personne, car il y r\u00e8gne une forte atmosph\u00e8re de m\u00e9fiance, ce qui est en principe, tout \u00e0 fait compr\u00e9hensible. Et les d\u00e9tenues ont peur de quelque chose d\u2019\u00e9l\u00e9mentaire\u00a0: qu\u2019on les oublie.<\/p>\n<p><em>\u00ab\u00a0Qu\u2019ai-je apport\u00e9 \u00e0 ces femmes\u00a0? Une petite fen\u00eatre de plaisir, une coiffeuse, une maquilleuse et une image qu\u2019elles pourront regarder<\/em>\u00a0<em>et envoyer. Celle\u00a0d\u2019une\u00a0f\u00e9minit\u00e9\u00a0un\u00a0temps\u00a0retrouv\u00e9.\u00a0\u00bb<\/em>, m\u00e9dite Bettina.<\/p>\n<p><div id=\"attachment_213369\" style=\"width: 610px\" class=\"wp-caption alignnone\"><a href=\"http:\/\/rusoch.fr\/files\/2018\/03\/091-Exposition-De-tenues-Bettina_Rheims-photo-Harry-Matenaer.jpeg\"><img aria-describedby=\"caption-attachment-213369\" loading=\"lazy\" class=\"wp-image-213369 size-large\" src=\"http:\/\/rusoch.fr\/files\/2018\/03\/091-Exposition-De-tenues-Bettina_Rheims-photo-Harry-Matenaer-600x400.jpeg\" alt=\"\" width=\"600\" height=\"400\" srcset=\"https:\/\/rusoch.fr\/files\/2018\/03\/091-Exposition-De-tenues-Bettina_Rheims-photo-Harry-Matenaer-600x400.jpeg 600w, https:\/\/rusoch.fr\/files\/2018\/03\/091-Exposition-De-tenues-Bettina_Rheims-photo-Harry-Matenaer-569x379.jpeg 569w, https:\/\/rusoch.fr\/files\/2018\/03\/091-Exposition-De-tenues-Bettina_Rheims-photo-Harry-Matenaer-768x512.jpeg 768w, https:\/\/rusoch.fr\/files\/2018\/03\/091-Exposition-De-tenues-Bettina_Rheims-photo-Harry-Matenaer.jpeg 1200w\" sizes=\"(max-width: 600px) 100vw, 600px\" \/><\/a><p id=\"caption-attachment-213369\" class=\"wp-caption-text\">photo Harry Matenaer<\/p><\/div><\/p>\n<p style=\"margin: 0cm; margin-bottom: .0001pt; background: white;\"><span style=\"font-family: Arial; color: #222222; background: white;\">Les rendez-vous se passaient dans des\u00a0studios photographiques improvis\u00e9s.\u00a0<\/span><span style=\"font-family: Arial; color: #222222;\">L\u2019artiste avoua, qu\u2019au d\u00e9but, il lui \u00e9tait difficile de les rencontrer en face \u00e0 face. Mais, qu\u2019elle s\u2019imagina alors que ce pouvaient \u00eatre sa voisine ou sa s\u0153ur, dont la vie aurait pu mal tourner.<\/span><\/p>\n<p style=\"margin: 0cm; margin-bottom: .0001pt; background: white;\"><span style=\"font-family: Arial; color: #222222; background: white;\">\u00a0<\/span><\/p>\n<p style=\"margin: 0cm; margin-bottom: .0001pt; background: white;\"><span style=\"font-family: Arial; color: #222222; background: white;\">Du XV\u00e8me si\u00e8cle, jusqu\u2019\u00e0 la r\u00e9volution fran\u00e7aise, dans le donjon du ch\u00e2teau de Vincennes, il y avait une prison r\u00e9serv\u00e9e aux d\u00e9tenus politiques. Et pendant la r\u00e9volution, le pavillon royal du ch\u00e2teau devient, pour un certain temps, le lieu de d\u00e9tention des femmes dites \u00ab\u00a0de mauvaise vie\u00a0\u00bb.<\/span><\/p>\n<p style=\"margin: 0cm; margin-bottom: .0001pt; background: white;\"><span style=\"font-family: Arial; color: #222222; background: white;\">L\u2019Histoire se r\u00e9p\u00e8te. M\u00eame si ce n\u2019est que dans un genre virtuel. Le temps d\u2019une exposition.<\/span><\/p>\n<p style=\"margin: 0cm; margin-bottom: .0001pt; background: white;\"><span style=\"font-family: Arial; color: #222222; background: white;\">\u00a0<\/span><\/p>\n<p style=\"margin: 0cm; margin-bottom: .0001pt; background: white;\"><em><span style=\"font-family: Arial; color: #222222; background: white;\">Bettina Rheims, exposition\u00a0: \u00ab\u00a0D\u00e9tenues\u00a0\u00bb<\/span><\/em><\/p>\n<p style=\"margin: 0cm; margin-bottom: .0001pt; background: white;\"><em><span style=\"font-family: Arial; color: #222222; background: white;\">Jusqu\u2019au 30 avril 2018<\/span><\/em><\/p>\n<p style=\"margin: 0cm; margin-bottom: .0001pt; background: white;\"><em><span style=\"font-family: Arial; color: #222222; background: white;\">A la Sainte-Chapelle du Ch\u00e2teau de Vincennes<\/span><\/em><\/p>\n<p style=\"margin: 0cm; margin-bottom: .0001pt; background: white;\"><em><span style=\"font-family: Arial; color: #222222; background: white;\">2 Cours des Mar\u00e9chaux, 75012 Paris<\/span><\/em><\/p>\n<p style=\"margin: 0cm; margin-bottom: .0001pt; background: white;\"><span style=\"font-family: Arial; color: #222222; background: white;\">\u00a0<\/span><\/p>\n<p style=\"margin: 0cm; margin-bottom: .0001pt; background: white;\"><em><span style=\"font-family: Arial; color: #222222; background: white;\">Plus de d\u00e9tails\u00a0:\u00a0<\/span><span style=\"font-family: Arial; color: #111111; background: white;\"><a href=\"http:\/\/www.chateau-de-vincennes.fr\/Actualites\/Exposition-Detenues-de-Bettina-Rheims\" target=\"_blank\" rel=\"noopener\"><span style=\"color: black;\">http:\/\/www.chateau-de-vincenne s.fr\/Actualites\/Exposition-Det enues-de-Bettina-Rheims<\/span><\/a><\/span><\/em><\/p>\n<p>&nbsp;<\/p>","protected":false},"excerpt":{"rendered":"<p>D\u00e9sol\u00e9, cet article est seulement disponible en Russe.<\/p>\n","protected":false},"author":2,"featured_media":213366,"comment_status":"open","ping_status":"open","sticky":false,"template":"","format":"standard","meta":[],"categories":[3063],"tags":[3138,1997,563],"aioseo_notices":[],"_links":{"self":[{"href":"https:\/\/rusoch.fr\/fr\/wp-json\/wp\/v2\/posts\/213364"}],"collection":[{"href":"https:\/\/rusoch.fr\/fr\/wp-json\/wp\/v2\/posts"}],"about":[{"href":"https:\/\/rusoch.fr\/fr\/wp-json\/wp\/v2\/types\/post"}],"author":[{"embeddable":true,"href":"https:\/\/rusoch.fr\/fr\/wp-json\/wp\/v2\/users\/2"}],"replies":[{"embeddable":true,"href":"https:\/\/rusoch.fr\/fr\/wp-json\/wp\/v2\/comments?post=213364"}],"version-history":[{"count":5,"href":"https:\/\/rusoch.fr\/fr\/wp-json\/wp\/v2\/posts\/213364\/revisions"}],"predecessor-version":[{"id":213436,"href":"https:\/\/rusoch.fr\/fr\/wp-json\/wp\/v2\/posts\/213364\/revisions\/213436"}],"wp:featuredmedia":[{"embeddable":true,"href":"https:\/\/rusoch.fr\/fr\/wp-json\/wp\/v2\/media\/213366"}],"wp:attachment":[{"href":"https:\/\/rusoch.fr\/fr\/wp-json\/wp\/v2\/media?parent=213364"}],"wp:term":[{"taxonomy":"category","embeddable":true,"href":"https:\/\/rusoch.fr\/fr\/wp-json\/wp\/v2\/categories?post=213364"},{"taxonomy":"post_tag","embeddable":true,"href":"https:\/\/rusoch.fr\/fr\/wp-json\/wp\/v2\/tags?post=213364"}],"curies":[{"name":"wp","href":"https:\/\/api.w.org\/{rel}","templated":true}]}}