{"id":214650,"date":"2018-06-15T14:15:40","date_gmt":"2018-06-15T13:15:40","guid":{"rendered":"http:\/\/rusoch.fr\/?p=214650"},"modified":"2018-06-16T13:38:09","modified_gmt":"2018-06-16T12:38:09","slug":"horovoj-forum-narodov-evrazii-projdet-v-parizhe","status":"publish","type":"post","link":"https:\/\/rusoch.fr\/fr\/opinions\/horovoj-forum-narodov-evrazii-projdet-v-parizhe.html","title":{"rendered":"Le Forum des chorales des peuples eurasiens \u00e0 Paris"},"content":{"rendered":"<p><strong>Le Forum des chorales des peuples eurasiens est un moment unique qui r\u00e9unit des passionn\u00e9s de l\u2019art du chant\u00a0: choristes amateurs, compositeurs, musicologues et autres amoureux de la composition musicale des genres vocaux.<\/strong><!--more--><\/p>\n<p><a href=\"http:\/\/rusoch.fr\/files\/2018\/06\/VertViolet-copie-768x1086.png\"><img loading=\"lazy\" class=\"alignnone size-large wp-image-214652\" src=\"http:\/\/rusoch.fr\/files\/2018\/06\/VertViolet-copie-768x1086-283x400.png\" alt=\"\" width=\"283\" height=\"400\" srcset=\"https:\/\/rusoch.fr\/files\/2018\/06\/VertViolet-copie-768x1086-283x400.png 283w, https:\/\/rusoch.fr\/files\/2018\/06\/VertViolet-copie-768x1086-268x379.png 268w, https:\/\/rusoch.fr\/files\/2018\/06\/VertViolet-copie-768x1086.png 768w, https:\/\/rusoch.fr\/files\/2018\/06\/VertViolet-copie-768x1086-600x848.png 600w\" sizes=\"(max-width: 283px) 100vw, 283px\" \/><\/a><\/p>\n<p>C\u2019est l\u2019occasion r\u00eav\u00e9e d\u2019admirer les patrimoines musicaux de tout un continent \u2013 l\u2019Eurasie \u2013 \u00e0 travers des \u0153uvres issues des r\u00e9pertoires des chorales participant au Forum.<\/p>\n<p>&nbsp;<\/p>\n<p><strong>Pour le public<\/strong>, 3 concerts th\u00e9matiques r\u00e9unissant l\u2019ensemble des chorales pour ravir les oreilles exigeantes des Parisiens\u00a0<em>(<a href=\"http:\/\/choeur.eurasie.free.fr\/?page_id=8\">voir la liste des chorales participantes &gt;&gt;&gt;<\/a>) <\/em>:<\/p>\n<p>Jeudi 21 juin, 20h00 \u2013 <strong>Musique sacr\u00e9e<\/strong><\/p>\n<p>Vendredi 22 juin, 20h00 \u2013 <strong>Musique folklorique<\/strong><\/p>\n<p>Samedi 23 juin, 20h30 \u2013 <strong>Musique acad\u00e9mique<\/strong><\/p>\n<p><strong>Adresse des concerts\u00a0:<\/strong><br \/>\nTemple de Pentemont,<br \/>\n106 Rue de Grenelle, 75007 Paris<\/p>\n<p><strong>Pour les vocalistes (petits et grands)<\/strong>, 2 ateliers pour am\u00e9liorer sa technique :<\/p>\n<p>Vendredi 22 juin, 17h30\u00a0: atelier et master class\u00a0<strong>\u00ab\u00a0Le chant en chorale\u00a0\u00bb<\/strong> anim\u00e9 par Alexandre Solov\u00efev, professeur agr\u00e9\u00e9 du Conservatoire Tcha\u00efkovski de Moscou.<\/p>\n<p>Samedi 23 juin, 14h30\u00a0:\u00a0atelier musical <strong>\u00ab\u00a0Travail des r\u00e9p\u00e9titions avec des chorales et des groupes de chant d\u2019enfants\u00a0\u00bb<\/strong> anim\u00e9 par Svetlana Miniotas, professeur de musique \u00e0 Vilnius, Lituanie. Une le\u00e7on pr\u00e9par\u00e9e sur la base de son livre \u00ab\u00a0Voyage en Solfalande\u00a0\u00bb, avec la participation des \u00a0enfants\u00a0du Gymnasium classique du\u00a0Centre spirituel et culturel orthodoxe russe \u00e0 Paris.<\/p>\n<p><strong>Pour les musicologues et les m\u00e9lomanes<\/strong>, une <strong>conf\u00e9rence \u00e0 vis\u00e9e pratique et scientifique<\/strong> consacr\u00e9e aux compositeurs eurasiens \u00e9crivant pour ch\u0153ur et solistes :<\/p>\n<p>Vendredi 22 juin, 11h00 \u2013 s\u00e9ance pl\u00e9ni\u00e8re de la conf\u00e9rence.<\/p>\n<p><a href=\"http:\/\/choeur.eurasie.free.fr\/?page_id=2\"><em>Voir le programme complet &gt;&gt;&gt;<\/em><\/a><\/p>\n<h2><strong>MISSIONS DU FORUM<\/strong><\/h2>\n<p>L\u2019objectif principal du Forum est l\u2019union des peuples par le chant, le renforcement et l\u2019approfondissement des liens culturels internationaux entre les pays d\u2019Europe et d\u2019Asie.<\/p>\n<p>Le Forum se donne pour missions\u00a0:<\/p>\n<ul>\n<li>le renforcement de la paix, de la\u00a0compr\u00e9hension mutuelle et de la tol\u00e9rance entre les communaut\u00e9s ethniques,<\/li>\n<li>la promotion du chant (soliste et choral),<\/li>\n<li>l\u2019augmentation du nombre d\u2019amateurs de chant,<\/li>\n<li>le perfectionnement du niveau professionnel des chorales,<\/li>\n<li>le d\u00e9veloppement de la composition musicale pour les vocalistes,<\/li>\n<li>la coop\u00e9ration des chefs de ch\u0153ur en vue du partage d\u2019exp\u00e9rience et d\u2019information sur la vie musicale dans diff\u00e9rentes r\u00e9gions d\u2019Eurasie.<\/li>\n<\/ul>\n<h2><strong>NOS CHORALES<\/strong><\/h2>\n<p><strong>Le Ch\u0153ur Russe de Paris <a href=\"https:\/\/www.facebook.com\/choeur.znamenie\">ZNAMENIE<\/a> <\/strong>(mixte)<\/p>\n<p><img loading=\"lazy\" class=\"wp-image-124 alignnone\" src=\"http:\/\/choeur.eurasie.free.fr\/wp-content\/uploads\/2018\/05\/znamenie2-300x202.jpg\" sizes=\"(max-width: 500px) 100vw, 500px\" srcset=\"http:\/\/choeur.eurasie.free.fr\/wp-content\/uploads\/2018\/05\/znamenie2-300x202.jpg 300w, http:\/\/choeur.eurasie.free.fr\/wp-content\/uploads\/2018\/05\/znamenie2-768x518.jpg 768w, http:\/\/choeur.eurasie.free.fr\/wp-content\/uploads\/2018\/05\/znamenie2.jpg 889w\" alt=\"\" width=\"500\" height=\"337\" \/><\/p>\n<p><strong>Chorale <a href=\"https:\/\/www.chorale-musicolor.com\">MUSICOLOR<\/a>, Ruel-Malmaison<\/strong> (mixte)<\/p>\n<p><img loading=\"lazy\" class=\"wp-image-131 alignnone\" src=\"http:\/\/choeur.eurasie.free.fr\/wp-content\/uploads\/2018\/05\/Musicolor-300x186.png\" sizes=\"(max-width: 500px) 100vw, 500px\" srcset=\"http:\/\/choeur.eurasie.free.fr\/wp-content\/uploads\/2018\/05\/Musicolor-300x186.png 300w, http:\/\/choeur.eurasie.free.fr\/wp-content\/uploads\/2018\/05\/Musicolor.png 714w\" alt=\"\" width=\"500\" height=\"310\" \/><\/p>\n<p><strong><a href=\"http:\/\/chorale.russe.free.fr\">La chorale russe de Paris IZBOR<\/a>\u00a0<\/strong>(mixte, r\u00e9pertoire sacr\u00e9 orthodoxe, folklorique, \u0153uvres des compositeurs russes)<\/p>\n<p><img loading=\"lazy\" class=\"wp-image-65 alignnone\" src=\"http:\/\/choeur.eurasie.free.fr\/wp-content\/uploads\/2018\/04\/DSC_3784-1.jpg\" alt=\"\" width=\"500\" height=\"335\" \/><\/p>\n<p>&nbsp;<\/p>\n<p><strong>Ensemble de jazz g\u00e9orgien\u00a0KHOROUMI, Paris<\/strong><\/p>\n<p><img loading=\"lazy\" class=\"wp-image-165 alignnone\" src=\"http:\/\/choeur.eurasie.free.fr\/wp-content\/uploads\/2018\/05\/Khoroumi-copie.png\" sizes=\"(max-width: 500px) 100vw, 500px\" srcset=\"http:\/\/choeur.eurasie.free.fr\/wp-content\/uploads\/2018\/05\/Khoroumi-copie.png 905w, http:\/\/choeur.eurasie.free.fr\/wp-content\/uploads\/2018\/05\/Khoroumi-copie-300x202.png 300w, http:\/\/choeur.eurasie.free.fr\/wp-content\/uploads\/2018\/05\/Khoroumi-copie-768x518.png 768w\" alt=\"\" width=\"500\" height=\"337\" \/><\/p>\n<p><strong>Ensemble <a href=\"http:\/\/ensembleslava.free.fr\">SLAVA<\/a>, Paris<\/strong> (ch\u0153ur f\u00e9minin, r\u00e9pertoire sacr\u00e9 orthodoxe)<\/p>\n<p><img loading=\"lazy\" class=\"wp-image-128 alignnone\" src=\"http:\/\/choeur.eurasie.free.fr\/wp-content\/uploads\/2018\/05\/Slava-300x169.jpg\" sizes=\"(max-width: 500px) 100vw, 500px\" srcset=\"http:\/\/choeur.eurasie.free.fr\/wp-content\/uploads\/2018\/05\/Slava-300x169.jpg 300w, http:\/\/choeur.eurasie.free.fr\/wp-content\/uploads\/2018\/05\/Slava-768x432.jpg 768w, http:\/\/choeur.eurasie.free.fr\/wp-content\/uploads\/2018\/05\/Slava-1024x576.jpg 1024w, http:\/\/choeur.eurasie.free.fr\/wp-content\/uploads\/2018\/05\/Slava.jpg 1600w\" alt=\"\" width=\"500\" height=\"281\" \/><\/p>\n<p><strong>Ensemble vocal <a href=\"http:\/\/o.jehl.free.fr\/2012Faure\/Les_Chanteurs_d_Eole.html\">LES CHANTEURS D\u2019EOLE<\/a>, Paris <\/strong>(mixte, chant choral arm\u00e9nien)<\/p>\n<p><img loading=\"lazy\" class=\"wp-image-126 alignnone\" src=\"http:\/\/choeur.eurasie.free.fr\/wp-content\/uploads\/2018\/05\/ChanteursdEole-300x200.jpg\" sizes=\"(max-width: 500px) 100vw, 500px\" srcset=\"http:\/\/choeur.eurasie.free.fr\/wp-content\/uploads\/2018\/05\/ChanteursdEole-300x200.jpg 300w, http:\/\/choeur.eurasie.free.fr\/wp-content\/uploads\/2018\/05\/ChanteursdEole.jpg 640w\" alt=\"\" width=\"500\" height=\"334\" \/><\/p>\n<p><strong>CHORALE RUSSE DU POCHE-MONTPARNASSE, Paris\u00a0<\/strong>(mixte, chants traditionnels russe)<\/p>\n<p><img loading=\"lazy\" class=\"wp-image-136 alignnone\" src=\"http:\/\/choeur.eurasie.free.fr\/wp-content\/uploads\/2018\/05\/ChoraleRusseduTheatredePocheMontparnasse-300x124.png\" sizes=\"(max-width: 500px) 100vw, 500px\" srcset=\"http:\/\/choeur.eurasie.free.fr\/wp-content\/uploads\/2018\/05\/ChoraleRusseduTheatredePocheMontparnasse-300x124.png 300w, http:\/\/choeur.eurasie.free.fr\/wp-content\/uploads\/2018\/05\/ChoraleRusseduTheatredePocheMontparnasse.png 608w\" alt=\"\" width=\"500\" height=\"206\" \/><\/p>\n<p><strong>Ensemble Choral Copernic, France<\/strong><\/p>\n<p><img loading=\"lazy\" class=\"alignnone wp-image-185 size-full\" src=\"http:\/\/choeur.eurasie.free.fr\/wp-content\/uploads\/2018\/05\/Copernic.png\" sizes=\"(max-width: 500px) 100vw, 500px\" srcset=\"http:\/\/choeur.eurasie.free.fr\/wp-content\/uploads\/2018\/05\/Copernic.png 500w, http:\/\/choeur.eurasie.free.fr\/wp-content\/uploads\/2018\/05\/Copernic-300x212.png 300w\" alt=\"\" width=\"500\" height=\"354\" \/><\/p>\n<p><strong>Le ch\u0153ur d\u2019enfants RADOST, Montgeron<\/strong><\/p>\n<p><img loading=\"lazy\" class=\"wp-image-134 alignnone\" src=\"http:\/\/choeur.eurasie.free.fr\/wp-content\/uploads\/2018\/05\/Radost-300x170.png\" sizes=\"(max-width: 500px) 100vw, 500px\" srcset=\"http:\/\/choeur.eurasie.free.fr\/wp-content\/uploads\/2018\/05\/Radost-300x170.png 300w, http:\/\/choeur.eurasie.free.fr\/wp-content\/uploads\/2018\/05\/Radost.png 569w\" alt=\"\" width=\"500\" height=\"284\" \/><\/p>\n<p><strong>Ch\u0153ur d\u2019enfants du Gymnase du Centre spirituel et culturel orthodoxe russe, Paris<\/strong><\/p>\n<p><img loading=\"lazy\" class=\"wp-image-182 size-full alignnone\" src=\"http:\/\/choeur.eurasie.free.fr\/wp-content\/uploads\/2018\/05\/ChoeurGymnase.png\" sizes=\"(max-width: 500px) 100vw, 500px\" srcset=\"http:\/\/choeur.eurasie.free.fr\/wp-content\/uploads\/2018\/05\/ChoeurGymnase.png 500w, http:\/\/choeur.eurasie.free.fr\/wp-content\/uploads\/2018\/05\/ChoeurGymnase-300x262.png 300w\" alt=\"\" width=\"500\" height=\"436\" \/><\/p>\n<p><strong>Ch\u0153ur d\u2019enfants et de jeunes VERA, Moscou<\/strong><\/p>\n<p><strong><img loading=\"lazy\" class=\"alignnone wp-image-200 size-full\" src=\"http:\/\/choeur.eurasie.free.fr\/wp-content\/uploads\/2018\/05\/Vera.png\" sizes=\"(max-width: 500px) 100vw, 500px\" srcset=\"http:\/\/choeur.eurasie.free.fr\/wp-content\/uploads\/2018\/05\/Vera.png 500w, http:\/\/choeur.eurasie.free.fr\/wp-content\/uploads\/2018\/05\/Vera-300x241.png 300w\" alt=\"\" width=\"500\" height=\"402\" \/><\/strong><\/p>\n<p><strong>Ensemble \u00a0MARANI, Paris<\/strong> (voix d\u2019hommes)<\/p>\n<p><img loading=\"lazy\" class=\"alignnone wp-image-180 size-full\" src=\"http:\/\/choeur.eurasie.free.fr\/wp-content\/uploads\/2018\/05\/MARANI.png\" sizes=\"(max-width: 500px) 100vw, 500px\" srcset=\"http:\/\/choeur.eurasie.free.fr\/wp-content\/uploads\/2018\/05\/MARANI.png 500w, http:\/\/choeur.eurasie.free.fr\/wp-content\/uploads\/2018\/05\/MARANI-300x229.png 300w\" alt=\"\" width=\"500\" height=\"381\" \/><\/p>\n<p><b>Chorale KOGHTAN, <\/b>Paris (mixte)<\/p>\n<p><img loading=\"lazy\" class=\"alignnone wp-image-273\" src=\"http:\/\/choeur.eurasie.free.fr\/wp-content\/uploads\/2018\/05\/Koghtan-150x150.png\" sizes=\"(max-width: 500px) 100vw, 500px\" srcset=\"http:\/\/choeur.eurasie.free.fr\/wp-content\/uploads\/2018\/05\/Koghtan-300x183.png 300w, http:\/\/choeur.eurasie.free.fr\/wp-content\/uploads\/2018\/05\/Koghtan.png 752w\" alt=\"\" width=\"500\" height=\"305\" \/><\/p>\n<h2><strong>CONFERENCIERS\u00a0<\/strong><\/h2>\n<h2><img loading=\"lazy\" class=\"wp-image-110 size-thumbnail alignright\" src=\"http:\/\/choeur.eurasie.free.fr\/wp-content\/uploads\/2018\/05\/Ponomarev-150x150.jpeg\" sizes=\"(max-width: 150px) 100vw, 150px\" srcset=\"http:\/\/choeur.eurasie.free.fr\/wp-content\/uploads\/2018\/05\/Ponomarev-150x150.jpeg 150w, http:\/\/choeur.eurasie.free.fr\/wp-content\/uploads\/2018\/05\/Ponomarev-100x100.jpeg 100w\" alt=\"\" width=\"150\" height=\"150\" \/><\/h2>\n<p><strong>Vladimir PONOMAREV<\/strong><b>,\u00a0<\/b>Krasno\u00efarsk, Russie<\/p>\n<p>\u00ab\u00a0Les compositeurs de musique d\u2019\u00e9glise sib\u00e9riens d\u2019hier et d\u2019aujourd\u2019hui\u00a0\u00bb<\/p>\n<p>&nbsp;<\/p>\n<p><img loading=\"lazy\" class=\"alignright wp-image-106 size-thumbnail\" src=\"http:\/\/choeur.eurasie.free.fr\/wp-content\/uploads\/2018\/05\/Karelina-150x150.jpg\" sizes=\"(max-width: 150px) 100vw, 150px\" srcset=\"http:\/\/choeur.eurasie.free.fr\/wp-content\/uploads\/2018\/05\/Karelina-150x150.jpg 150w, http:\/\/choeur.eurasie.free.fr\/wp-content\/uploads\/2018\/05\/Karelina-100x100.jpg 100w\" alt=\"\" width=\"150\" height=\"150\" \/><\/p>\n<p><strong>Ekaterina KARELINA<\/strong>,\u00a0Novossibirsk, Russie<\/p>\n<p>\u00ab\u00a0La musique chorale dans la culture de la R\u00e9publique de Touva\u00a0\u00bb<\/p>\n<p>&nbsp;<\/p>\n<p><img loading=\"lazy\" class=\"alignright wp-image-107 size-thumbnail\" src=\"http:\/\/choeur.eurasie.free.fr\/wp-content\/uploads\/2018\/05\/Sanjieva-150x150.jpg\" sizes=\"(max-width: 150px) 100vw, 150px\" srcset=\"http:\/\/choeur.eurasie.free.fr\/wp-content\/uploads\/2018\/05\/Sanjieva-150x150.jpg 150w, http:\/\/choeur.eurasie.free.fr\/wp-content\/uploads\/2018\/05\/Sanjieva-100x100.jpg 100w\" alt=\"\" width=\"150\" height=\"150\" \/><\/p>\n<p><strong>Larissa SANJI\u00cfEVA, <\/strong>Oulan-Oude, Russie<\/p>\n<p>\u00ab\u00a0Les \u0153uvres vocales et chorales des compositeurs bouriates\u00a0\u00bb<\/p>\n<p>&nbsp;<\/p>\n<p>&nbsp;<\/p>\n<p><img loading=\"lazy\" class=\"wp-image-109 size-thumbnail alignright\" src=\"http:\/\/choeur.eurasie.free.fr\/wp-content\/uploads\/2018\/05\/Klevitskii-150x150.jpg\" sizes=\"(max-width: 150px) 100vw, 150px\" srcset=\"http:\/\/choeur.eurasie.free.fr\/wp-content\/uploads\/2018\/05\/Klevitskii-150x150.jpg 150w, http:\/\/choeur.eurasie.free.fr\/wp-content\/uploads\/2018\/05\/Klevitskii-100x100.jpg 100w\" alt=\"\" width=\"150\" height=\"150\" \/><\/p>\n<p><strong>Alexandre KLEVITSKI\u00cf, <\/strong>Moscou, Russie<\/p>\n<p>\u00ab\u00a0Les \u0153uvres des compositeurs contemporains et l\u2019entreprenariat dans le domaine de la culture\u00a0\u00bb<\/p>\n<p>&nbsp;<\/p>\n<p><img loading=\"lazy\" class=\"alignright wp-image-108 size-thumbnail\" src=\"http:\/\/choeur.eurasie.free.fr\/wp-content\/uploads\/2018\/05\/Soloviev-150x150.jpg\" sizes=\"(max-width: 150px) 100vw, 150px\" srcset=\"http:\/\/choeur.eurasie.free.fr\/wp-content\/uploads\/2018\/05\/Soloviev-150x150.jpg 150w, http:\/\/choeur.eurasie.free.fr\/wp-content\/uploads\/2018\/05\/Soloviev-100x100.jpg 100w\" alt=\"\" width=\"150\" height=\"150\" \/><\/p>\n<p><strong>Alexandre SOLOV\u00cfEV, <\/strong>Moscou, Russie<\/p>\n<p>\u00ab\u00a0R\u00e9flexions autour l\u2019interpr\u00e9tation de l\u2019art choral contemporain\u00a0\u00bb<\/p>\n<p>&nbsp;<\/p>\n<p><strong><img loading=\"lazy\" class=\"alignright size-thumbnail wp-image-162\" src=\"http:\/\/choeur.eurasie.free.fr\/wp-content\/uploads\/2018\/05\/LeipsonPetit-150x150.jpg\" sizes=\"(max-width: 150px) 100vw, 150px\" srcset=\"http:\/\/choeur.eurasie.free.fr\/wp-content\/uploads\/2018\/05\/LeipsonPetit-150x150.jpg 150w, http:\/\/choeur.eurasie.free.fr\/wp-content\/uploads\/2018\/05\/LeipsonPetit-100x100.jpg 100w\" alt=\"\" width=\"150\" height=\"150\" \/>Lioudmila LE\u00cfPSON,\u00a0<\/strong>Flensbourg, Allemagne<\/p>\n<p>\u00ab\u00a0Le \u00ab\u00a0Stimmung\u00a0\u00bb de K. Stockhausen, premier exemple de chant diphonique dans l\u2019histoire de la composition en Europe de l\u2019Ouest (\u00e0 l\u2019occasion des 50 ans de la version parisienne)\u00a0\u00bb.<\/p>\n<p>&nbsp;<\/p>\n<p><strong>Margarite MOISSE\u00cfEVA,<img loading=\"lazy\" class=\"alignright size-thumbnail wp-image-188\" src=\"http:\/\/choeur.eurasie.free.fr\/wp-content\/uploads\/2018\/05\/Moisseieva-150x150.png\" sizes=\"(max-width: 150px) 100vw, 150px\" srcset=\"http:\/\/choeur.eurasie.free.fr\/wp-content\/uploads\/2018\/05\/Moisseieva-150x150.png 150w, http:\/\/choeur.eurasie.free.fr\/wp-content\/uploads\/2018\/05\/Moisseieva-100x100.png 100w\" alt=\"\" width=\"150\" height=\"150\" \/>\u00a0<\/strong>Vilnius, Lituanie<\/p>\n<p>\u00ab\u00a0L\u2019enseignement du chant liturgique orthodoxe en Lituanie au XIXe si\u00e8cle (sur la base des documents des \u00e9tablissements d\u2019\u00e9ducation religieuse et de l\u2019enseignement de l\u2019art choral\u00a0\u00bb<\/p>\n<p>&nbsp;<\/p>\n<p><strong>Victoras MINIOTAS,<br \/>\n<\/strong>Vilnius, Lituanie<strong><img loading=\"lazy\" class=\"alignright size-thumbnail wp-image-191\" src=\"http:\/\/choeur.eurasie.free.fr\/wp-content\/uploads\/2018\/05\/VictorasMiniotas-150x150.png\" sizes=\"(max-width: 150px) 100vw, 150px\" srcset=\"http:\/\/choeur.eurasie.free.fr\/wp-content\/uploads\/2018\/05\/VictorasMiniotas-150x150.png 150w, http:\/\/choeur.eurasie.free.fr\/wp-content\/uploads\/2018\/05\/VictorasMiniotas-100x100.png 100w\" alt=\"\" width=\"150\" height=\"150\" \/><\/strong><b><\/b><\/p>\n<p>\u00ab\u00a0La nouvelle musique chorale et d\u2019ensembles vocaux et leur interpr\u00e9tation\u00a0\u00bb<\/p>\n<p>&nbsp;<\/p>\n<p><strong>Svetlana MINIOTAS,\u00a0<img loading=\"lazy\" class=\"alignright size-thumbnail wp-image-193\" src=\"http:\/\/choeur.eurasie.free.fr\/wp-content\/uploads\/2018\/05\/SvetlanaMiniotas-150x150.png\" sizes=\"(max-width: 150px) 100vw, 150px\" srcset=\"http:\/\/choeur.eurasie.free.fr\/wp-content\/uploads\/2018\/05\/SvetlanaMiniotas-150x150.png 150w, http:\/\/choeur.eurasie.free.fr\/wp-content\/uploads\/2018\/05\/SvetlanaMiniotas-100x100.png 100w\" alt=\"\" width=\"150\" height=\"150\" \/><\/strong>Vilnius, Lituanie<\/p>\n<p>Pr\u00e9sentation de la maquette du livre \u00ab\u00a0Voyage en Solfalandia\u00a0\u00bb<\/p>\n<p>&nbsp;<\/p>\n<p>&nbsp;<\/p>\n<p>&nbsp;<\/p>\n<p>L&#39;information du site http:\/\/choir-eurasia.com\/<\/p>\n<p>&nbsp;<\/p>\n<p>&nbsp;<\/p>","protected":false},"excerpt":{"rendered":"<p>D\u00e9sol\u00e9, cet article est seulement disponible en Russe.<\/p>\n","protected":false},"author":2,"featured_media":214653,"comment_status":"open","ping_status":"open","sticky":false,"template":"","format":"standard","meta":[],"categories":[3063],"tags":[],"aioseo_notices":[],"_links":{"self":[{"href":"https:\/\/rusoch.fr\/fr\/wp-json\/wp\/v2\/posts\/214650"}],"collection":[{"href":"https:\/\/rusoch.fr\/fr\/wp-json\/wp\/v2\/posts"}],"about":[{"href":"https:\/\/rusoch.fr\/fr\/wp-json\/wp\/v2\/types\/post"}],"author":[{"embeddable":true,"href":"https:\/\/rusoch.fr\/fr\/wp-json\/wp\/v2\/users\/2"}],"replies":[{"embeddable":true,"href":"https:\/\/rusoch.fr\/fr\/wp-json\/wp\/v2\/comments?post=214650"}],"version-history":[{"count":5,"href":"https:\/\/rusoch.fr\/fr\/wp-json\/wp\/v2\/posts\/214650\/revisions"}],"predecessor-version":[{"id":214675,"href":"https:\/\/rusoch.fr\/fr\/wp-json\/wp\/v2\/posts\/214650\/revisions\/214675"}],"wp:featuredmedia":[{"embeddable":true,"href":"https:\/\/rusoch.fr\/fr\/wp-json\/wp\/v2\/media\/214653"}],"wp:attachment":[{"href":"https:\/\/rusoch.fr\/fr\/wp-json\/wp\/v2\/media?parent=214650"}],"wp:term":[{"taxonomy":"category","embeddable":true,"href":"https:\/\/rusoch.fr\/fr\/wp-json\/wp\/v2\/categories?post=214650"},{"taxonomy":"post_tag","embeddable":true,"href":"https:\/\/rusoch.fr\/fr\/wp-json\/wp\/v2\/tags?post=214650"}],"curies":[{"name":"wp","href":"https:\/\/api.w.org\/{rel}","templated":true}]}}