{"id":214676,"date":"2018-06-18T00:52:51","date_gmt":"2018-06-17T23:52:51","guid":{"rendered":"http:\/\/rusoch.fr\/?p=214676"},"modified":"2021-03-16T12:01:05","modified_gmt":"2021-03-16T11:01:05","slug":"novyj-sezon-seine-musicale-i-vystuplenie-permskogo-baleta","status":"publish","type":"post","link":"https:\/\/rusoch.fr\/fr\/cult\/novyj-sezon-seine-musicale-i-vystuplenie-permskogo-baleta.html","title":{"rendered":"La nouvelle saison de la Seine Musicale d\u00e9bute et s&#39;y produit le Ballet de Perm"},"content":{"rendered":"<p><strong>Cette \u00e9dition de la Seine Musicale est pass\u00e9e \u00e0 une vitesse folle. Quatre cent mille personnes se sont rendues sur l&#39;Ile de la musique o\u00f9 chaque soir deux salles \u00e9taient pleines \u00e0 craquer dont la plus grande peut accueillir jusqu&#39;\u00e0 six milles spectateurs.<\/strong> <!--more--><\/p>\n<p><div id=\"attachment_214677\" style=\"width: 574px\" class=\"wp-caption alignnone\"><a href=\"http:\/\/rusoch.fr\/files\/2018\/06\/455-la-seine-musicale-vue-de-nuit-article_content-1.jpg\"><img aria-describedby=\"caption-attachment-214677\" loading=\"lazy\" class=\"wp-image-214677 size-full\" src=\"http:\/\/rusoch.fr\/files\/2018\/06\/455-la-seine-musicale-vue-de-nuit-article_content-1.jpg\" alt=\"\" width=\"564\" height=\"337\" \/><\/a><p id=\"caption-attachment-214677\" class=\"wp-caption-text\">Seine Musicale<\/p><\/div><\/p>\n<p>L&#39;\u00eele Seguin, situ\u00e9e au milieu de la Seine, est presque enti\u00e8rement occup\u00e9e par un complexe joliment appel\u00e9 la Seine Musicale est un monde \u00e0 part, r\u00e9git par ses propres r\u00e8gles musicales. De la hauteur d&#39;un vol d&#39;oiseau, il est semblable \u00e0 un gigantesque paquebot voguant au milieu de l&#39;oc\u00e9an urbain. Ici on trouve de tout: des sentiers de promenade sur sept mille m\u00e8tres carr\u00e9 sur le toit, de la bonne cuisine dans des bars et restaurants, et m\u00eame sa propre brasserie avec sa propre bi\u00e8re qui, selon les dires, est produite sur place.<\/p>\n<p>Mais tout cela n&#39;est qu&#39;une pr\u00e9lude \u00e0 l&#39;\u00e9v\u00e8nement majeur, pour cette musique qui r\u00e8gne entre ces murs.<\/p>\n<p>\"La premi\u00e8re saison s&#39;ach\u00e8ve, saluons la nouvelle ! \" annonce la direction.<\/p>\n<p><div id=\"attachment_214680\" style=\"width: 610px\" class=\"wp-caption alignnone\"><a href=\"http:\/\/rusoch.fr\/files\/2018\/06\/Glav-2.jpg\"><img aria-describedby=\"caption-attachment-214680\" loading=\"lazy\" class=\"wp-image-214680 size-large\" src=\"http:\/\/rusoch.fr\/files\/2018\/06\/Glav-2-600x338.jpg\" alt=\"\" width=\"600\" height=\"338\" srcset=\"https:\/\/rusoch.fr\/files\/2018\/06\/Glav-2-600x338.jpg 600w, https:\/\/rusoch.fr\/files\/2018\/06\/Glav-2-596x336.jpg 596w, https:\/\/rusoch.fr\/files\/2018\/06\/Glav-2-768x432.jpg 768w, https:\/\/rusoch.fr\/files\/2018\/06\/Glav-2.jpg 1000w\" sizes=\"(max-width: 600px) 100vw, 600px\" \/><\/a><p id=\"caption-attachment-214680\" class=\"wp-caption-text\">La nouvelle saison<\/p><\/div><\/p>\n<p>La nouvelle programmation laisse la place \u00e0 tous les styles musicaux: de l&#39;op\u00e9ra au jazz en passant par <strong>Charles Aznavour<\/strong> qui va y chanter le 8 novembre.<\/p>\n<p>Parmi les concerts les plus inattendus, il y figure le <em>Sacre du printemps<\/em> de Stravinsky arrang\u00e9 par <strong>Bartabas<\/strong> pour l\u2019Acad\u00e9mie \u00e9questre de Versailles, accompagn\u00e9 par Orchestre Philharmonique et le Ch\u0153ur de Radio France. Sur sc\u00e8ne, deux cents artistes et chevaux reproduiront la fresque dessinant les anciens rites pa\u00efens.<\/p>\n<p>Selon Bartabas, il s&#39;est pris pour ce spectacle avec la certitude que c&#39;est non seulement le ballet le plus moderne du XX\u00e8me si\u00e8cle, mais aussi du XXI\u00e8me si\u00e8cle et &laquo;si Stravinsky l&#39;avait \u00e9crit aujourd&#39;hui, il serait vu comme le plus beau et le plus actuel des ballets.&raquo;<\/p>\n<p><a href=\"http:\/\/rusoch.fr\/files\/2018\/06\/20180601_132137.jpg\"><img loading=\"lazy\" class=\"alignnone size-large wp-image-214681\" src=\"http:\/\/rusoch.fr\/files\/2018\/06\/20180601_132137-600x338.jpg\" alt=\"\" width=\"600\" height=\"338\" srcset=\"https:\/\/rusoch.fr\/files\/2018\/06\/20180601_132137-600x338.jpg 600w, https:\/\/rusoch.fr\/files\/2018\/06\/20180601_132137-596x336.jpg 596w, https:\/\/rusoch.fr\/files\/2018\/06\/20180601_132137-768x432.jpg 768w, https:\/\/rusoch.fr\/files\/2018\/06\/20180601_132137.jpg 1000w\" sizes=\"(max-width: 600px) 100vw, 600px\" \/><\/a><\/p>\n<p>Une autre repr\u00e9sentation \u00e0 ne pas manquer, &laquo;Casse-noisette&raquo; interpr\u00e9t\u00e9 par <strong>le Ballet National de Chine<\/strong>. Les chor\u00e9graphes chinois ont unis les classiques occidentaux avec une interpr\u00e9tation chinoise de l&#39;intrigue. D&#39;apr\u00e8s les extraits qui ont pu \u00eatre aper\u00e7us, le r\u00e9sultat est tr\u00e8s inattendu.<\/p>\n<p>Le Japon est repr\u00e9sent\u00e9 par sa chanteuse virtuelle <strong>Hatsune Miku<\/strong>, une ic\u00f4ne de la pop chez les jeunes. Elle cartonne avec ses dizaines de milliers de vues sur youtube et ses disques se vendent comme des petits pains.<\/p>\n<p>Parmi les musiciens classiques les plus charismatiques on y trouve <strong>Particia Kopatchinskaya<\/strong>.<\/p>\n<p><iframe title=\"Insula \u00e0 la Seine Musicale\" width=\"640\" height=\"360\" src=\"https:\/\/www.youtube.com\/embed\/rrHdVIPrlk0?feature=oembed\" frameborder=\"0\" allow=\"accelerometer; autoplay; clipboard-write; encrypted-media; gyroscope; picture-in-picture\" allowfullscreen><\/iframe><\/p>\n<p>Enfin, le public pourra bien \u00e9videmment assister au concert de l&#39;Acad\u00e9mie du c\u00e9l\u00e8bre contret\u00e9nor <strong>Philippe Jaroussky<\/strong> dont les artistes sont en r\u00e9sidence \u00e0 La Seine Musicale.<\/p>\n<p>Dans quelques jours, le 28, 29 et 30 juin, dans le cadre du grand festival Les Et\u00e9s de la Danse, vont monter sur sc\u00e8ne les artistes de l&#39;Op\u00e9ra et du<strong> Ballet de Perm<\/strong>.<\/p>\n<p><div id=\"attachment_214682\" style=\"width: 610px\" class=\"wp-caption alignnone\"><a href=\"http:\/\/rusoch.fr\/files\/2018\/06\/Perm.jpg\"><img aria-describedby=\"caption-attachment-214682\" loading=\"lazy\" class=\"wp-image-214682 size-large\" src=\"http:\/\/rusoch.fr\/files\/2018\/06\/Perm-600x329.jpg\" alt=\"\" width=\"600\" height=\"329\" srcset=\"https:\/\/rusoch.fr\/files\/2018\/06\/Perm-600x329.jpg 600w, https:\/\/rusoch.fr\/files\/2018\/06\/Perm-596x326.jpg 596w, https:\/\/rusoch.fr\/files\/2018\/06\/Perm-768x421.jpg 768w, https:\/\/rusoch.fr\/files\/2018\/06\/Perm-275x150.jpg 275w, https:\/\/rusoch.fr\/files\/2018\/06\/Perm.jpg 840w\" sizes=\"(max-width: 600px) 100vw, 600px\" \/><\/a><p id=\"caption-attachment-214682\" class=\"wp-caption-text\">Le Ballet de l&#39;Op\u00e9ra de Perm<\/p><\/div><\/p>\n<p>Cette ann\u00e9e, la programmation du festival Les Et\u00e9s de la Danse, est consacr\u00e9e au centenaire de l&#39;exceptionnel chor\u00e9graphe am\u00e9ricain Jerome Robbins. A cette occasion la troupe du Ballet de Perm interpr\u00e9tera le c\u00e9l\u00e8bre ballet de Robbins <em>Four Seasons<\/em> sur la musique de Verdi.<\/p>\n<p>Pour la premi\u00e8re fois, la troupe du Ballet de Perm se produira au festival Les Et\u00e9s de la Danse aux cot\u00e9s des troupes mondialement connues comme le Ballet de New York, le Ballet de San Francisco et le Ballet de Miami.<\/p>\n<p>Le Ballet de Perm sera le seul participant russe mais aussi europ\u00e9en.<\/p>\n<p><em>La programmation compl\u00e8te de la Seine Musicale 2018&mdash;2019 est disponible sur le site <a href=\"https:\/\/www.laseinemusicale.com\/\"><u>https:\/\/www.laseinemusicale.com\/<\/u><\/a><\/em><\/p>\n<p><em>La Seine Musical, Ile Seguin. \u041c\u0435\u0442\u0440\u043e Pont de S\u00e8vres<\/em><\/p>\n<p>&nbsp;<\/p>\n<p><strong>Sur le m\u00eame sujet:<\/strong><\/p>\n<blockquote class=\"wp-embedded-content\" data-secret=\"YzrfTRLJDa\">\n<p><a href=\"https:\/\/rusoch.fr\/cult\/ostrov-muzyki.html\">L\u2019\u00eele de la musique<\/a><\/p>\n<\/blockquote>\n<p><iframe class=\"wp-embedded-content\" sandbox=\"allow-scripts\" security=\"restricted\" style=\"position: absolute; clip: rect(1px, 1px, 1px, 1px);\" title=\"\u00abL\u2019\u00eele de la musique\u00bb &#8212; \u0420\u0443\u0441\u0441\u043a\u0438\u0439 \u043e\u0447\u0435\u0432\u0438\u0434\u0435\u0446 | L\u2019Observateur Russe\" src=\"https:\/\/rusoch.fr\/cult\/ostrov-muzyki.html\/embed#?secret=YzrfTRLJDa\" data-secret=\"YzrfTRLJDa\" width=\"600\" height=\"338\" frameborder=\"0\" marginwidth=\"0\" marginheight=\"0\" scrolling=\"no\"><\/iframe><\/p>\n<p>&nbsp;<\/p>\n<p><em>\u00a0<\/em><\/p>","protected":false},"excerpt":{"rendered":"<p>D\u00e9sol\u00e9, cet article est seulement disponible en Russe.<\/p>\n","protected":false},"author":2,"featured_media":214677,"comment_status":"open","ping_status":"open","sticky":false,"template":"","format":"standard","meta":[],"categories":[5],"tags":[3437,3438,692],"aioseo_notices":[],"_links":{"self":[{"href":"https:\/\/rusoch.fr\/fr\/wp-json\/wp\/v2\/posts\/214676"}],"collection":[{"href":"https:\/\/rusoch.fr\/fr\/wp-json\/wp\/v2\/posts"}],"about":[{"href":"https:\/\/rusoch.fr\/fr\/wp-json\/wp\/v2\/types\/post"}],"author":[{"embeddable":true,"href":"https:\/\/rusoch.fr\/fr\/wp-json\/wp\/v2\/users\/2"}],"replies":[{"embeddable":true,"href":"https:\/\/rusoch.fr\/fr\/wp-json\/wp\/v2\/comments?post=214676"}],"version-history":[{"count":2,"href":"https:\/\/rusoch.fr\/fr\/wp-json\/wp\/v2\/posts\/214676\/revisions"}],"predecessor-version":[{"id":214769,"href":"https:\/\/rusoch.fr\/fr\/wp-json\/wp\/v2\/posts\/214676\/revisions\/214769"}],"wp:featuredmedia":[{"embeddable":true,"href":"https:\/\/rusoch.fr\/fr\/wp-json\/wp\/v2\/media\/214677"}],"wp:attachment":[{"href":"https:\/\/rusoch.fr\/fr\/wp-json\/wp\/v2\/media?parent=214676"}],"wp:term":[{"taxonomy":"category","embeddable":true,"href":"https:\/\/rusoch.fr\/fr\/wp-json\/wp\/v2\/categories?post=214676"},{"taxonomy":"post_tag","embeddable":true,"href":"https:\/\/rusoch.fr\/fr\/wp-json\/wp\/v2\/tags?post=214676"}],"curies":[{"name":"wp","href":"https:\/\/api.w.org\/{rel}","templated":true}]}}