{"id":215107,"date":"2018-10-07T09:20:39","date_gmt":"2018-10-07T08:20:39","guid":{"rendered":"http:\/\/rusoch.fr\/?p=215107"},"modified":"2018-10-08T13:48:39","modified_gmt":"2018-10-08T12:48:39","slug":"v-parizhe-otkryli-memorialnuyu-dosku-i-repinu-i-v-polenovu","status":"publish","type":"post","link":"https:\/\/rusoch.fr\/fr\/mond\/v-parizhe-otkryli-memorialnuyu-dosku-i-repinu-i-v-polenovu.html","title":{"rendered":"L\u2019inauguration d\u2019une plaque comm\u00e9morative \u00e0 Paris, mettant \u00e0 l\u2019honneur deux peintres russes"},"content":{"rendered":"<p><strong>Une plaque comm\u00e9morative \u00e0 Paris en l\u2019honneur de deux artistes peintres russes : Vassily Polenov et Ilya Repin a \u00e9t\u00e9 inaugur\u00e9e le week-end dernier.<\/strong><!--more--><\/p>\n<p><div id=\"attachment_215108\" style=\"width: 578px\" class=\"wp-caption alignnone\"><a href=\"http:\/\/rusoch.fr\/files\/2018\/10\/IMG_5138.jpg\"><img aria-describedby=\"caption-attachment-215108\" loading=\"lazy\" class=\"wp-image-215108 size-medium\" src=\"http:\/\/rusoch.fr\/files\/2018\/10\/IMG_5138-568x379.jpg\" alt=\"\" width=\"568\" height=\"379\" srcset=\"https:\/\/rusoch.fr\/files\/2018\/10\/IMG_5138-568x379.jpg 568w, https:\/\/rusoch.fr\/files\/2018\/10\/IMG_5138-768x512.jpg 768w, https:\/\/rusoch.fr\/files\/2018\/10\/IMG_5138-600x400.jpg 600w, https:\/\/rusoch.fr\/files\/2018\/10\/IMG_5138.jpg 1000w\" sizes=\"(max-width: 568px) 100vw, 568px\" \/><\/a><p id=\"caption-attachment-215108\" class=\"wp-caption-text\">\u00a9\u0411\u043e\u0440\u0438\u0441 \u0413\u0435\u0441\u0441\u0435\u043b\u044c<\/p><\/div><\/p>\n<p>Polenov et Repin \u00e9taient des amis de longue date et sont arriv\u00e9s \u00e0 Paris \u00e0 l\u2019aube de leurs trente ans. Tous deux laur\u00e9ats du concours de l&#39;Acad\u00e9mie Imp\u00e9riale des Beaux-Arts de Saint-P\u00e9tersbourg, ils ont pass\u00e9 trois ans en France (1873&mdash;1876). Cette p\u00e9riode de voyages et de d\u00e9couvertes a eu un impact majeur sur leur formation artistique.<\/p>\n<p>[v=avnV9ZutNxM]<\/p>\n<p>C\u2019est \u00e0 son arriv\u00e9e dans la capitale fran\u00e7aise, en septembre 1873, que Repin a install\u00e9 son atelier au 31 rue V\u00e9ron \u00e0 Montmartre. Polenov, arriv\u00e9 un peu plus tard, a pass\u00e9 ses premi\u00e8res semaines parisiennes dans l\u2019atelier de Repin, en attendant de trouver son propre lieu de travail.<\/p>\n<p>Cet atelier \u00e9tait situ\u00e9 sous les toits, logement typiquement r\u00e9serv\u00e9 aux artistes et autres professions lib\u00e9rales. La chambre avait une hauteur sous plafond importante ainsi que des grandes fen\u00eatres, conditions id\u00e9ales pour les peintres.<\/p>\n<p><div id=\"attachment_215113\" style=\"width: 578px\" class=\"wp-caption alignnone\"><a href=\"http:\/\/rusoch.fr\/files\/2018\/10\/Doska.jpg\"><img aria-describedby=\"caption-attachment-215113\" loading=\"lazy\" class=\"wp-image-215113 size-medium\" src=\"http:\/\/rusoch.fr\/files\/2018\/10\/Doska-568x379.jpg\" alt=\"\" width=\"568\" height=\"379\" srcset=\"https:\/\/rusoch.fr\/files\/2018\/10\/Doska-568x379.jpg 568w, https:\/\/rusoch.fr\/files\/2018\/10\/Doska-768x512.jpg 768w, https:\/\/rusoch.fr\/files\/2018\/10\/Doska-600x400.jpg 600w, https:\/\/rusoch.fr\/files\/2018\/10\/Doska.jpg 1000w\" sizes=\"(max-width: 568px) 100vw, 568px\" \/><\/a><p id=\"caption-attachment-215113\" class=\"wp-caption-text\">\u00a9\u0411\u043e\u0440\u0438\u0441 \u0413\u0435\u0441\u0441\u0435\u043b\u044c<\/p><\/div><\/p>\n<p>Aujourd\u2019hui, le b\u00e2timent est bien diff\u00e9rent de celui de l\u2019\u00e9poque des artistes m\u00eame si la rue V\u00e9ron reste tranquille et calme, \u00e0 l\u2019\u00e9cart du tumulte de Montmartre.<\/p>\n<p>L\u2019aspect actuel de la maison est moderne et repr\u00e9sente un d\u00e9fi pour l\u2019installation de la plaque comm\u00e9morative: la pr\u00e9sence de volets aux fen\u00eatres du premier \u00e9tage. En effet, ces volets r\u00e9duisent l\u2019espace disponible et la visibilit\u00e9 sur la fa\u00e7ade. C\u2019est le sculpteur Boris Katz qui a \u00e9t\u00e9 forc\u00e9 de proposition pour donner une visibilit\u00e9 constante sur le projet, volets ouverts ou ferm\u00e9s, en cr\u00e9ant une plaque originale en forme de \u201cT\u201d.<\/p>\n<p>[v=v3_JdNlvh7g]<\/p>\n<p>La plaque, repr\u00e9sentant le portrait des deux artistes, est aussi en soi une oeuvre d\u2019art, faite de bronze. D\u00e8s le d\u00e9but du projet, les descendants de Vassily Polenov et d\u2019Ilya Repin ainsi que les dirigeants des mus\u00e9es respectifs ont soutenu l\u2019id\u00e9e de l\u2019Association Vassily Polenov de mettre en avant le travail des artistes au travers de cette plaque comm\u00e9morative.<\/p>\n<p><div id=\"attachment_215110\" style=\"width: 578px\" class=\"wp-caption alignnone\"><a href=\"http:\/\/rusoch.fr\/files\/2018\/10\/IMG_5145.jpg\"><img aria-describedby=\"caption-attachment-215110\" loading=\"lazy\" class=\"wp-image-215110 size-medium\" src=\"http:\/\/rusoch.fr\/files\/2018\/10\/IMG_5145-568x379.jpg\" alt=\"\" width=\"568\" height=\"379\" srcset=\"https:\/\/rusoch.fr\/files\/2018\/10\/IMG_5145-568x379.jpg 568w, https:\/\/rusoch.fr\/files\/2018\/10\/IMG_5145-768x512.jpg 768w, https:\/\/rusoch.fr\/files\/2018\/10\/IMG_5145-600x400.jpg 600w, https:\/\/rusoch.fr\/files\/2018\/10\/IMG_5145.jpg 1000w\" sizes=\"(max-width: 568px) 100vw, 568px\" \/><\/a><p id=\"caption-attachment-215110\" class=\"wp-caption-text\">L&#39;arri\u00e8re-arri\u00e8re petite fille de Repine \u00a9\u0411\u043e\u0440\u0438\u0441 \u0413\u0435\u0441\u0441\u0435\u043b\u044c<\/p><\/div><\/p>\n<p>L\u2019association Vassily Polenov est \u00e0 l\u2019origine de ce projet comm\u00e9moratif. L\u2019initiative s\u2019inscrit dans la lign\u00e9e de l\u2019ouverture du Passage des Artistes Russes en 2005 et la cr\u00e9ation du Square Vassily Polenov dans la ville normande de Veules-les-Roses en 2015.<\/p>\n<p><div id=\"attachment_215111\" style=\"width: 597px\" class=\"wp-caption alignnone\"><a href=\"http:\/\/rusoch.fr\/files\/2018\/10\/Potomki.jpg\"><img aria-describedby=\"caption-attachment-215111\" loading=\"lazy\" class=\"wp-image-215111 size-medium\" src=\"http:\/\/rusoch.fr\/files\/2018\/10\/Potomki-587x379.jpg\" alt=\"\" width=\"587\" height=\"379\" srcset=\"https:\/\/rusoch.fr\/files\/2018\/10\/Potomki-587x379.jpg 587w, https:\/\/rusoch.fr\/files\/2018\/10\/Potomki-768x496.jpg 768w, https:\/\/rusoch.fr\/files\/2018\/10\/Potomki-600x388.jpg 600w, https:\/\/rusoch.fr\/files\/2018\/10\/Potomki.jpg 1000w\" sizes=\"(max-width: 587px) 100vw, 587px\" \/><\/a><p id=\"caption-attachment-215111\" class=\"wp-caption-text\">Les descendants de deux artistes. \u00a9\u0411\u043e\u0440\u0438\u0441 \u0413\u0435\u0441\u0441\u0435\u043b\u044c<\/p><\/div><\/p>\n<p>Tatiana Mojenok-Ninin, docteur en Histoire de l&#39;Art, auteur entre autres du livre sur Polenov &laquo;Vassili Polenov, chevalier de la beaut\u00e9&raquo; a parl\u00e9 du 175-\u00e8 anniversaire de deux peintres qui va \u00eatre c\u00e9l\u00e9br\u00e9 en 2019.<\/p>\n<p><div id=\"attachment_215112\" style=\"width: 578px\" class=\"wp-caption alignnone\"><a href=\"http:\/\/rusoch.fr\/files\/2018\/10\/Mojenok.jpg\"><img aria-describedby=\"caption-attachment-215112\" loading=\"lazy\" class=\"wp-image-215112 size-medium\" src=\"http:\/\/rusoch.fr\/files\/2018\/10\/Mojenok-568x379.jpg\" alt=\"\" width=\"568\" height=\"379\" srcset=\"https:\/\/rusoch.fr\/files\/2018\/10\/Mojenok-568x379.jpg 568w, https:\/\/rusoch.fr\/files\/2018\/10\/Mojenok-768x512.jpg 768w, https:\/\/rusoch.fr\/files\/2018\/10\/Mojenok-600x400.jpg 600w, https:\/\/rusoch.fr\/files\/2018\/10\/Mojenok.jpg 1000w\" sizes=\"(max-width: 568px) 100vw, 568px\" \/><\/a><p id=\"caption-attachment-215112\" class=\"wp-caption-text\">Tatiana Mojenok-Ninin \u00a9\u0411\u043e\u0440\u0438\u0441 \u0413\u0435\u0441\u0441\u0435\u043b\u044c<\/p><\/div><\/p>\n<p>Vassily Polenov et Ilya Repin sont des artistes r\u00e9alistes, des explorateurs et des r\u00e9formateurs de l\u2019Art Russe. Ils ont transmis leurs connaissances \u00e0 des g\u00e9n\u00e9rations d\u2019\u00e9tudiants et certains d\u2019entre eux sont m\u00eame devenus des artistes avant-gardistes. Leurs oeuvres sont l\u2019une des fiert\u00e9s de la Galerie Tretiakov \u00e0 Moscou et du Mus\u00e9e National Russe \u00e0 Saint-P\u00e9tersbourg. Leurs domaines priv\u00e9s sont devenus des maisons-mus\u00e9es f\u00e9d\u00e9raux: Mus\u00e9e-m\u00e9morial national d\u2019histoire et des arts et r\u00e9serve naturelle Vassily Dmitrievitch Polenov, connu sous le nom de POLENOVO (au sud de Moscou, dans la r\u00e9gion de Toula) et le Mus\u00e9e-domaine Ilya Repin \u00ab P\u00e9nates \u00bb (au nord de Saint-P\u00e9tersbourg).<\/p>\n<p><div id=\"attachment_215115\" style=\"width: 578px\" class=\"wp-caption alignnone\"><a href=\"http:\/\/rusoch.fr\/files\/2018\/10\/Veron.jpg\"><img aria-describedby=\"caption-attachment-215115\" loading=\"lazy\" class=\"wp-image-215115 size-medium\" src=\"http:\/\/rusoch.fr\/files\/2018\/10\/Veron-568x379.jpg\" alt=\"\" width=\"568\" height=\"379\" srcset=\"https:\/\/rusoch.fr\/files\/2018\/10\/Veron-568x379.jpg 568w, https:\/\/rusoch.fr\/files\/2018\/10\/Veron-768x512.jpg 768w, https:\/\/rusoch.fr\/files\/2018\/10\/Veron-600x400.jpg 600w, https:\/\/rusoch.fr\/files\/2018\/10\/Veron.jpg 1000w\" sizes=\"(max-width: 568px) 100vw, 568px\" \/><\/a><p id=\"caption-attachment-215115\" class=\"wp-caption-text\">La rue V\u00e9ron \u00a9\u0411\u043e\u0440\u0438\u0441 \u0413\u0435\u0441\u0441\u0435\u043b\u044c<\/p><\/div><\/p>\n<p><strong>A lire aussi:<\/strong><\/p>\n<blockquote class=\"wp-embedded-content\" data-secret=\"ab17PsQ6Ep\">\n<p><a href=\"http:\/\/rusoch.fr\/events\/24198.html\">\u041e\u0442\u043a\u0440\u044b\u0442\u0438\u0435 \u0441\u043a\u0432\u0435\u0440\u0430 \u041f\u043e\u043b\u0435\u043d\u043e\u0432\u0430 \u0432 \u041d\u043e\u0440\u043c\u0430\u043d\u0434\u0438\u0438|Inauguration du square Vassily Polenov en Normandy<\/a><\/p>\n<\/blockquote>\n<p><iframe class=\"wp-embedded-content\" sandbox=\"allow-scripts\" security=\"restricted\" style=\"position: absolute; clip: rect(1px, 1px, 1px, 1px);\" src=\"http:\/\/rusoch.fr\/events\/24198.html\/embed#?secret=ab17PsQ6Ep\" data-secret=\"ab17PsQ6Ep\" width=\"600\" height=\"338\" title=\"\u00ab\u041e\u0442\u043a\u0440\u044b\u0442\u0438\u0435 \u0441\u043a\u0432\u0435\u0440\u0430 \u041f\u043e\u043b\u0435\u043d\u043e\u0432\u0430 \u0432 \u041d\u043e\u0440\u043c\u0430\u043d\u0434\u0438\u0438|Inauguration du square Vassily Polenov en Normandy\u00bb &#8212; \u0420\u0443\u0441\u0441\u043a\u0438\u0439 \u043e\u0447\u0435\u0432\u0438\u0434\u0435\u0446 | L\u2019Observateur Russe\" frameborder=\"0\" marginwidth=\"0\" marginheight=\"0\" scrolling=\"no\"><\/iframe><\/p>\n<blockquote class=\"wp-embedded-content\" data-secret=\"dP1Rn1WzU2\">\n<p><a href=\"http:\/\/rusoch.fr\/cult\/dni-frankofonii-v-muzee-usadbe-v-polenova.html\">\u0414\u043d\u0438 \u0444\u0440\u0430\u043d\u043a\u043e\u0444\u043e\u043d\u0438\u0438 \u0432 \u043c\u0443\u0437\u0435\u0435-\u0443\u0441\u0430\u0434\u044c\u0431\u0435 \u0412.\u041f\u043e\u043b\u0435\u043d\u043e\u0432\u0430 | Les journ\u00e9es de la francophonie \u00e0 la maison-mus\u00e9e Polenov<\/a><\/p>\n<\/blockquote>\n<p><iframe class=\"wp-embedded-content\" sandbox=\"allow-scripts\" security=\"restricted\" style=\"position: absolute; clip: rect(1px, 1px, 1px, 1px);\" src=\"http:\/\/rusoch.fr\/cult\/dni-frankofonii-v-muzee-usadbe-v-polenova.html\/embed#?secret=dP1Rn1WzU2\" data-secret=\"dP1Rn1WzU2\" width=\"600\" height=\"338\" title=\"\u00ab\u0414\u043d\u0438 \u0444\u0440\u0430\u043d\u043a\u043e\u0444\u043e\u043d\u0438\u0438 \u0432 \u043c\u0443\u0437\u0435\u0435-\u0443\u0441\u0430\u0434\u044c\u0431\u0435 \u0412.\u041f\u043e\u043b\u0435\u043d\u043e\u0432\u0430 | Les journ\u00e9es de la francophonie \u00e0 la maison-mus\u00e9e Polenov\u00bb &#8212; \u0420\u0443\u0441\u0441\u043a\u0438\u0439 \u043e\u0447\u0435\u0432\u0438\u0434\u0435\u0446 | L\u2019Observateur Russe\" frameborder=\"0\" marginwidth=\"0\" marginheight=\"0\" scrolling=\"no\"><\/iframe><\/p>\n<p>&nbsp;<\/p>","protected":false},"excerpt":{"rendered":"<p>D\u00e9sol\u00e9, cet article est seulement disponible en Russe.<\/p>\n","protected":false},"author":2,"featured_media":215109,"comment_status":"open","ping_status":"open","sticky":false,"template":"","format":"standard","meta":[],"categories":[8],"tags":[1258,1000,3168],"aioseo_notices":[],"_links":{"self":[{"href":"https:\/\/rusoch.fr\/fr\/wp-json\/wp\/v2\/posts\/215107"}],"collection":[{"href":"https:\/\/rusoch.fr\/fr\/wp-json\/wp\/v2\/posts"}],"about":[{"href":"https:\/\/rusoch.fr\/fr\/wp-json\/wp\/v2\/types\/post"}],"author":[{"embeddable":true,"href":"https:\/\/rusoch.fr\/fr\/wp-json\/wp\/v2\/users\/2"}],"replies":[{"embeddable":true,"href":"https:\/\/rusoch.fr\/fr\/wp-json\/wp\/v2\/comments?post=215107"}],"version-history":[{"count":5,"href":"https:\/\/rusoch.fr\/fr\/wp-json\/wp\/v2\/posts\/215107\/revisions"}],"predecessor-version":[{"id":215153,"href":"https:\/\/rusoch.fr\/fr\/wp-json\/wp\/v2\/posts\/215107\/revisions\/215153"}],"wp:featuredmedia":[{"embeddable":true,"href":"https:\/\/rusoch.fr\/fr\/wp-json\/wp\/v2\/media\/215109"}],"wp:attachment":[{"href":"https:\/\/rusoch.fr\/fr\/wp-json\/wp\/v2\/media?parent=215107"}],"wp:term":[{"taxonomy":"category","embeddable":true,"href":"https:\/\/rusoch.fr\/fr\/wp-json\/wp\/v2\/categories?post=215107"},{"taxonomy":"post_tag","embeddable":true,"href":"https:\/\/rusoch.fr\/fr\/wp-json\/wp\/v2\/tags?post=215107"}],"curies":[{"name":"wp","href":"https:\/\/api.w.org\/{rel}","templated":true}]}}