{"id":215197,"date":"2018-10-24T00:14:01","date_gmt":"2018-10-23T23:14:01","guid":{"rendered":"http:\/\/rusoch.fr\/?p=215197"},"modified":"2018-10-24T08:43:14","modified_gmt":"2018-10-24T07:43:14","slug":"pod-nebom-golubym-huano-miro","status":"publish","type":"post","link":"https:\/\/rusoch.fr\/fr\/cult\/pod-nebom-golubym-huano-miro.html","title":{"rendered":"Sous le ciel bleu de Joan Miro"},"content":{"rendered":"<p><\/p>\n<div><strong>Dans la r\u00e9trospective au Grand Palais d\u00e9di\u00e9e au grand ma\u00eetre catalan Joan Mir\u00f3 (1893&mdash;1983), pr\u00e8s de 150 \u0153uvres <\/strong><strong>essentielles sont r\u00e9unies afin de donner \u00e0 cet \u0153uvre unique et majeur toute la place qui lui revient dans la <\/strong><strong>modernit\u00e9.<\/strong><\/div>\n<p><!--more--><\/p>\n<p><a href=\"http:\/\/rusoch.fr\/files\/2018\/10\/Glav-8.jpg\"><img loading=\"lazy\" class=\"alignnone size-medium wp-image-215198\" src=\"http:\/\/rusoch.fr\/files\/2018\/10\/Glav-8-596x336.jpg\" alt=\"\" width=\"596\" height=\"336\" srcset=\"https:\/\/rusoch.fr\/files\/2018\/10\/Glav-8-596x336.jpg 596w, https:\/\/rusoch.fr\/files\/2018\/10\/Glav-8-768x432.jpg 768w, https:\/\/rusoch.fr\/files\/2018\/10\/Glav-8-600x338.jpg 600w, https:\/\/rusoch.fr\/files\/2018\/10\/Glav-8.jpg 1000w\" sizes=\"(max-width: 596px) 100vw, 596px\" \/><\/a><\/p>\n<div>Dans une sc\u00e9nographie, cr\u00e9\u00e9e tout sp\u00e9cialement pour les espaces du Grand Palais et rappelant l\u2019univers<\/div>\n<div>m\u00e9diterran\u00e9en de Mir\u00f3, des \u0153uvres majeures (peintures et dessins, c\u00e9ramiques et sculptures, livres illustr\u00e9s)<\/div>\n<div>se c\u00f4toient afin de mettre en lumi\u00e8re cet itin\u00e9raire marqu\u00e9 de renouvellements incessants.<\/div>\n<div><\/div>\n<p>[v=lGJukGpZ4dY]<\/p>\n<div>Ni abstrait ni figuratif, riche de multiples inventions, c\u2019est<\/div>\n<div>dans un parcours po\u00e9tique que l\u2019on d\u00e9couvre le langage r\u00e9solument neuf que n\u2019a eu de cesse de d\u00e9velopper<\/div>\n<div>Mir\u00f3.<\/div>\n<div><\/div>\n<p><a href=\"http:\/\/rusoch.fr\/files\/2018\/10\/20181001_165736.jpg\"><img loading=\"lazy\" class=\"alignnone size-medium wp-image-215200\" src=\"http:\/\/rusoch.fr\/files\/2018\/10\/20181001_165736-596x336.jpg\" alt=\"\" width=\"596\" height=\"336\" srcset=\"https:\/\/rusoch.fr\/files\/2018\/10\/20181001_165736-596x336.jpg 596w, https:\/\/rusoch.fr\/files\/2018\/10\/20181001_165736-768x432.jpg 768w, https:\/\/rusoch.fr\/files\/2018\/10\/20181001_165736-600x338.jpg 600w, https:\/\/rusoch.fr\/files\/2018\/10\/20181001_165736.jpg 1000w\" sizes=\"(max-width: 596px) 100vw, 596px\" \/><\/a><\/p>\n<div>Son art prend ses sources dans la vitalit\u00e9 du quotidien pour s\u2019\u00e9panouir dans un monde jusqu\u2019alors<\/div>\n<div>m\u00e9connu o\u00f9 les r\u00eaves du cr\u00e9ateur occupent une place privil\u00e9gi\u00e9e.<\/div>\n<div>\u00ab Il me faut un point de d\u00e9part,<\/div>\n<div>explique<\/div>\n<div>Mir\u00f3,<\/div>\n<div>ne serait-ce qu\u2019un grain de poussi\u00e8re ou un \u00e9clat de lumi\u00e8re. Cette forme me procure une s\u00e9rie de<\/div>\n<div>choses, une chose faisant na\u00eetre une autre chose. Ainsi un bout de fil peut-il me d\u00e9clencher un monde. \u00bb<\/div>\n<div><\/div>\n<p><a href=\"http:\/\/rusoch.fr\/files\/2018\/10\/20181001_164629.jpg\"><img loading=\"lazy\" class=\"alignnone size-medium wp-image-215201\" src=\"http:\/\/rusoch.fr\/files\/2018\/10\/20181001_164629-596x336.jpg\" alt=\"\" width=\"596\" height=\"336\" srcset=\"https:\/\/rusoch.fr\/files\/2018\/10\/20181001_164629-596x336.jpg 596w, https:\/\/rusoch.fr\/files\/2018\/10\/20181001_164629-768x432.jpg 768w, https:\/\/rusoch.fr\/files\/2018\/10\/20181001_164629-600x338.jpg 600w, https:\/\/rusoch.fr\/files\/2018\/10\/20181001_164629.jpg 1000w\" sizes=\"(max-width: 596px) 100vw, 596px\" \/><\/a><\/p>\n<div>Mir\u00f3 transforme le monde avec une apparente simplicit\u00e9 de moyens, qu\u2019il s\u2019agisse d\u2019un signe,<\/div>\n<div>d\u2019une trace de doigt ou de celle de l\u2019eau sur le papier, d\u2019un trait apparemment fragile sur la toile,<\/div>\n<div>d\u2019un trait sur la terre qu\u2019il marie avec le feu, d\u2019un objet insignifiant assembl\u00e9 \u00e0 un autre objet.<\/div>\n<div>Il fait surgir de ces rapprochements \u00e9tonnants et de ces mariages insolites un univers constell\u00e9s de<\/div>\n<div>m\u00e9tamorphoses po\u00e9tiques qui vient r\u00e9enchanter notre monde.<\/div>\n<div>\u00ab Pour moi, avoue Mir\u00f3, un tableau doit \u00eatre comme des \u00e9tincelles. Il faut qu\u2019il \u00e9blouisse comme la beaut\u00e9 d\u2019une femme ou d\u2019un po\u00e8me \u00bb.<\/div>\n<div><\/div>\n<p><a href=\"http:\/\/rusoch.fr\/files\/2018\/10\/20181001_165648.jpg\"><img loading=\"lazy\" class=\"alignnone size-medium wp-image-215202\" src=\"http:\/\/rusoch.fr\/files\/2018\/10\/20181001_165648-596x336.jpg\" alt=\"\" width=\"596\" height=\"336\" srcset=\"https:\/\/rusoch.fr\/files\/2018\/10\/20181001_165648-596x336.jpg 596w, https:\/\/rusoch.fr\/files\/2018\/10\/20181001_165648-768x432.jpg 768w, https:\/\/rusoch.fr\/files\/2018\/10\/20181001_165648-600x338.jpg 600w, https:\/\/rusoch.fr\/files\/2018\/10\/20181001_165648.jpg 1000w\" sizes=\"(max-width: 596px) 100vw, 596px\" \/><\/a><\/p>\n<div>Les derni\u00e8res salles sont consacr\u00e9es aux vingt-cinq derni\u00e8res ann\u00e9es de la cr\u00e9ation du peintre. Dans son<\/div>\n<div>grand atelier de Palma de Majorque construit par son ami l\u2019architecte Josep Lluis Sert, Mir\u00f3 peint des \u0153uvres<\/div>\n<div>de plus grands formats qui donnent une ampleur nouvelle \u00e0 un geste toujours aussi m\u00e9ticuleusement pr\u00e9cis.<\/div>\n<div>Le vide s\u2019empare d\u2019une grande partie des toiles longuement m\u00e9dit\u00e9es. Mir\u00f3 d\u00e9ploie une \u00e9nergie nouvelle<\/div>\n<div>avec des signes et des formes mettant en \u00e9vidence une cr\u00e9ation toujours en \u00e9veil. De grandes sculptures en<\/div>\n<div>bronze, parfois peintes, disent, aussi \u00e0 cette \u00e9poque, la juxtaposition heureuse entre le r\u00e9el et l\u2019irr\u00e9el. Dans<\/div>\n<div>cette \u0153uvre ultime o\u00f9 le noir surgit souvent avec une force nouvelle, le tragique fr\u00f4le toujours l\u2019espoir. Ainsi<\/div>\n<div>Mir\u00f3 investit-il l\u2019univers pictural et sculptural avec une acuit\u00e9 attis\u00e9e par le temps qui passe.<\/div>\n<div><\/div>\n<p><em>Grand Palais &laquo;Miro&raquo;. Jusqu&#39;au 4 f\u00e9vrier 2019.<\/em><br \/>\n<em>Toute information: https:\/\/www.grandpalais.fr\/fr<\/em><\/p>","protected":false},"excerpt":{"rendered":"<p>D\u00e9sol\u00e9, cet article est seulement disponible en Russe.<\/p>\n","protected":false},"author":2,"featured_media":215199,"comment_status":"open","ping_status":"open","sticky":false,"template":"","format":"standard","meta":[],"categories":[5],"tags":[3170],"aioseo_notices":[],"_links":{"self":[{"href":"https:\/\/rusoch.fr\/fr\/wp-json\/wp\/v2\/posts\/215197"}],"collection":[{"href":"https:\/\/rusoch.fr\/fr\/wp-json\/wp\/v2\/posts"}],"about":[{"href":"https:\/\/rusoch.fr\/fr\/wp-json\/wp\/v2\/types\/post"}],"author":[{"embeddable":true,"href":"https:\/\/rusoch.fr\/fr\/wp-json\/wp\/v2\/users\/2"}],"replies":[{"embeddable":true,"href":"https:\/\/rusoch.fr\/fr\/wp-json\/wp\/v2\/comments?post=215197"}],"version-history":[{"count":5,"href":"https:\/\/rusoch.fr\/fr\/wp-json\/wp\/v2\/posts\/215197\/revisions"}],"predecessor-version":[{"id":215277,"href":"https:\/\/rusoch.fr\/fr\/wp-json\/wp\/v2\/posts\/215197\/revisions\/215277"}],"wp:featuredmedia":[{"embeddable":true,"href":"https:\/\/rusoch.fr\/fr\/wp-json\/wp\/v2\/media\/215199"}],"wp:attachment":[{"href":"https:\/\/rusoch.fr\/fr\/wp-json\/wp\/v2\/media?parent=215197"}],"wp:term":[{"taxonomy":"category","embeddable":true,"href":"https:\/\/rusoch.fr\/fr\/wp-json\/wp\/v2\/categories?post=215197"},{"taxonomy":"post_tag","embeddable":true,"href":"https:\/\/rusoch.fr\/fr\/wp-json\/wp\/v2\/tags?post=215197"}],"curies":[{"name":"wp","href":"https:\/\/api.w.org\/{rel}","templated":true}]}}