{"id":215268,"date":"2018-10-23T17:46:14","date_gmt":"2018-10-23T16:46:14","guid":{"rendered":"http:\/\/rusoch.fr\/?p=215268"},"modified":"2018-10-23T19:09:59","modified_gmt":"2018-10-23T18:09:59","slug":"francais-regards-compares-sur-la-siberie","status":"publish","type":"post","link":"https:\/\/rusoch.fr\/fr\/opinions\/francais-regards-compares-sur-la-siberie.html","title":{"rendered":"\"Regards Compar\u00e9s sur la Sib\u00e9rie\""},"content":{"rendered":"<p><strong>Du 12 au 15 novembre 2018 aura lieu \u00e0 l&#39;Inalco une projection sp\u00e9ciale &laquo;Regards Compar\u00e9s sur la Sib\u00e9rie&raquo;, organis\u00e9e dans le cadre du 37e Festival International Jean Rouch.\u00a0<\/strong><!--more--><\/p>\n<p><a href=\"http:\/\/rusoch.fr\/files\/2018\/10\/44434924_1810022255740302_8845392074170695680_o.jpeg\"><img loading=\"lazy\" class=\"alignnone size-medium wp-image-215269\" src=\"http:\/\/rusoch.fr\/files\/2018\/10\/44434924_1810022255740302_8845392074170695680_o-596x315.jpeg\" alt=\"\" width=\"596\" height=\"315\" srcset=\"https:\/\/rusoch.fr\/files\/2018\/10\/44434924_1810022255740302_8845392074170695680_o-596x315.jpeg 596w, https:\/\/rusoch.fr\/files\/2018\/10\/44434924_1810022255740302_8845392074170695680_o-600x317.jpeg 600w, https:\/\/rusoch.fr\/files\/2018\/10\/44434924_1810022255740302_8845392074170695680_o.jpeg 640w\" sizes=\"(max-width: 596px) 100vw, 596px\" \/><\/a><\/p>\n<p>La programmation regroupe un bon nombre de films documentaires autour du th\u00e8me de la Sib\u00e9rie, choisis avec soin tout au long de cette ann\u00e9e parfois dans d&#39;atroces souffrances ou dans la jubilation la plus totale par le Comit\u00e9 du Film Ethnographique (Mus\u00e9e de l&#39;Homme) et l&#39;Inalco.<\/p>\n<p><a href=\"http:\/\/rusoch.fr\/files\/2018\/10\/Regards-compare-s.jpg\"><img loading=\"lazy\" class=\"alignnone size-medium wp-image-215271\" src=\"http:\/\/rusoch.fr\/files\/2018\/10\/Regards-compare-s-505x379.jpg\" alt=\"\" width=\"505\" height=\"379\" srcset=\"https:\/\/rusoch.fr\/files\/2018\/10\/Regards-compare-s-505x379.jpg 505w, https:\/\/rusoch.fr\/files\/2018\/10\/Regards-compare-s-768x576.jpg 768w, https:\/\/rusoch.fr\/files\/2018\/10\/Regards-compare-s-533x400.jpg 533w, https:\/\/rusoch.fr\/files\/2018\/10\/Regards-compare-s-600x450.jpg 600w\" sizes=\"(max-width: 505px) 100vw, 505px\" \/><\/a><\/p>\n<p>Il y aura \u00e9galement une\u00a0<strong>Master class\u00a0 <\/strong>le 14 novembre avec les r\u00e9alisateurs n\u00e9n\u00e8tse\/finnois Anastasia Lapsui et Markku Lehmuskallio.<\/p>\n<p><a href=\"http:\/\/rusoch.fr\/files\/2018\/10\/44461532_1809128019163059_3864827450881998848_o.jpeg\"><img loading=\"lazy\" class=\"alignnone size-medium wp-image-215270\" src=\"http:\/\/rusoch.fr\/files\/2018\/10\/44461532_1809128019163059_3864827450881998848_o-596x315.jpeg\" alt=\"\" width=\"596\" height=\"315\" srcset=\"https:\/\/rusoch.fr\/files\/2018\/10\/44461532_1809128019163059_3864827450881998848_o-596x315.jpeg 596w, https:\/\/rusoch.fr\/files\/2018\/10\/44461532_1809128019163059_3864827450881998848_o-600x317.jpeg 600w, https:\/\/rusoch.fr\/files\/2018\/10\/44461532_1809128019163059_3864827450881998848_o.jpeg 640w\" sizes=\"(max-width: 596px) 100vw, 596px\" \/><\/a><\/p>\n<p>&nbsp;<\/p>\n<p><strong>Plus de d\u00e9tails sur les films\/r\u00e9alisateurs <\/strong><a href=\"https:\/\/www.comitedufilmethnographique.com\/event\/festival-international-jean-rouch-2018-jean-rouch-international-film-festival-2018\/regards-compares-siberie-crossed-views-siberia\/\">https:\/\/www.comitedufilmethnographique.com\/event\/festival-international-jean-rouch-2018-jean-rouch-international-film-festival-2018\/regards-compares-siberie-crossed-views-siberia\/<\/a><\/p>\n<p><em>L&#39;entr\u00e9e est libre. A l&#39;auditorium de l&#39;Inalco. Il y aura quelques surprises en parall\u00e8les des projections... :-)<\/em><\/p>\n<p><em>Inalco&nbsp;&mdash; 65 rue des Grands Moulins, 75013 Paris M\u00e9tro 14 \/ RER C : Biblioth\u00e8que Fran\u00e7ois Mitterand<\/em><\/p>\n<p>&nbsp;<\/p>\n<p><strong>Sur le m\u00eame sujet:<\/strong><\/p>\n<blockquote class=\"wp-embedded-content\" data-secret=\"LQTfOk0Rpb\">\n<p><a href=\"http:\/\/rusoch.fr\/temoin\/mir-rusofonii-na-festivale-im-zhana-rusha-v-parizhe.html\">Le Festival International Jean Rouch<\/a><\/p>\n<\/blockquote>\n<p><iframe class=\"wp-embedded-content\" sandbox=\"allow-scripts\" security=\"restricted\" style=\"position: absolute; clip: rect(1px, 1px, 1px, 1px);\" src=\"http:\/\/rusoch.fr\/temoin\/mir-rusofonii-na-festivale-im-zhana-rusha-v-parizhe.html\/embed#?secret=LQTfOk0Rpb\" data-secret=\"LQTfOk0Rpb\" width=\"600\" height=\"338\" title=\"\u00abLe Festival International Jean Rouch\u00bb &#8212; \u0420\u0443\u0441\u0441\u043a\u0438\u0439 \u043e\u0447\u0435\u0432\u0438\u0434\u0435\u0446 | L\u2019Observateur Russe\" frameborder=\"0\" marginwidth=\"0\" marginheight=\"0\" scrolling=\"no\"><\/iframe><\/p>\n<blockquote class=\"wp-embedded-content\" data-secret=\"HrXgag7far\">\n<p><a href=\"http:\/\/rusoch.fr\/cult\/v-parizhe-prohodit-festival-etnograficheskogo-kino-im-zhana-rusha.html\">Au festival de cin\u00e9ma Jean Rouch des films de pays russophones<\/a><\/p>\n<\/blockquote>\n<p><iframe class=\"wp-embedded-content\" sandbox=\"allow-scripts\" security=\"restricted\" style=\"position: absolute; clip: rect(1px, 1px, 1px, 1px);\" src=\"http:\/\/rusoch.fr\/cult\/v-parizhe-prohodit-festival-etnograficheskogo-kino-im-zhana-rusha.html\/embed#?secret=HrXgag7far\" data-secret=\"HrXgag7far\" width=\"600\" height=\"338\" title=\"\u00abAu festival de cin\u00e9ma Jean Rouch des films de pays russophones\u00bb &#8212; \u0420\u0443\u0441\u0441\u043a\u0438\u0439 \u043e\u0447\u0435\u0432\u0438\u0434\u0435\u0446 | L\u2019Observateur Russe\" frameborder=\"0\" marginwidth=\"0\" marginheight=\"0\" scrolling=\"no\"><\/iframe><\/p>\n<p>&nbsp;<\/p>\n<p>&nbsp;<\/p>","protected":false},"excerpt":{"rendered":"<p>D\u00e9sol\u00e9, cet article est seulement disponible en Russe.<\/p>\n","protected":false},"author":2,"featured_media":215269,"comment_status":"open","ping_status":"open","sticky":false,"template":"","format":"standard","meta":[],"categories":[3063],"tags":[],"aioseo_notices":[],"_links":{"self":[{"href":"https:\/\/rusoch.fr\/fr\/wp-json\/wp\/v2\/posts\/215268"}],"collection":[{"href":"https:\/\/rusoch.fr\/fr\/wp-json\/wp\/v2\/posts"}],"about":[{"href":"https:\/\/rusoch.fr\/fr\/wp-json\/wp\/v2\/types\/post"}],"author":[{"embeddable":true,"href":"https:\/\/rusoch.fr\/fr\/wp-json\/wp\/v2\/users\/2"}],"replies":[{"embeddable":true,"href":"https:\/\/rusoch.fr\/fr\/wp-json\/wp\/v2\/comments?post=215268"}],"version-history":[{"count":5,"href":"https:\/\/rusoch.fr\/fr\/wp-json\/wp\/v2\/posts\/215268\/revisions"}],"predecessor-version":[{"id":215276,"href":"https:\/\/rusoch.fr\/fr\/wp-json\/wp\/v2\/posts\/215268\/revisions\/215276"}],"wp:featuredmedia":[{"embeddable":true,"href":"https:\/\/rusoch.fr\/fr\/wp-json\/wp\/v2\/media\/215269"}],"wp:attachment":[{"href":"https:\/\/rusoch.fr\/fr\/wp-json\/wp\/v2\/media?parent=215268"}],"wp:term":[{"taxonomy":"category","embeddable":true,"href":"https:\/\/rusoch.fr\/fr\/wp-json\/wp\/v2\/categories?post=215268"},{"taxonomy":"post_tag","embeddable":true,"href":"https:\/\/rusoch.fr\/fr\/wp-json\/wp\/v2\/tags?post=215268"}],"curies":[{"name":"wp","href":"https:\/\/api.w.org\/{rel}","templated":true}]}}