{"id":215452,"date":"2018-11-16T10:55:51","date_gmt":"2018-11-16T09:55:51","guid":{"rendered":"http:\/\/rusoch.fr\/?p=215452"},"modified":"2019-01-30T14:30:48","modified_gmt":"2019-01-30T13:30:48","slug":"oskara-rabina-pohoronili-na-per-lashez","status":"publish","type":"post","link":"https:\/\/rusoch.fr\/fr\/events\/oskara-rabina-pohoronili-na-per-lashez.html","title":{"rendered":"Oscar Rabine repose au cimeti\u00e8re du P\u00e8re-Lachaise"},"content":{"rendered":"<p><strong>Oscar Rabine le grand artiste-peintre russe a \u00e9t\u00e9 enterr\u00e9 le 15 novembre 2018 au cimeti\u00e8re parisien du P\u00e8re-Lachaise.<\/strong><!--more--><\/p>\n<p><div id=\"attachment_215453\" style=\"width: 579px\" class=\"wp-caption alignnone\"><a href=\"http:\/\/rusoch.fr\/files\/2018\/11\/AAAAAAAA-125A7026A.jpg\"><img aria-describedby=\"caption-attachment-215453\" loading=\"lazy\" class=\"wp-image-215453 size-medium\" src=\"http:\/\/rusoch.fr\/files\/2018\/11\/AAAAAAAA-125A7026A-569x379.jpg\" alt=\"\" width=\"569\" height=\"379\" srcset=\"https:\/\/rusoch.fr\/files\/2018\/11\/AAAAAAAA-125A7026A-569x379.jpg 569w, https:\/\/rusoch.fr\/files\/2018\/11\/AAAAAAAA-125A7026A-768x512.jpg 768w, https:\/\/rusoch.fr\/files\/2018\/11\/AAAAAAAA-125A7026A-600x400.jpg 600w, https:\/\/rusoch.fr\/files\/2018\/11\/AAAAAAAA-125A7026A.jpg 960w\" sizes=\"(max-width: 569px) 100vw, 569px\" \/><\/a><p id=\"caption-attachment-215453\" class=\"wp-caption-text\">\u00a9Vladimir Bazan<\/p><\/div><\/p>\n<p>Dans le Fun\u00e9rarium une longue queue se forma pour pouvoir s\u2019approcher du cercueil d\u2019Oscar Rabine et lui dire les derniers mots.<\/p>\n<p>Pendant ce temps, un ciel lourd et sombre couvrait le cimeti\u00e8re, \u00e0 l&#39;image de celui repr\u00e9sent\u00e9 par Oscar dans ses peintures.<\/p>\n<p>Des amis, des artistes, des collectionneurs, des admirateurs sont venus. Ceux qui ne pouvaient pas s\u2019absenter. Qui connaissait Oscar Rabin depuis l\u2019\u00e9poque de l\u2019URSS et qui l\u2019ont rencontr\u00e9 en exil.<\/p>\n<p>Devant la tombe de l\u2019artiste ils ont parl\u00e9, ont lu des po\u00e8mes. Ils s\u2019inclinaient et disaient adieu\u2026...<\/p>\n<p>&nbsp;<\/p>\n<p><iframe width=\"640\" height=\"360\" src=\"https:\/\/www.youtube.com\/embed\/XvGsjVVBk7E?feature=oembed\" frameborder=\"0\" allow=\"accelerometer; autoplay; encrypted-media; gyroscope; picture-in-picture\" allowfullscreen><\/iframe><\/p>\n<p><div id=\"attachment_215456\" style=\"width: 576px\" class=\"wp-caption alignnone\"><a href=\"http:\/\/rusoch.fr\/files\/2018\/11\/A-125A7082A.jpg\"><img aria-describedby=\"caption-attachment-215456\" loading=\"lazy\" class=\"wp-image-215456 size-medium\" src=\"http:\/\/rusoch.fr\/files\/2018\/11\/A-125A7082A-566x379.jpg\" alt=\"\" width=\"566\" height=\"379\" srcset=\"https:\/\/rusoch.fr\/files\/2018\/11\/A-125A7082A-566x379.jpg 566w, https:\/\/rusoch.fr\/files\/2018\/11\/A-125A7082A-768x514.jpg 768w, https:\/\/rusoch.fr\/files\/2018\/11\/A-125A7082A-597x400.jpg 597w, https:\/\/rusoch.fr\/files\/2018\/11\/A-125A7082A-600x402.jpg 600w, https:\/\/rusoch.fr\/files\/2018\/11\/A-125A7082A.jpg 960w\" sizes=\"(max-width: 566px) 100vw, 566px\" \/><\/a><p id=\"caption-attachment-215456\" class=\"wp-caption-text\">La fille de l&#39;artiste Ekaterina \u00a9Vladimir Bazan<\/p><\/div><br \/>\n<div id=\"attachment_215457\" style=\"width: 533px\" class=\"wp-caption alignnone\"><a href=\"http:\/\/rusoch.fr\/files\/2018\/11\/A-125A7088A.jpg\"><img aria-describedby=\"caption-attachment-215457\" loading=\"lazy\" class=\"wp-image-215457 size-medium\" src=\"http:\/\/rusoch.fr\/files\/2018\/11\/A-125A7088A-523x379.jpg\" alt=\"\" width=\"523\" height=\"379\" srcset=\"https:\/\/rusoch.fr\/files\/2018\/11\/A-125A7088A-523x379.jpg 523w, https:\/\/rusoch.fr\/files\/2018\/11\/A-125A7088A-768x557.jpg 768w, https:\/\/rusoch.fr\/files\/2018\/11\/A-125A7088A-552x400.jpg 552w, https:\/\/rusoch.fr\/files\/2018\/11\/A-125A7088A-600x435.jpg 600w, https:\/\/rusoch.fr\/files\/2018\/11\/A-125A7088A.jpg 960w\" sizes=\"(max-width: 523px) 100vw, 523px\" \/><\/a><p id=\"caption-attachment-215457\" class=\"wp-caption-text\">Marc Ivacilevitch \u00a9Vladimir Bazan<\/p><\/div><br \/>\n<div id=\"attachment_215458\" style=\"width: 588px\" class=\"wp-caption alignnone\"><a href=\"http:\/\/rusoch.fr\/files\/2018\/11\/A-125A7116A.jpg\"><img aria-describedby=\"caption-attachment-215458\" loading=\"lazy\" class=\"wp-image-215458 size-medium\" src=\"http:\/\/rusoch.fr\/files\/2018\/11\/A-125A7116A-578x379.jpg\" alt=\"\" width=\"578\" height=\"379\" srcset=\"https:\/\/rusoch.fr\/files\/2018\/11\/A-125A7116A-578x379.jpg 578w, https:\/\/rusoch.fr\/files\/2018\/11\/A-125A7116A-768x503.jpg 768w, https:\/\/rusoch.fr\/files\/2018\/11\/A-125A7116A-600x393.jpg 600w, https:\/\/rusoch.fr\/files\/2018\/11\/A-125A7116A.jpg 960w\" sizes=\"(max-width: 578px) 100vw, 578px\" \/><\/a><p id=\"caption-attachment-215458\" class=\"wp-caption-text\">Tatiana, sa veuve \u00a9Vladimir Bazan<\/p><\/div><br \/>\n<div id=\"attachment_215459\" style=\"width: 600px\" class=\"wp-caption alignnone\"><a href=\"http:\/\/rusoch.fr\/files\/2018\/11\/A-125A7099A.jpg\"><img aria-describedby=\"caption-attachment-215459\" loading=\"lazy\" class=\"wp-image-215459 size-medium\" src=\"http:\/\/rusoch.fr\/files\/2018\/11\/A-125A7099A-590x379.jpg\" alt=\"\" width=\"590\" height=\"379\" srcset=\"https:\/\/rusoch.fr\/files\/2018\/11\/A-125A7099A-590x379.jpg 590w, https:\/\/rusoch.fr\/files\/2018\/11\/A-125A7099A-768x494.jpg 768w, https:\/\/rusoch.fr\/files\/2018\/11\/A-125A7099A-600x386.jpg 600w, https:\/\/rusoch.fr\/files\/2018\/11\/A-125A7099A.jpg 960w\" sizes=\"(max-width: 590px) 100vw, 590px\" \/><\/a><p id=\"caption-attachment-215459\" class=\"wp-caption-text\">\u00a9Vladimir Bazan<\/p><\/div><br \/>\n<div id=\"attachment_215460\" style=\"width: 585px\" class=\"wp-caption alignnone\"><a href=\"http:\/\/rusoch.fr\/files\/2018\/11\/A-125A7122A.jpg\"><img aria-describedby=\"caption-attachment-215460\" loading=\"lazy\" class=\"wp-image-215460 size-medium\" src=\"http:\/\/rusoch.fr\/files\/2018\/11\/A-125A7122A-575x379.jpg\" alt=\"\" width=\"575\" height=\"379\" srcset=\"https:\/\/rusoch.fr\/files\/2018\/11\/A-125A7122A-575x379.jpg 575w, https:\/\/rusoch.fr\/files\/2018\/11\/A-125A7122A-768x506.jpg 768w, https:\/\/rusoch.fr\/files\/2018\/11\/A-125A7122A-600x396.jpg 600w, https:\/\/rusoch.fr\/files\/2018\/11\/A-125A7122A.jpg 960w\" sizes=\"(max-width: 575px) 100vw, 575px\" \/><\/a><p id=\"caption-attachment-215460\" class=\"wp-caption-text\">\u00a9Vladimir Bazan<\/p><\/div><\/p>\n<p>La soir\u00e9e \u00e0 la m\u00e9moire de Oscare Rabine s&#39;est tenue au Centre de Russie pour la science et la culture \u00e0 Paris (CRSC).<\/p>\n<p><div id=\"attachment_215468\" style=\"width: 579px\" class=\"wp-caption alignnone\"><a href=\"http:\/\/rusoch.fr\/files\/2018\/11\/TF4A0034.jpeg\"><img aria-describedby=\"caption-attachment-215468\" loading=\"lazy\" class=\"wp-image-215468 size-medium\" src=\"http:\/\/rusoch.fr\/files\/2018\/11\/TF4A0034-569x379.jpeg\" alt=\"\" width=\"569\" height=\"379\" srcset=\"https:\/\/rusoch.fr\/files\/2018\/11\/TF4A0034-569x379.jpeg 569w, https:\/\/rusoch.fr\/files\/2018\/11\/TF4A0034-768x512.jpeg 768w, https:\/\/rusoch.fr\/files\/2018\/11\/TF4A0034-600x400.jpeg 600w, https:\/\/rusoch.fr\/files\/2018\/11\/TF4A0034.jpeg 1280w\" sizes=\"(max-width: 569px) 100vw, 569px\" \/><\/a><p id=\"caption-attachment-215468\" class=\"wp-caption-text\">K. Volkov le directeur de CRSC \u00a9V.Secletov<\/p><\/div><br \/>\n<div id=\"attachment_215469\" style=\"width: 579px\" class=\"wp-caption alignnone\"><a href=\"http:\/\/rusoch.fr\/files\/2018\/11\/TF4A0040.jpeg\"><img aria-describedby=\"caption-attachment-215469\" loading=\"lazy\" class=\"wp-image-215469 size-medium\" src=\"http:\/\/rusoch.fr\/files\/2018\/11\/TF4A0040-569x379.jpeg\" alt=\"\" width=\"569\" height=\"379\" srcset=\"https:\/\/rusoch.fr\/files\/2018\/11\/TF4A0040-569x379.jpeg 569w, https:\/\/rusoch.fr\/files\/2018\/11\/TF4A0040-768x512.jpeg 768w, https:\/\/rusoch.fr\/files\/2018\/11\/TF4A0040-600x400.jpeg 600w, https:\/\/rusoch.fr\/files\/2018\/11\/TF4A0040.jpeg 1280w\" sizes=\"(max-width: 569px) 100vw, 569px\" \/><\/a><p id=\"caption-attachment-215469\" class=\"wp-caption-text\">A.Orlov L&#39;ambassadeur de la Russie en 2008&mdash;2017 parle de Rabine \u00a9V.Secletov<\/p><\/div><\/p>\n<p>&nbsp;<\/p>","protected":false},"excerpt":{"rendered":"<p>D\u00e9sol\u00e9, cet article est seulement disponible en Russe.<\/p>\n","protected":false},"author":2,"featured_media":215454,"comment_status":"open","ping_status":"open","sticky":false,"template":"","format":"standard","meta":[],"categories":[6],"tags":[],"aioseo_notices":[],"_links":{"self":[{"href":"https:\/\/rusoch.fr\/fr\/wp-json\/wp\/v2\/posts\/215452"}],"collection":[{"href":"https:\/\/rusoch.fr\/fr\/wp-json\/wp\/v2\/posts"}],"about":[{"href":"https:\/\/rusoch.fr\/fr\/wp-json\/wp\/v2\/types\/post"}],"author":[{"embeddable":true,"href":"https:\/\/rusoch.fr\/fr\/wp-json\/wp\/v2\/users\/2"}],"replies":[{"embeddable":true,"href":"https:\/\/rusoch.fr\/fr\/wp-json\/wp\/v2\/comments?post=215452"}],"version-history":[{"count":5,"href":"https:\/\/rusoch.fr\/fr\/wp-json\/wp\/v2\/posts\/215452\/revisions"}],"predecessor-version":[{"id":215958,"href":"https:\/\/rusoch.fr\/fr\/wp-json\/wp\/v2\/posts\/215452\/revisions\/215958"}],"wp:featuredmedia":[{"embeddable":true,"href":"https:\/\/rusoch.fr\/fr\/wp-json\/wp\/v2\/media\/215454"}],"wp:attachment":[{"href":"https:\/\/rusoch.fr\/fr\/wp-json\/wp\/v2\/media?parent=215452"}],"wp:term":[{"taxonomy":"category","embeddable":true,"href":"https:\/\/rusoch.fr\/fr\/wp-json\/wp\/v2\/categories?post=215452"},{"taxonomy":"post_tag","embeddable":true,"href":"https:\/\/rusoch.fr\/fr\/wp-json\/wp\/v2\/tags?post=215452"}],"curies":[{"name":"wp","href":"https:\/\/api.w.org\/{rel}","templated":true}]}}