{"id":215482,"date":"2018-11-18T00:05:20","date_gmt":"2018-11-17T23:05:20","guid":{"rendered":"http:\/\/rusoch.fr\/?p=215482"},"modified":"2018-11-17T18:36:00","modified_gmt":"2018-11-17T17:36:00","slug":"100-letie-okonchaniya-pervoj-mirovoj-vojny-i-200-letie-turgeneva-vo-frantsuzskoj-glubinke","status":"publish","type":"post","link":"https:\/\/rusoch.fr\/fr\/mond\/100-letie-okonchaniya-pervoj-mirovoj-vojny-i-200-letie-turgeneva-vo-frantsuzskoj-glubinke.html","title":{"rendered":"le Bicentenaire de la naissance de Tourgueniev et le Centenaire de la fin de Grande Guerre"},"content":{"rendered":"<p><strong>L\u2019association \u00ab\u00a0Autour de la Russie\u00a0\u00bb a organis\u00e9 son traditionnel march\u00e9 d\u2019Automne russe \u00e0 Divonne-les-Bains du vendredi 26 au dimanche 28 octobre 2018.<\/strong><!--more--><\/p>\n<p><div id=\"attachment_215483\" style=\"width: 579px\" class=\"wp-caption alignnone\"><a href=\"http:\/\/rusoch.fr\/files\/2018\/11\/Kira-a-cote-d-aquarelles-des-ados-de-l-ecole-de-Tchern.jpg\"><img aria-describedby=\"caption-attachment-215483\" loading=\"lazy\" class=\"wp-image-215483 size-medium\" src=\"http:\/\/rusoch.fr\/files\/2018\/11\/Kira-a-cote-d-aquarelles-des-ados-de-l-ecole-de-Tchern-569x379.jpg\" alt=\"\" width=\"569\" height=\"379\" srcset=\"https:\/\/rusoch.fr\/files\/2018\/11\/Kira-a-cote-d-aquarelles-des-ados-de-l-ecole-de-Tchern-569x379.jpg 569w, https:\/\/rusoch.fr\/files\/2018\/11\/Kira-a-cote-d-aquarelles-des-ados-de-l-ecole-de-Tchern-768x511.jpg 768w, https:\/\/rusoch.fr\/files\/2018\/11\/Kira-a-cote-d-aquarelles-des-ados-de-l-ecole-de-Tchern-600x400.jpg 600w, https:\/\/rusoch.fr\/files\/2018\/11\/Kira-a-cote-d-aquarelles-des-ados-de-l-ecole-de-Tchern.jpg 1000w\" sizes=\"(max-width: 569px) 100vw, 569px\" \/><\/a><p id=\"caption-attachment-215483\" class=\"wp-caption-text\">Kira Ruchti<\/p><\/div><\/p>\n<p>Cette fois ci, les th\u00e8mes du march\u00e9 \u00e9taient le Bicentenaire de la naissance de Tourgueniev et le Centenaire de la fin de Grande Guerre.<\/p>\n<p>Pendant le vernissage, Kira Ruchti, la pr\u00e9sidente de l\u2019association, apr\u00e8s la pr\u00e9sentation des projets d\u2019aide aux enfants russes, a parl\u00e9 de la Russie pendant la Premi\u00e8re guerre mondiale, du Corps Exp\u00e9ditionnaire Russe et a soulign\u00e9, qu\u2019un des soldats de ce Corps, M.Egolnikoff, a \u00e9t\u00e9 enterr\u00e9 dans le cimeti\u00e8re de Divonne.<\/p>\n<p><div id=\"attachment_215485\" style=\"width: 606px\" class=\"wp-caption alignnone\"><a href=\"http:\/\/rusoch.fr\/files\/2018\/11\/kontsert-3.jpg\"><img aria-describedby=\"caption-attachment-215485\" loading=\"lazy\" class=\"wp-image-215485 size-medium\" src=\"http:\/\/rusoch.fr\/files\/2018\/11\/kontsert-3-596x359.jpg\" alt=\"\" width=\"596\" height=\"359\" srcset=\"https:\/\/rusoch.fr\/files\/2018\/11\/kontsert-3-596x359.jpg 596w, https:\/\/rusoch.fr\/files\/2018\/11\/kontsert-3-768x462.jpg 768w, https:\/\/rusoch.fr\/files\/2018\/11\/kontsert-3-600x361.jpg 600w, https:\/\/rusoch.fr\/files\/2018\/11\/kontsert-3.jpg 1000w\" sizes=\"(max-width: 596px) 100vw, 596px\" \/><\/a><p id=\"caption-attachment-215485\" class=\"wp-caption-text\">\u00ab M\u00e9lodies Eternelles \u00bb<\/p><\/div><\/p>\n<p>Samedi 27 octobre, le groupe<strong> \u00ab\u00a0<\/strong>M\u00e9lodies Eternelles\u00a0\u00bb a donn\u00e9 le concert<strong><br \/>\n\u00ab\u00a0<\/strong><strong>Culture et musique russes au d\u00e9but du XXe si\u00e8cle\u00a0\u00bb<\/strong><strong>.<\/strong> Igor Doudenkov, Julie Nevski, Alexandra Dobrokhotova et Jey Shahverdili ont interpr\u00e9t\u00e9 des chansons en russe et en fran\u00e7ais, en s\u2019accompagnant \u00e0 la guitare. \u00ab\u00a0M\u00e9lodies Eternelles\u00a0\u00bb est un groupe de chanteurs et musiciens russes habitant le Bassin l\u00e9manique qui se produit gracieusement chaque ann\u00e9e \u00e0 Divonne, par amiti\u00e9 pour \u00ab\u00a0Autour de la Russie\u00a0\u00bb. Le groupe s\u2019est enrichi cette ann\u00e9e de deux jeunes chanteurs au talent prometteur.<\/p>\n<p><div id=\"attachment_215486\" style=\"width: 552px\" class=\"wp-caption alignnone\"><a href=\"http:\/\/rusoch.fr\/files\/2018\/11\/Oxana-Mouromtseva.jpg\"><img aria-describedby=\"caption-attachment-215486\" loading=\"lazy\" class=\"wp-image-215486 size-medium\" src=\"http:\/\/rusoch.fr\/files\/2018\/11\/Oxana-Mouromtseva-542x379.jpg\" alt=\"\" width=\"542\" height=\"379\" srcset=\"https:\/\/rusoch.fr\/files\/2018\/11\/Oxana-Mouromtseva-542x379.jpg 542w, https:\/\/rusoch.fr\/files\/2018\/11\/Oxana-Mouromtseva-768x537.jpg 768w, https:\/\/rusoch.fr\/files\/2018\/11\/Oxana-Mouromtseva-572x400.jpg 572w, https:\/\/rusoch.fr\/files\/2018\/11\/Oxana-Mouromtseva-600x419.jpg 600w, https:\/\/rusoch.fr\/files\/2018\/11\/Oxana-Mouromtseva.jpg 1934w\" sizes=\"(max-width: 542px) 100vw, 542px\" \/><\/a><p id=\"caption-attachment-215486\" class=\"wp-caption-text\">Oxana Mouromtseva<\/p><\/div><\/p>\n<p>Oxana Mouromtseva a donn\u00e9 la conf\u00e9rence \u00ab\u00a0Le b<strong>icentenaire de la naissance de Tourgueniev\u00a0\u00bb, <\/strong>le dimanche 28 octobre<strong>.<\/strong> Avec une traduction faite par Elisabeth Golovanow. Oxana Mouromtseva, historienne, a d\u00e9j\u00e0 fait r\u00e9guli\u00e8rement des conf\u00e9rences pour \u00ab\u00a0Autour de la Russie\u00a0\u00bb. Elle a pr\u00e9sent\u00e9 l\u2019\u00e9crivain russe Ivan Tourgueniev (1818&mdash;1883), ses \u0153uvres, sa vie en Russie et en France.<\/p>\n<p>Apr\u00e8s la conf\u00e9rence, Nadia Utkina,\u00a0grande amie d\u2019\u00a0\u00ab\u00a0Autour de la Russie\u00a0\u00bb, a interpr\u00e9t\u00e9 quelques romances russes, l\u2019une d\u2019elles \u00e9tant de Tourgueniev.<\/p>\n<p><div id=\"attachment_215491\" style=\"width: 473px\" class=\"wp-caption alignnone\"><a href=\"http:\/\/rusoch.fr\/files\/2018\/11\/Nadia-Utkina-a-la-Blanchisserie.jpg\"><img aria-describedby=\"caption-attachment-215491\" loading=\"lazy\" class=\"wp-image-215491 size-medium\" src=\"http:\/\/rusoch.fr\/files\/2018\/11\/Nadia-Utkina-a-la-Blanchisserie-463x379.jpg\" alt=\"\" width=\"463\" height=\"379\" srcset=\"https:\/\/rusoch.fr\/files\/2018\/11\/Nadia-Utkina-a-la-Blanchisserie-463x379.jpg 463w, https:\/\/rusoch.fr\/files\/2018\/11\/Nadia-Utkina-a-la-Blanchisserie-768x629.jpg 768w, https:\/\/rusoch.fr\/files\/2018\/11\/Nadia-Utkina-a-la-Blanchisserie-488x400.jpg 488w, https:\/\/rusoch.fr\/files\/2018\/11\/Nadia-Utkina-a-la-Blanchisserie-600x491.jpg 600w, https:\/\/rusoch.fr\/files\/2018\/11\/Nadia-Utkina-a-la-Blanchisserie.jpg 1000w\" sizes=\"(max-width: 463px) 100vw, 463px\" \/><\/a><p id=\"caption-attachment-215491\" class=\"wp-caption-text\">Nadia Utkina<\/p><\/div><\/p>\n<p>Pendant les trois jours, les membres de l\u2019association proposaient le buffet russe\u00a0avec les traditionnelles soupes, zakouskis, pirojkis, th\u00e9 russe, caf\u00e9 et p\u00e2tisseries.<br \/>\nExpovente\u00a0: livres, artisanat et souvenirs provenant de la Russie, tableaux, objets artisanaux fabriqu\u00e9s par les enfants russes que l\u2019association soutient, avec en particulier une s\u00e9rie d\u2019aquarelles repr\u00e9sentant la maison de Tourgueniev \u00e0 Spasskoie Loutovinovo, r\u00e9alis\u00e9e par les jeunes de l\u2019\u00e9cole sp\u00e9cialis\u00e9e de Tchern.<\/p>\n<p><div id=\"attachment_215492\" style=\"width: 543px\" class=\"wp-caption alignnone\"><a href=\"http:\/\/rusoch.fr\/files\/2018\/11\/Spasskoie-Loutovinovo-par-un-eleve-de-Tchern.jpg\"><img aria-describedby=\"caption-attachment-215492\" loading=\"lazy\" class=\"wp-image-215492 size-medium\" src=\"http:\/\/rusoch.fr\/files\/2018\/11\/Spasskoie-Loutovinovo-par-un-eleve-de-Tchern-533x379.jpg\" alt=\"\" width=\"533\" height=\"379\" srcset=\"https:\/\/rusoch.fr\/files\/2018\/11\/Spasskoie-Loutovinovo-par-un-eleve-de-Tchern-533x379.jpg 533w, https:\/\/rusoch.fr\/files\/2018\/11\/Spasskoie-Loutovinovo-par-un-eleve-de-Tchern-768x546.jpg 768w, https:\/\/rusoch.fr\/files\/2018\/11\/Spasskoie-Loutovinovo-par-un-eleve-de-Tchern-563x400.jpg 563w, https:\/\/rusoch.fr\/files\/2018\/11\/Spasskoie-Loutovinovo-par-un-eleve-de-Tchern-600x427.jpg 600w, https:\/\/rusoch.fr\/files\/2018\/11\/Spasskoie-Loutovinovo-par-un-eleve-de-Tchern.jpg 1000w\" sizes=\"(max-width: 533px) 100vw, 533px\" \/><\/a><p id=\"caption-attachment-215492\" class=\"wp-caption-text\">L&#39;aquarelle repr\u00e9sentant la maison de Tourgueniev<\/p><\/div><\/p>\n<p>Comme toujours toute la collecte servira pour les projets d\u2019aide aux enfants d\u00e9favoris\u00e9s en Russie. On pouvait consulter sur place le dossier sur les \u00e9tablissements russes (photos, courriers).<\/p>\n<p><div id=\"attachment_215493\" style=\"width: 294px\" class=\"wp-caption alignnone\"><a href=\"http:\/\/rusoch.fr\/files\/2018\/11\/Detskie-podelki.-CHern.-Tehnikum-1.jpg\"><img aria-describedby=\"caption-attachment-215493\" loading=\"lazy\" class=\"wp-image-215493 size-medium\" src=\"http:\/\/rusoch.fr\/files\/2018\/11\/Detskie-podelki.-CHern.-Tehnikum-1-284x379.jpg\" alt=\"\" width=\"284\" height=\"379\" srcset=\"https:\/\/rusoch.fr\/files\/2018\/11\/Detskie-podelki.-CHern.-Tehnikum-1-284x379.jpg 284w, https:\/\/rusoch.fr\/files\/2018\/11\/Detskie-podelki.-CHern.-Tehnikum-1-768x1024.jpg 768w, https:\/\/rusoch.fr\/files\/2018\/11\/Detskie-podelki.-CHern.-Tehnikum-1-300x400.jpg 300w, https:\/\/rusoch.fr\/files\/2018\/11\/Detskie-podelki.-CHern.-Tehnikum-1-600x800.jpg 600w, https:\/\/rusoch.fr\/files\/2018\/11\/Detskie-podelki.-CHern.-Tehnikum-1.jpg 1000w\" sizes=\"(max-width: 284px) 100vw, 284px\" \/><\/a><p id=\"caption-attachment-215493\" class=\"wp-caption-text\">Des souvenirs provenant de la Russie<\/p><\/div><\/p>\n<p><strong>Renseignements\u00a0:<\/strong> Autour de la Russie&nbsp;&mdash; Pr\u00e9sidente Kira Ruchti<\/p>\n<p><a href=\"mailto:kiraruchti@tele2.fr\">kiraruchti@sfr.fr<\/a>\u00a0 -\u00a0 <a href=\"http:\/\/autourdelarussie.wordpress.com\/\">http:\/\/autourdelarussie.wordpress.com<\/a><\/p>\n<p>&nbsp;<\/p>","protected":false},"excerpt":{"rendered":"<p>D\u00e9sol\u00e9, cet article est seulement disponible en Russe.<\/p>\n","protected":false},"author":2,"featured_media":215484,"comment_status":"open","ping_status":"open","sticky":false,"template":"","format":"standard","meta":[],"categories":[8],"tags":[],"aioseo_notices":[],"_links":{"self":[{"href":"https:\/\/rusoch.fr\/fr\/wp-json\/wp\/v2\/posts\/215482"}],"collection":[{"href":"https:\/\/rusoch.fr\/fr\/wp-json\/wp\/v2\/posts"}],"about":[{"href":"https:\/\/rusoch.fr\/fr\/wp-json\/wp\/v2\/types\/post"}],"author":[{"embeddable":true,"href":"https:\/\/rusoch.fr\/fr\/wp-json\/wp\/v2\/users\/2"}],"replies":[{"embeddable":true,"href":"https:\/\/rusoch.fr\/fr\/wp-json\/wp\/v2\/comments?post=215482"}],"version-history":[{"count":2,"href":"https:\/\/rusoch.fr\/fr\/wp-json\/wp\/v2\/posts\/215482\/revisions"}],"predecessor-version":[{"id":215496,"href":"https:\/\/rusoch.fr\/fr\/wp-json\/wp\/v2\/posts\/215482\/revisions\/215496"}],"wp:featuredmedia":[{"embeddable":true,"href":"https:\/\/rusoch.fr\/fr\/wp-json\/wp\/v2\/media\/215484"}],"wp:attachment":[{"href":"https:\/\/rusoch.fr\/fr\/wp-json\/wp\/v2\/media?parent=215482"}],"wp:term":[{"taxonomy":"category","embeddable":true,"href":"https:\/\/rusoch.fr\/fr\/wp-json\/wp\/v2\/categories?post=215482"},{"taxonomy":"post_tag","embeddable":true,"href":"https:\/\/rusoch.fr\/fr\/wp-json\/wp\/v2\/tags?post=215482"}],"curies":[{"name":"wp","href":"https:\/\/api.w.org\/{rel}","templated":true}]}}