{"id":215658,"date":"2018-12-06T15:35:27","date_gmt":"2018-12-06T14:35:27","guid":{"rendered":"http:\/\/rusoch.fr\/?p=215658"},"modified":"2019-01-30T14:29:25","modified_gmt":"2019-01-30T13:29:25","slug":"raboty-ekateriny-serebryakovoj-vystavleny-na-beregah-seny","status":"publish","type":"post","link":"https:\/\/rusoch.fr\/fr\/events\/raboty-ekateriny-serebryakovoj-vystavleny-na-beregah-seny.html","title":{"rendered":"\u201cLe monde radieux de Catherine S\u00e9r\u00e9briakoff\u201d"},"content":{"rendered":"<p><strong>Le Centre Culturel et Spirituel Orthodoxe Russe \u00e0 Paris accueille l\u2019exposition \u201cLe monde radieux de Catherine S\u00e9r\u00e9briakoff\u201d.<\/strong> <!--more--><\/p>\n<p><a href=\"http:\/\/rusoch.fr\/files\/2018\/12\/Glavnaya.jpg\"><img loading=\"lazy\" class=\"alignnone size-medium wp-image-215660\" src=\"http:\/\/rusoch.fr\/files\/2018\/12\/Glavnaya-596x293.jpg\" alt=\"\" width=\"596\" height=\"293\" srcset=\"https:\/\/rusoch.fr\/files\/2018\/12\/Glavnaya-596x293.jpg 596w, https:\/\/rusoch.fr\/files\/2018\/12\/Glavnaya-768x378.jpg 768w, https:\/\/rusoch.fr\/files\/2018\/12\/Glavnaya-600x295.jpg 600w, https:\/\/rusoch.fr\/files\/2018\/12\/Glavnaya.jpg 1000w\" sizes=\"(max-width: 596px) 100vw, 596px\" \/><\/a><\/p>\n<p>Organis\u00e9e par le dioc\u00e8se de Cherson\u00e8se, et plus particuli\u00e8rement par l\u2019Association KULTURA, ainsi que par la Fondation moscovite Zina\u00efda Serebriakova, l\u2019exposition sera ouverte au public du 5 \u00e0 30 d\u00e9cembre 2018\u00a0(de 14.00 \u00e0 19h00, lundis ferm\u00e9e).<\/p>\n<p><iframe width=\"640\" height=\"360\" src=\"https:\/\/www.youtube.com\/embed\/RCjkQAOZArI?feature=oembed\" frameborder=\"0\" allow=\"accelerometer; autoplay; encrypted-media; gyroscope; picture-in-picture\" allowfullscreen><\/iframe><\/p>\n<p>Deuxi\u00e8me fille du c\u00e9l\u00e8bre peintre russe Zina\u00efda Serebriakova, Catherine est n\u00e9e en 1913 \u00e0 Tsarsko\u00efe Selo, le \u00abVersailles russe\u00bb.<\/p>\n<p><a href=\"http:\/\/rusoch.fr\/files\/2018\/12\/20181204_184532.jpg\"><img loading=\"lazy\" class=\"alignnone size-medium wp-image-215662\" src=\"http:\/\/rusoch.fr\/files\/2018\/12\/20181204_184532-596x336.jpg\" alt=\"\" width=\"596\" height=\"336\" srcset=\"https:\/\/rusoch.fr\/files\/2018\/12\/20181204_184532-596x336.jpg 596w, https:\/\/rusoch.fr\/files\/2018\/12\/20181204_184532-768x432.jpg 768w, https:\/\/rusoch.fr\/files\/2018\/12\/20181204_184532-600x338.jpg 600w, https:\/\/rusoch.fr\/files\/2018\/12\/20181204_184532.jpg 1000w\" sizes=\"(max-width: 596px) 100vw, 596px\" \/><\/a><\/p>\n<p>Arriv\u00e9e \u00e0 Paris, elle pratique avec son fr\u00e8re Alexandre la rare sp\u00e9cialit\u00e9 du portrait d\u2019int\u00e9rieur, laissant un t\u00e9moignage minutieux des d\u00e9cors et f\u00eates de la haute soci\u00e9t\u00e9 fran\u00e7aise.<\/p>\n<p><iframe width=\"640\" height=\"360\" src=\"https:\/\/www.youtube.com\/embed\/jaxqSanye30?feature=oembed\" frameborder=\"0\" allow=\"accelerometer; autoplay; encrypted-media; gyroscope; picture-in-picture\" allowfullscreen><\/iframe><\/p>\n<p>Le r\u00e9alisme et la pr\u00e9cision quasi photographique de ses \u0153uvres lui valent d\u2019\u00eatre hautement appr\u00e9ci\u00e9e par des grands collectionneurs et aristocrates du XX si\u00e8cle : Charles de Beistegui, Arturo Lopez-Willshaw, le duc et la duchesse de Windsor, les Rothschild.<\/p>\n<p><a href=\"http:\/\/rusoch.fr\/files\/2018\/12\/Serebr.jpg\"><img loading=\"lazy\" class=\"alignnone size-medium wp-image-215661\" src=\"http:\/\/rusoch.fr\/files\/2018\/12\/Serebr-360x379.jpg\" alt=\"\" width=\"360\" height=\"379\" srcset=\"https:\/\/rusoch.fr\/files\/2018\/12\/Serebr-360x379.jpg 360w, https:\/\/rusoch.fr\/files\/2018\/12\/Serebr-768x809.jpg 768w, https:\/\/rusoch.fr\/files\/2018\/12\/Serebr-380x400.jpg 380w, https:\/\/rusoch.fr\/files\/2018\/12\/Serebr-600x632.jpg 600w, https:\/\/rusoch.fr\/files\/2018\/12\/Serebr.jpg 1000w\" sizes=\"(max-width: 360px) 100vw, 360px\" \/><\/a><\/p>\n<p>R\u00e9unissant des paysages, des natures mortes, des maquettes d\u2019int\u00e9rieurs et des cr\u00e8ches de No\u00ebl en miniature, l\u2019exposition met en lumi\u00e8re l\u2019\u0153uvre jusque-l\u00e0 peu connue de Catherine S\u00e9r\u00e9briakoff, qui a consacr\u00e9 sa vie \u00e0 la conservation de l\u2019h\u00e9ritage artistique de la famille tout en restant volontairement dans l\u2019ombre de sa c\u00e9l\u00e8bre m\u00e8re et son fr\u00e8re.<\/p>\n<p><em>Adresse: 1, Quai Branly, 75007 Paris<\/em><\/p>\n<p>&nbsp;<\/p>\n<p><strong>Sur le m\u00eame sujet:<\/strong><\/p>\n<blockquote class=\"wp-embedded-content\" data-secret=\"khVxK1C0fS\">\n<p><a href=\"http:\/\/rusoch.fr\/events\/rossijskij-centr-na-branli-otkryl-dlya-gostej-parizh-aleksandra-serebryakova.html\">L\u2019exposition \u00ab Paris \u00bb d\u2019Alexandre Serebriakoff au Centre russe du quai Branly<\/a><\/p>\n<\/blockquote>\n<p><iframe class=\"wp-embedded-content\" sandbox=\"allow-scripts\" security=\"restricted\" style=\"position: absolute; clip: rect(1px, 1px, 1px, 1px);\" src=\"http:\/\/rusoch.fr\/events\/rossijskij-centr-na-branli-otkryl-dlya-gostej-parizh-aleksandra-serebryakova.html\/embed#?secret=khVxK1C0fS\" data-secret=\"khVxK1C0fS\" width=\"600\" height=\"338\" title=\"\u00abL\u2019exposition \u00ab Paris \u00bb d\u2019Alexandre Serebriakoff au Centre russe du quai Branly\u00bb &#8212; \u0420\u0443\u0441\u0441\u043a\u0438\u0439 \u043e\u0447\u0435\u0432\u0438\u0434\u0435\u0446 | L\u2019Observateur Russe\" frameborder=\"0\" marginwidth=\"0\" marginheight=\"0\" scrolling=\"no\"><\/iframe><\/p>\n<blockquote class=\"wp-embedded-content\" data-secret=\"Gvhgi7sCqZ\">\n<p><a href=\"http:\/\/rusoch.fr\/events\/vot-i-zakonchilsya-cerebryanyj-vek.html\">\u0412\u043e\u0442 \u0438 \u0437\u0430\u043a\u043e\u043d\u0447\u0438\u043b\u0441\u044f &laquo;C\u0435\u0440\u0435\u0431\u0440\u044f\u043d\u044b\u0439&raquo; \u0432\u0435\u043a | Les fun\u00e9railles de Ekaterina Serebriakova<\/a><\/p>\n<\/blockquote>\n<p><iframe class=\"wp-embedded-content\" sandbox=\"allow-scripts\" security=\"restricted\" style=\"position: absolute; clip: rect(1px, 1px, 1px, 1px);\" src=\"http:\/\/rusoch.fr\/events\/vot-i-zakonchilsya-cerebryanyj-vek.html\/embed#?secret=Gvhgi7sCqZ\" data-secret=\"Gvhgi7sCqZ\" width=\"600\" height=\"338\" title=\"\u00ab\u0412\u043e\u0442 \u0438 \u0437\u0430\u043a\u043e\u043d\u0447\u0438\u043b\u0441\u044f &laquo;C\u0435\u0440\u0435\u0431\u0440\u044f\u043d\u044b\u0439&raquo; \u0432\u0435\u043a | Les fun\u00e9railles de Ekaterina Serebriakova\u00bb &#8212; \u0420\u0443\u0441\u0441\u043a\u0438\u0439 \u043e\u0447\u0435\u0432\u0438\u0434\u0435\u0446 | L\u2019Observateur Russe\" frameborder=\"0\" marginwidth=\"0\" marginheight=\"0\" scrolling=\"no\"><\/iframe><\/p>\n<p>&nbsp;<\/p>","protected":false},"excerpt":{"rendered":"<p>D\u00e9sol\u00e9, cet article est seulement disponible en Russe.<\/p>\n","protected":false},"author":2,"featured_media":215660,"comment_status":"open","ping_status":"open","sticky":false,"template":"","format":"standard","meta":[],"categories":[6],"tags":[],"aioseo_notices":[],"_links":{"self":[{"href":"https:\/\/rusoch.fr\/fr\/wp-json\/wp\/v2\/posts\/215658"}],"collection":[{"href":"https:\/\/rusoch.fr\/fr\/wp-json\/wp\/v2\/posts"}],"about":[{"href":"https:\/\/rusoch.fr\/fr\/wp-json\/wp\/v2\/types\/post"}],"author":[{"embeddable":true,"href":"https:\/\/rusoch.fr\/fr\/wp-json\/wp\/v2\/users\/2"}],"replies":[{"embeddable":true,"href":"https:\/\/rusoch.fr\/fr\/wp-json\/wp\/v2\/comments?post=215658"}],"version-history":[{"count":3,"href":"https:\/\/rusoch.fr\/fr\/wp-json\/wp\/v2\/posts\/215658\/revisions"}],"predecessor-version":[{"id":215957,"href":"https:\/\/rusoch.fr\/fr\/wp-json\/wp\/v2\/posts\/215658\/revisions\/215957"}],"wp:featuredmedia":[{"embeddable":true,"href":"https:\/\/rusoch.fr\/fr\/wp-json\/wp\/v2\/media\/215660"}],"wp:attachment":[{"href":"https:\/\/rusoch.fr\/fr\/wp-json\/wp\/v2\/media?parent=215658"}],"wp:term":[{"taxonomy":"category","embeddable":true,"href":"https:\/\/rusoch.fr\/fr\/wp-json\/wp\/v2\/categories?post=215658"},{"taxonomy":"post_tag","embeddable":true,"href":"https:\/\/rusoch.fr\/fr\/wp-json\/wp\/v2\/tags?post=215658"}],"curies":[{"name":"wp","href":"https:\/\/api.w.org\/{rel}","templated":true}]}}