{"id":215670,"date":"2018-12-14T10:05:19","date_gmt":"2018-12-14T09:05:19","guid":{"rendered":"http:\/\/rusoch.fr\/?p=215670"},"modified":"2019-01-17T11:45:52","modified_gmt":"2019-01-17T10:45:52","slug":"vernut-li-vo-frantsii-noshenie-nikaba","status":"publish","type":"post","link":"https:\/\/rusoch.fr\/fr\/opinions\/vernut-li-vo-frantsii-noshenie-nikaba.html","title":{"rendered":"Le port du niqab est-il de retour en France ?"},"content":{"rendered":"<p><strong>Sept ans apr\u00e8s l&#39;adoption de la loi interdisant les v\u00eatements couvrant le visage, le Comit\u00e9 des droits de l&#39;homme de l&#39;ONU a fait une nouvelle d\u00e9claration. L&#39;interdiction du port du niqab en France est une violation des droits de l&#39;homme.<\/strong><\/p>\n<p><strong>La loi interdit le port de la burqa et du niqab et p\u00e9nalise la dissimulation du visage dans l\u2019espace public.<\/strong><!--more--><\/p>\n<p><div id=\"attachment_215672\" style=\"width: 581px\" class=\"wp-caption alignnone\"><a href=\"http:\/\/rusoch.fr\/files\/2018\/12\/hijab-3064633_640.jpg\"><img aria-describedby=\"caption-attachment-215672\" loading=\"lazy\" class=\"wp-image-215672 size-medium\" src=\"http:\/\/rusoch.fr\/files\/2018\/12\/hijab-3064633_640-571x379.jpg\" alt=\"\" width=\"571\" height=\"379\" srcset=\"https:\/\/rusoch.fr\/files\/2018\/12\/hijab-3064633_640-571x379.jpg 571w, https:\/\/rusoch.fr\/files\/2018\/12\/hijab-3064633_640-600x398.jpg 600w, https:\/\/rusoch.fr\/files\/2018\/12\/hijab-3064633_640.jpg 640w\" sizes=\"(max-width: 571px) 100vw, 571px\" \/><\/a><p id=\"caption-attachment-215672\" class=\"wp-caption-text\">Photo: pixabay.com<\/p><\/div><\/p>\n<p>Il n&#39;est pas interdit de porter un foulard couvrant seulement les cheveux. Selon la loi, l&#39;interdiction de la burqa et du niqab s&#39;applique non seulement aux citoyennes fran\u00e7aises, mais aussi aux touristes, notamment celles du Moyen-Orient et d&#39;autres pays musulmans.<\/p>\n<p>La violation de la loi entra\u00eene une amende de 150 euros et la participation obligatoire \u00e0 des s\u00e9minaires sur le droit public.<\/p>\n<p><strong>La France a \u00e9t\u00e9 le premier pays europ\u00e9en \u00e0 adopter une telle interdiction. <\/strong><\/p>\n<p>La loi s&#39;applique \u00e9galement aux masques, cagoules et casques de moto, mais le port du niqab et de la burqa fait l&#39;objet de discussions et de d\u00e9bats.<\/p>\n<p>Le niqab\u00a0: est un voile int\u00e9gral, noir,\u00a0ne laissant appara\u00eetre qu&#39;une fente pour les yeux<\/p>\n<p>La burqa est un long voile couvrant compl\u00e8tement la t\u00eate et le corps, un grillage dissimulant le visage.<\/p>\n<blockquote>\n<p>\u00a0\u00a0\u00a0\u00a0\u00a0\u00a0\u00a0\u00a0\u00a0 L&#39;adoption de la loi n&#39;\u00e9tait pas li\u00e9e \u00e0 la religion ou \u00e0 la s\u00e9curit\u00e9, mais au fait qu&#39;une personne cach\u00e9e \u00e9tait en contradiction avec l&#39;un des principes de la politique fran\u00e7aise de \" vivre ensemble \"&nbsp;&mdash; vivre ensemble en paix et en harmonie sur le territoire d&#39;un pays.<\/p>\n<\/blockquote>\n<p>Apr\u00e8s l&#39;entr\u00e9e en vigueur de la loi, il a \u00e9t\u00e9 \u00e9tabli que moins de 2 000 femmes portaient le niqab et la burqa en France. De nombreuses organisations de d\u00e9fense des droits de l&#39;homme n&#39;\u00e9taient pas d&#39;accord avec l&#39;introduction des nouvelles r\u00e8gles.<\/p>\n<p>Au cours de l&#39;\u00e9t\u00e9 2014, la Cour europ\u00e9enne des droits de l&#39;homme (CEDH) a examin\u00e9 la plainte d&#39;une fran\u00e7aise concernant l&#39;ill\u00e9galit\u00e9 de l&#39;interdiction du port du niqab et de la burqa. Dans l&#39;affaire \u00ab\u00a0S.A.S. Vs France\u00a0\u00bb, un verdict a \u00e9t\u00e9 rendu selon lequel la France n&#39;avait pas viol\u00e9 la Convention europ\u00e9enne des droits de l&#39;homme en interdisant la dissimulation du visage dans l\u2019espace public.<\/p>\n<blockquote>\n<p>Deux Fran\u00e7aises poursuivies en 2012 pour port du niqab dans un lieu public ont fait appel devant le Comit\u00e9 des droits de l&#39;homme de l&#39;ONU.<\/p>\n<\/blockquote>\n<p>Le Comit\u00e9 de l&#39;ONU consid\u00e8re que l&#39;interdiction est discriminatoire et peut \u00eatre contre-productive. La loi ne prot\u00e8ge pas la femme, mais l&#39;oblige \u00e0 rester au foyer, \u00e9loign\u00e9e de la soci\u00e9t\u00e9. Les arguments fran\u00e7ais n&#39;ont pas convaincu le Comit\u00e9 du contraire.<\/p>\n<p>Le Comit\u00e9 reconna\u00eet que les \u00c9tats peuvent exiger des individus qu\u2019ils d\u00e9couvrent leur visage dans des circonstances sp\u00e9cifiques dans le cadre de contr\u00f4les d\u2019identit\u00e9, mais il a \u00e9t\u00e9 d\u2019avis que l\u2019interdiction g\u00e9n\u00e9ralis\u00e9e du niqab \u00e9tait une mesure trop radicale.<\/p>\n<p>Ainsi, le Comit\u00e9 des Nations Unies, compos\u00e9 de 18 experts qui surveillent la mise en \u0153uvre du Pacte international relatif aux droits civils et politiques par les \u00c9tats parties, demande \u00e0 la France de produire un rapport dans les six mois sur les mesures prises. La d\u00e9cision du Comit\u00e9 \u00e9tait une recommandation et n&#39;\u00e9tait pas n\u00e9cessairement ex\u00e9cutoire, mais la d\u00e9claration laissait entendre que la loi serait r\u00e9vis\u00e9e.<\/p>\n<p>Selon les donn\u00e9es du minist\u00e8re de l&#39;Int\u00e9rieur cit\u00e9es par le journal Le Monde, de 2011 \u00e0 2017, sur la base de la loi interdisant le port de v\u00eatements couvrant le visage, 1977 inspections ont \u00e9t\u00e9 effectu\u00e9es, 1 830 protocoles ont \u00e9t\u00e9 \u00e9tablis et 145 avertissements ont \u00e9t\u00e9 \u00e9mis.<\/p>\n<p>Par cons\u00e9quent, on ne sait pas encore clairement comment les autorit\u00e9s r\u00e9agiront aux recommandations du Comit\u00e9 des droits de l&#39;homme de l&#39;ONU.<\/p>\n<p>&nbsp;<\/p>","protected":false},"excerpt":{"rendered":"<p>D\u00e9sol\u00e9, cet article est seulement disponible en Russe.<\/p>\n","protected":false},"author":2,"featured_media":215673,"comment_status":"open","ping_status":"open","sticky":false,"template":"","format":"standard","meta":[],"categories":[3063],"tags":[],"aioseo_notices":[],"_links":{"self":[{"href":"https:\/\/rusoch.fr\/fr\/wp-json\/wp\/v2\/posts\/215670"}],"collection":[{"href":"https:\/\/rusoch.fr\/fr\/wp-json\/wp\/v2\/posts"}],"about":[{"href":"https:\/\/rusoch.fr\/fr\/wp-json\/wp\/v2\/types\/post"}],"author":[{"embeddable":true,"href":"https:\/\/rusoch.fr\/fr\/wp-json\/wp\/v2\/users\/2"}],"replies":[{"embeddable":true,"href":"https:\/\/rusoch.fr\/fr\/wp-json\/wp\/v2\/comments?post=215670"}],"version-history":[{"count":2,"href":"https:\/\/rusoch.fr\/fr\/wp-json\/wp\/v2\/posts\/215670\/revisions"}],"predecessor-version":[{"id":215787,"href":"https:\/\/rusoch.fr\/fr\/wp-json\/wp\/v2\/posts\/215670\/revisions\/215787"}],"wp:featuredmedia":[{"embeddable":true,"href":"https:\/\/rusoch.fr\/fr\/wp-json\/wp\/v2\/media\/215673"}],"wp:attachment":[{"href":"https:\/\/rusoch.fr\/fr\/wp-json\/wp\/v2\/media?parent=215670"}],"wp:term":[{"taxonomy":"category","embeddable":true,"href":"https:\/\/rusoch.fr\/fr\/wp-json\/wp\/v2\/categories?post=215670"},{"taxonomy":"post_tag","embeddable":true,"href":"https:\/\/rusoch.fr\/fr\/wp-json\/wp\/v2\/tags?post=215670"}],"curies":[{"name":"wp","href":"https:\/\/api.w.org\/{rel}","templated":true}]}}