{"id":215854,"date":"2019-01-18T14:08:19","date_gmt":"2019-01-18T13:08:19","guid":{"rendered":"http:\/\/rusoch.fr\/?p=215854"},"modified":"2019-01-27T15:04:20","modified_gmt":"2019-01-27T14:04:20","slug":"meriya-pozdravlyaet-zhitelej-rajona","status":"publish","type":"post","link":"https:\/\/rusoch.fr\/fr\/tour\/meriya-pozdravlyaet-zhitelej-rajona.html","title":{"rendered":"La mairie adresse ses v\u0153ux aux habitants de son quartier"},"content":{"rendered":"<p><strong>En France, les v\u0153ux du Nouvel An ne sont pas encore termin\u00e9s.<\/strong><\/p>\n<p><strong>Officiellement, les ministres, les maires et les chefs d\u2019entreprise de la Ve R\u00e9publique disposent de tout le mois de janvier pour souhaiter succ\u00e8s, bonheur et sant\u00e9 aux citoyens, employ\u00e9s et repr\u00e9sentants de diverses profession<\/strong>s .<\/p>\n<p><!--more--><\/p>\n<p><iframe width=\"640\" height=\"360\" src=\"https:\/\/www.youtube.com\/embed\/PSkeqFL_oG8?feature=oembed\" frameborder=\"0\" allow=\"accelerometer; autoplay; encrypted-media; gyroscope; picture-in-picture\" allowfullscreen><\/iframe><\/p>\n<p>Le 17 janvier, par exemple, le pr\u00e9sident fran\u00e7ais Emmanuel Macron a adress\u00e9 ses v\u0153ux \u00e0 l&#39;Arm\u00e9e fran\u00e7aise.<br \/>\nLe m\u00eame soir, le bureau du maire du quatri\u00e8me arrondissement de la capitale a organis\u00e9 une soir\u00e9e de f\u00eate \u00e0 laquelle les r\u00e9sidents du quartier \u00e9taient invit\u00e9s.<br \/>\nBien s\u00fbr, tout le monde n\u2019\u00e9tait pas appel\u00e9, aucune salle ne peut accueillir plusieurs milliers de personnes.<\/p>\n<p>Mais le spectacle de l&#39;ensemble de la Garde r\u00e9publicaine, qui a eu lieu dans la cour d\u2019honneur de la mairie, a \u00e9t\u00e9 \u00e0 la port\u00e9e de tous.<br \/>\nLundi 21 janvier, des repr\u00e9sentants du monde de la culture et de la presse sont \u00e0 leurs tours convi\u00e9s par l\u2019H\u00f4tel de ville de Paris.<br \/>\nEt ainsi, comme veut la tradition, tout le premier mois de l&#39;ann\u00e9e.<\/p>\n<p><em>La vid\u00e9o: Ekaterina Gadal<\/em><\/p>\n<p>&nbsp;<\/p>","protected":false},"excerpt":{"rendered":"<p>D\u00e9sol\u00e9, cet article est seulement disponible en Russe.<\/p>\n","protected":false},"author":2,"featured_media":215855,"comment_status":"open","ping_status":"open","sticky":false,"template":"","format":"standard","meta":[],"categories":[7],"tags":[2634,2989,2068],"aioseo_notices":[],"_links":{"self":[{"href":"https:\/\/rusoch.fr\/fr\/wp-json\/wp\/v2\/posts\/215854"}],"collection":[{"href":"https:\/\/rusoch.fr\/fr\/wp-json\/wp\/v2\/posts"}],"about":[{"href":"https:\/\/rusoch.fr\/fr\/wp-json\/wp\/v2\/types\/post"}],"author":[{"embeddable":true,"href":"https:\/\/rusoch.fr\/fr\/wp-json\/wp\/v2\/users\/2"}],"replies":[{"embeddable":true,"href":"https:\/\/rusoch.fr\/fr\/wp-json\/wp\/v2\/comments?post=215854"}],"version-history":[{"count":6,"href":"https:\/\/rusoch.fr\/fr\/wp-json\/wp\/v2\/posts\/215854\/revisions"}],"predecessor-version":[{"id":215928,"href":"https:\/\/rusoch.fr\/fr\/wp-json\/wp\/v2\/posts\/215854\/revisions\/215928"}],"wp:featuredmedia":[{"embeddable":true,"href":"https:\/\/rusoch.fr\/fr\/wp-json\/wp\/v2\/media\/215855"}],"wp:attachment":[{"href":"https:\/\/rusoch.fr\/fr\/wp-json\/wp\/v2\/media?parent=215854"}],"wp:term":[{"taxonomy":"category","embeddable":true,"href":"https:\/\/rusoch.fr\/fr\/wp-json\/wp\/v2\/categories?post=215854"},{"taxonomy":"post_tag","embeddable":true,"href":"https:\/\/rusoch.fr\/fr\/wp-json\/wp\/v2\/tags?post=215854"}],"curies":[{"name":"wp","href":"https:\/\/api.w.org\/{rel}","templated":true}]}}