{"id":216010,"date":"2019-02-05T12:47:38","date_gmt":"2019-02-05T11:47:38","guid":{"rendered":"http:\/\/rusoch.fr\/?p=216010"},"modified":"2019-02-05T16:06:02","modified_gmt":"2019-02-05T15:06:02","slug":"la-10e-edition-des-journees-europeennes-du-livre-russe-et-des-litteratures-russophones","status":"publish","type":"post","link":"https:\/\/rusoch.fr\/fr\/cult\/la-10e-edition-des-journees-europeennes-du-livre-russe-et-des-litteratures-russophones.html","title":{"rendered":"La 10e \u00e9dition des Journ\u00e9es Europ\u00e9ennes du Livre Russe et des Litt\u00e9ratures Russophones"},"content":{"rendered":"<p><strong>La 10e \u00e9dition des Journ\u00e9es Europ\u00e9ennes du Livre Russe et des Litt\u00e9ratures Russophones se tiendra les 16 et 17 f\u00e9vrier dans le cadre de la mairie du 5e arrondissement de Paris.<\/strong><br \/>\n<strong>Cette ann\u00e9e, le th\u00e8me central sera le voyage sous le titre \u00ab Itin\u00e9rances litt\u00e9raires \u2013 Voyageurs entre Est et Ouest \u00bb.<\/strong><!--more--><\/p>\n<p><a href=\"http:\/\/rusoch.fr\/files\/2019\/02\/2019-02-16-paris-salon-livre-russe.jpg\"><img loading=\"lazy\" class=\"alignnone size-medium wp-image-216011\" src=\"http:\/\/rusoch.fr\/files\/2019\/02\/2019-02-16-paris-salon-livre-russe-268x379.jpg\" alt=\"\" width=\"268\" height=\"379\" srcset=\"https:\/\/rusoch.fr\/files\/2019\/02\/2019-02-16-paris-salon-livre-russe-268x379.jpg 268w, https:\/\/rusoch.fr\/files\/2019\/02\/2019-02-16-paris-salon-livre-russe-283x400.jpg 283w, https:\/\/rusoch.fr\/files\/2019\/02\/2019-02-16-paris-salon-livre-russe.jpg 452w\" sizes=\"(max-width: 268px) 100vw, 268px\" \/><\/a><\/p>\n<p><strong>Pour leur 10<sup>\u00e8me<\/sup>\u00a0\u00e9dition<\/strong>, \u00ab\u00a0les Journ\u00e9es du Livre Russe\u00a0\u00bb r\u00e9uniront de nombreux auteurs, russes parmi lesquels\u00a0Boris Akounine, Piotr Alechkovsky, Grisha Bruskin, Alice Danchokh, \u00a0Sacha Filipenko, Vassili Golovanov, Kanta Ibrahimov, Kirill Privalov et Lev Rubinstein ainsi que des auteurs fran\u00e7ais comme Dani\u00e8le Sallenave, C\u00e9dric Gras et Yves Gauthier dont les \u0153uvres se d\u00e9roulent en Russie ou y sont rattach\u00e9s.<br \/>\nDes auteurs russes install\u00e9s en France participeront \u00e9galement \u00e0 nos rencontres tels Elena Balzamo,\u00a0 Vladimir Fedorovski, Vladimir Maramzine ou Kira Sapguir.<\/p>\n<p>Un large programme de tables-rondes, conf\u00e9rences, rencontres et pr\u00e9sentation d\u2019ouvrages sera propos\u00e9 au public ainsi que des ateliers de traduction, expositions et lectures bilingues.<\/p>\n<p>L\u2019association Fran\u00e7aise des Russisants remettra \u00e9galement son prix annuel destin\u00e9 aux \u00e9l\u00e8ves des \u00e9coles, coll\u00e8ges et lyc\u00e9es.<\/p>\n<p>Pour la 13e fois, le Prix Russophonie, qui r\u00e9compense la meilleure traduction litt\u00e9raire du russe vers le fran\u00e7ais.<\/p>\n<p><strong><a href=\"https:\/\/salonlivresparis.us20.list-manage.com\/track\/click?u=dd210387c1a1d67ddc305b11f&amp;id=092c31e45e&amp;e=8abeaf12f3\">Le Prix Russophonie<\/a><\/strong> essaiera une nouvelle formule :<br \/>\nle samedi apr\u00e8s-midi vous pourrez d\u00e9couvrir les traducteurs dont le travail a \u00e9t\u00e9 s\u00e9lectionn\u00e9 dans la short-list du prix, parfois accompagn\u00e9s de leurs auteurs et \u00e0 18h, le soir, la c\u00e9r\u00e9monie de remise du prix d\u00e9voilera le laur\u00e9at de l&#39;ann\u00e9e<br \/>\n<a href=\"https:\/\/salonlivresparis.us20.list-manage.com\/track\/click?u=dd210387c1a1d67ddc305b11f&amp;id=92b749e7e0&amp;e=8abeaf12f3\" data-saferedirecturl=\"https:\/\/www.google.com\/url?q=https:\/\/salonlivresparis.us20.list-manage.com\/track\/click?u%3Ddd210387c1a1d67ddc305b11f%26id%3D92b749e7e0%26e%3D8abeaf12f3&amp;source=gmail&amp;ust=1549451252059000&amp;usg=AFQjCNFug8hm7Dk0iYy5yTu9b77hsB-oOw\">( lien vers la short-list : http:\/\/www.prix-russophonie.fr\/ )<\/a><\/p>\n<p>Des slavistes de renom seront, comme chaque ann\u00e9e, pr\u00e9sents au rendez-vous des Journ\u00e9es du Livre Russe\u00a0:<br \/>\nAnne-Victoire Charrin, Fran\u00e7oise Darnal-Lesn\u00e9, Michel Niqueux, Georges Nivat, Ir\u00e8ne Sokologorksy ou encore G\u00e9rard Conio interviendront ou animeront des tables-rondes.<\/p>\n<p>Un salon du livre r\u00e9unit traditionnellement libraires, maisons \u00e9ditions, auteurs ind\u00e9pendants et associations franco-russe.<\/p>\n<p>Entr\u00e9e libre<\/p>\n<p>Horaires : de 10 h \u00e0 21 h<br \/>\nLieu : Mairie du 5e arrondissement \u2013 21 place du Panth\u00e9on \u2013 75005 \u2013 Paris<br \/>\nOrganisateur : Association France Oural \u2013 14, rue des Tapisseries \u2013 75017 \u2013 Paris<br \/>\nwww.journeesdulivrerusse.fr \u2013 www.prix-russophonie.fr \u2013 www.france-oural.fr<br \/>\nContact : contact.france.oural@gmail.com \u2013 Tel. +33 9 83 66 40 77<\/p>\n<p><strong>Date : <\/strong>16.02.2019 \u2014 17.02.2019<\/p>\n<p>&nbsp;<\/p>\n<p><a href=\"http:\/\/rusoch.fr\/files\/2019\/02\/russophone_ru-1.jpg\"><img loading=\"lazy\" class=\"alignnone size-medium wp-image-216015\" src=\"http:\/\/rusoch.fr\/files\/2019\/02\/russophone_ru-1-292x379.jpg\" alt=\"\" width=\"292\" height=\"379\" srcset=\"https:\/\/rusoch.fr\/files\/2019\/02\/russophone_ru-1-292x379.jpg 292w, https:\/\/rusoch.fr\/files\/2019\/02\/russophone_ru-1-768x997.jpg 768w, https:\/\/rusoch.fr\/files\/2019\/02\/russophone_ru-1-308x400.jpg 308w, https:\/\/rusoch.fr\/files\/2019\/02\/russophone_ru-1-600x779.jpg 600w, https:\/\/rusoch.fr\/files\/2019\/02\/russophone_ru-1.jpg 790w\" sizes=\"(max-width: 292px) 100vw, 292px\" \/><\/a><\/p>\n<p><strong><a href=\"https:\/\/salonlivresparis.us20.list-manage.com\/track\/click?u=dd210387c1a1d67ddc305b11f&amp;id=894d389c19&amp;e=8abeaf12f3\">Le lancement des Journ\u00e9es<\/a><\/strong> se fera<br \/>\nle mardi 12 f\u00e9vrier au centre culturel 61, rue Boissi\u00e8re 75016 PARIS<\/p>\n<p>avec une rencontre autour de l&#39;oeuvre de Tchinguiz A\u00eftmatov<br \/>\n<a href=\"https:\/\/salonlivresparis.us20.list-manage.com\/track\/click?u=dd210387c1a1d67ddc305b11f&amp;id=f77b6792f1&amp;e=8abeaf12f3\" data-saferedirecturl=\"https:\/\/www.google.com\/url?q=https:\/\/salonlivresparis.us20.list-manage.com\/track\/click?u%3Ddd210387c1a1d67ddc305b11f%26id%3Df77b6792f1%26e%3D8abeaf12f3&amp;source=gmail&amp;ust=1549451252060000&amp;usg=AFQjCNGC-I2wO-BYUR4ANZLWvS49QgX1qQ\">( http:\/\/journeesdulivrerusse.fr\/wp-content\/uploads\/2019\/01\/Avant-Premiere-2019.png )<\/a><\/p>\n<p>et une <strong><a href=\"https:\/\/salonlivresparis.us20.list-manage.com\/track\/click?u=dd210387c1a1d67ddc305b11f&amp;id=e551ff8eb1&amp;e=8abeaf12f3\" data-saferedirecturl=\"https:\/\/www.google.com\/url?q=https:\/\/salonlivresparis.us20.list-manage.com\/track\/click?u%3Ddd210387c1a1d67ddc305b11f%26id%3De551ff8eb1%26e%3D8abeaf12f3&amp;source=gmail&amp;ust=1549451252060000&amp;usg=AFQjCNH95EXo-9bkUcIIll3QIr4mUPz4WA\">soir\u00e9e cin\u00e9ma<\/a><\/strong><br \/>\n<a href=\"https:\/\/salonlivresparis.us20.list-manage.com\/track\/click?u=dd210387c1a1d67ddc305b11f&amp;id=069a93832e&amp;e=8abeaf12f3\" data-saferedirecturl=\"https:\/\/www.google.com\/url?q=https:\/\/salonlivresparis.us20.list-manage.com\/track\/click?u%3Ddd210387c1a1d67ddc305b11f%26id%3D069a93832e%26e%3D8abeaf12f3&amp;source=gmail&amp;ust=1549451252060000&amp;usg=AFQjCNFOndzQSsDr4uOEjEaboZigj4kuXQ\">( http:\/\/journeesdulivrerusse.fr\/wp-content\/uploads\/2019\/01\/Cinema-2019.png )<\/a><\/p>\n<p>Outre la partie purement &laquo;litt\u00e9rature&raquo;,<br \/>\nles Journ\u00e9es du Livre Russe proposent des <a href=\"https:\/\/salonlivresparis.us20.list-manage.com\/track\/click?u=dd210387c1a1d67ddc305b11f&amp;id=c151e98127&amp;e=8abeaf12f3\" data-saferedirecturl=\"https:\/\/www.google.com\/url?q=https:\/\/salonlivresparis.us20.list-manage.com\/track\/click?u%3Ddd210387c1a1d67ddc305b11f%26id%3Dc151e98127%26e%3D8abeaf12f3&amp;source=gmail&amp;ust=1549451252060000&amp;usg=AFQjCNFoQQZ67q_IFmkW-ssxEcBwV8RHsg\">expositions <\/a><br \/>\n<a href=\"https:\/\/salonlivresparis.us20.list-manage.com\/track\/click?u=dd210387c1a1d67ddc305b11f&amp;id=6851368e20&amp;e=8abeaf12f3\" data-saferedirecturl=\"https:\/\/www.google.com\/url?q=https:\/\/salonlivresparis.us20.list-manage.com\/track\/click?u%3Ddd210387c1a1d67ddc305b11f%26id%3D6851368e20%26e%3D8abeaf12f3&amp;source=gmail&amp;ust=1549451252060000&amp;usg=AFQjCNFI910jDRVahR9LLAIw3MUidKtHJg\">(lien vers expos :<br \/>\nhttp:\/\/journeesdulivrerusse.fr\/wp-content\/uploads\/2019\/02\/ExpositionsRussophonieJLR2019.png\u00a0 ) <\/a><\/p>\n<p>et des <a href=\"https:\/\/salonlivresparis.us20.list-manage.com\/track\/click?u=dd210387c1a1d67ddc305b11f&amp;id=f52870823f&amp;e=8abeaf12f3\" data-saferedirecturl=\"https:\/\/www.google.com\/url?q=https:\/\/salonlivresparis.us20.list-manage.com\/track\/click?u%3Ddd210387c1a1d67ddc305b11f%26id%3Df52870823f%26e%3D8abeaf12f3&amp;source=gmail&amp;ust=1549451252060000&amp;usg=AFQjCNFwWJNtN8WTnfWXO11YlpLvtItfdQ\">concerts exceptionnels et gratuits <\/a><br \/>\n<a href=\"https:\/\/salonlivresparis.us20.list-manage.com\/track\/click?u=dd210387c1a1d67ddc305b11f&amp;id=ba0048fc90&amp;e=8abeaf12f3\" data-saferedirecturl=\"https:\/\/www.google.com\/url?q=https:\/\/salonlivresparis.us20.list-manage.com\/track\/click?u%3Ddd210387c1a1d67ddc305b11f%26id%3Dba0048fc90%26e%3D8abeaf12f3&amp;source=gmail&amp;ust=1549451252060000&amp;usg=AFQjCNF0Q78Bvxb1mw8QHrcybqgMksMcBA\">(lien concerts :<br \/>\nhttp:\/\/journeesdulivrerusse.fr\/wp-content\/uploads\/2019\/02\/ConcertsAffiche2019JLR.png )<\/a><\/p>\n<p><strong>Contacts : <\/strong><a href=\"mailto:contact.france.oural@gmail.com\">contact.france.oural@gmail.com<\/a><br \/>\n<a href=\"http:\/\/www.journeesdulivrerusse.fr\">www.journeesdulivrerusse.fr<\/a><\/p>\n<p>&nbsp;<\/p>\n<p>&nbsp;<\/p>","protected":false},"excerpt":{"rendered":"<p>D\u00e9sol\u00e9, cet article est seulement disponible en Russe.<\/p>\n","protected":false},"author":2,"featured_media":216012,"comment_status":"open","ping_status":"open","sticky":false,"template":"","format":"standard","meta":[],"categories":[5],"tags":[],"aioseo_notices":[],"_links":{"self":[{"href":"https:\/\/rusoch.fr\/fr\/wp-json\/wp\/v2\/posts\/216010"}],"collection":[{"href":"https:\/\/rusoch.fr\/fr\/wp-json\/wp\/v2\/posts"}],"about":[{"href":"https:\/\/rusoch.fr\/fr\/wp-json\/wp\/v2\/types\/post"}],"author":[{"embeddable":true,"href":"https:\/\/rusoch.fr\/fr\/wp-json\/wp\/v2\/users\/2"}],"replies":[{"embeddable":true,"href":"https:\/\/rusoch.fr\/fr\/wp-json\/wp\/v2\/comments?post=216010"}],"version-history":[{"count":3,"href":"https:\/\/rusoch.fr\/fr\/wp-json\/wp\/v2\/posts\/216010\/revisions"}],"predecessor-version":[{"id":216017,"href":"https:\/\/rusoch.fr\/fr\/wp-json\/wp\/v2\/posts\/216010\/revisions\/216017"}],"wp:featuredmedia":[{"embeddable":true,"href":"https:\/\/rusoch.fr\/fr\/wp-json\/wp\/v2\/media\/216012"}],"wp:attachment":[{"href":"https:\/\/rusoch.fr\/fr\/wp-json\/wp\/v2\/media?parent=216010"}],"wp:term":[{"taxonomy":"category","embeddable":true,"href":"https:\/\/rusoch.fr\/fr\/wp-json\/wp\/v2\/categories?post=216010"},{"taxonomy":"post_tag","embeddable":true,"href":"https:\/\/rusoch.fr\/fr\/wp-json\/wp\/v2\/tags?post=216010"}],"curies":[{"name":"wp","href":"https:\/\/api.w.org\/{rel}","templated":true}]}}