{"id":216982,"date":"2019-05-21T16:33:49","date_gmt":"2019-05-21T15:33:49","guid":{"rendered":"http:\/\/rusoch.fr\/?p=216982"},"modified":"2019-05-22T10:05:33","modified_gmt":"2019-05-22T09:05:33","slug":"syn-aznavura-otkryl-pamyatnuyu-dosku-v-parizhe","status":"publish","type":"post","link":"https:\/\/rusoch.fr\/fr\/cult\/syn-aznavura-otkryl-pamyatnuyu-dosku-v-parizhe.html","title":{"rendered":"La Ville de Paris rend hommage \u00e0 Charles Aznavour"},"content":{"rendered":"<p><strong>\u00c0 l\u2019occasion du 95e anniversaire de la naissance de Charles Aznavour.<\/strong><!--more--><\/p>\n<p><div id=\"attachment_216983\" style=\"width: 578px\" class=\"wp-caption alignnone\"><a href=\"http:\/\/rusoch.fr\/files\/2019\/05\/IMG_2701-1.jpg\"><img aria-describedby=\"caption-attachment-216983\" loading=\"lazy\" class=\"wp-image-216983 size-medium\" src=\"http:\/\/rusoch.fr\/files\/2019\/05\/IMG_2701-1-568x379.jpg\" alt=\"\" width=\"568\" height=\"379\" srcset=\"https:\/\/rusoch.fr\/files\/2019\/05\/IMG_2701-1-568x379.jpg 568w, https:\/\/rusoch.fr\/files\/2019\/05\/IMG_2701-1-768x512.jpg 768w, https:\/\/rusoch.fr\/files\/2019\/05\/IMG_2701-1-600x400.jpg 600w, https:\/\/rusoch.fr\/files\/2019\/05\/IMG_2701-1.jpg 1000w\" sizes=\"(max-width: 568px) 100vw, 568px\" \/><\/a><p id=\"caption-attachment-216983\" class=\"wp-caption-text\">Nicolas Aznavour Photo: Boris Guessel<\/p><\/div><\/p>\n<p>N\u00e9 le 22 mai 1924 dans le 6e arrondissement de la capitale, Charles Aznavour, Parisien devenu v\u00e9ritable ic\u00f4ne de la chanson fran\u00e7aise, a laiss\u00e9 derri\u00e8re lui un h\u00e9ritage culturel et une \u0153uvre philanthropique consid\u00e9rable.<\/p>\n<p><div id=\"attachment_216986\" style=\"width: 578px\" class=\"wp-caption alignnone\"><a href=\"http:\/\/rusoch.fr\/files\/2019\/05\/IMG_2705-1.jpg\"><img aria-describedby=\"caption-attachment-216986\" loading=\"lazy\" class=\"wp-image-216986 size-medium\" src=\"http:\/\/rusoch.fr\/files\/2019\/05\/IMG_2705-1-568x379.jpg\" alt=\"\" width=\"568\" height=\"379\" srcset=\"https:\/\/rusoch.fr\/files\/2019\/05\/IMG_2705-1-568x379.jpg 568w, https:\/\/rusoch.fr\/files\/2019\/05\/IMG_2705-1-768x512.jpg 768w, https:\/\/rusoch.fr\/files\/2019\/05\/IMG_2705-1-600x400.jpg 600w, https:\/\/rusoch.fr\/files\/2019\/05\/IMG_2705-1.jpg 1000w\" sizes=\"(max-width: 568px) 100vw, 568px\" \/><\/a><p id=\"caption-attachment-216986\" class=\"wp-caption-text\">Anne Hidalgo Photo: Boris Guessel<\/p><\/div><br \/>\n<div id=\"attachment_216984\" style=\"width: 578px\" class=\"wp-caption alignnone\"><a href=\"http:\/\/rusoch.fr\/files\/2019\/05\/IMG_2684.jpg\"><img aria-describedby=\"caption-attachment-216984\" loading=\"lazy\" class=\"wp-image-216984 size-medium\" src=\"http:\/\/rusoch.fr\/files\/2019\/05\/IMG_2684-568x379.jpg\" alt=\"\" width=\"568\" height=\"379\" srcset=\"https:\/\/rusoch.fr\/files\/2019\/05\/IMG_2684-568x379.jpg 568w, https:\/\/rusoch.fr\/files\/2019\/05\/IMG_2684-768x512.jpg 768w, https:\/\/rusoch.fr\/files\/2019\/05\/IMG_2684-600x400.jpg 600w, https:\/\/rusoch.fr\/files\/2019\/05\/IMG_2684.jpg 1000w\" sizes=\"(max-width: 568px) 100vw, 568px\" \/><\/a><p id=\"caption-attachment-216984\" class=\"wp-caption-text\">Photo: Boris Guessel<\/p><\/div><\/p>\n<p>Le 21 mai, <strong>Anne Hidalgo<\/strong>, Maire de Paris, Christophe Girard, adjoint \u00e0 la Maire pour la Culture, et Patrick Klugman, adjoint \u00e0 la Maire charg\u00e9 des Relations Internationales et de la Francophonie ont d\u00e9voil\u00e9 une plaque comm\u00e9morative en l\u2019honneur de l\u2019artiste Rue Monsieur le Prince, o\u00f9 il v\u00e9cut.<\/p>\n<p><div id=\"attachment_216985\" style=\"width: 263px\" class=\"wp-caption alignnone\"><a href=\"http:\/\/rusoch.fr\/files\/2019\/05\/IMG_2693-1.jpg\"><img aria-describedby=\"caption-attachment-216985\" loading=\"lazy\" class=\"wp-image-216985 size-medium\" src=\"http:\/\/rusoch.fr\/files\/2019\/05\/IMG_2693-1-253x379.jpg\" alt=\"\" width=\"253\" height=\"379\" srcset=\"https:\/\/rusoch.fr\/files\/2019\/05\/IMG_2693-1-253x379.jpg 253w, https:\/\/rusoch.fr\/files\/2019\/05\/IMG_2693-1-768x1152.jpg 768w, https:\/\/rusoch.fr\/files\/2019\/05\/IMG_2693-1-267x400.jpg 267w, https:\/\/rusoch.fr\/files\/2019\/05\/IMG_2693-1-600x900.jpg 600w, https:\/\/rusoch.fr\/files\/2019\/05\/IMG_2693-1.jpg 1000w\" sizes=\"(max-width: 253px) 100vw, 253px\" \/><\/a><p id=\"caption-attachment-216985\" class=\"wp-caption-text\">Erik Berchot, accompagniateur de Ch. Aznavour Photo: Boris Guessel<\/p><\/div><br \/>\n<div id=\"attachment_216987\" style=\"width: 578px\" class=\"wp-caption alignnone\"><a href=\"http:\/\/rusoch.fr\/files\/2019\/05\/IMG_2719.jpg\"><img aria-describedby=\"caption-attachment-216987\" loading=\"lazy\" class=\"wp-image-216987 size-medium\" src=\"http:\/\/rusoch.fr\/files\/2019\/05\/IMG_2719-568x379.jpg\" alt=\"\" width=\"568\" height=\"379\" srcset=\"https:\/\/rusoch.fr\/files\/2019\/05\/IMG_2719-568x379.jpg 568w, https:\/\/rusoch.fr\/files\/2019\/05\/IMG_2719-768x512.jpg 768w, https:\/\/rusoch.fr\/files\/2019\/05\/IMG_2719-600x400.jpg 600w, https:\/\/rusoch.fr\/files\/2019\/05\/IMG_2719.jpg 1000w\" sizes=\"(max-width: 568px) 100vw, 568px\" \/><\/a><p id=\"caption-attachment-216987\" class=\"wp-caption-text\">Photo: Boris Guessel<\/p><\/div><br \/>\n<div id=\"attachment_216988\" style=\"width: 513px\" class=\"wp-caption alignnone\"><a href=\"http:\/\/rusoch.fr\/files\/2019\/05\/IMG_2729.jpg\"><img aria-describedby=\"caption-attachment-216988\" loading=\"lazy\" class=\"wp-image-216988 size-medium\" src=\"http:\/\/rusoch.fr\/files\/2019\/05\/IMG_2729-503x379.jpg\" alt=\"\" width=\"503\" height=\"379\" srcset=\"https:\/\/rusoch.fr\/files\/2019\/05\/IMG_2729-503x379.jpg 503w, https:\/\/rusoch.fr\/files\/2019\/05\/IMG_2729-768x578.jpg 768w, https:\/\/rusoch.fr\/files\/2019\/05\/IMG_2729-531x400.jpg 531w, https:\/\/rusoch.fr\/files\/2019\/05\/IMG_2729-600x452.jpg 600w, https:\/\/rusoch.fr\/files\/2019\/05\/IMG_2729.jpg 1000w\" sizes=\"(max-width: 503px) 100vw, 503px\" \/><\/a><p id=\"caption-attachment-216988\" class=\"wp-caption-text\">Photo: Boris Guessel<\/p><\/div><\/p>\n<p>Charles Aznavour a \u00e9galement laiss\u00e9 derri\u00e8re lui une \u0153uvre philanthropique consid\u00e9rable. L\u2019artiste a durablement marqu\u00e9 les esprits avec la Fondation Aznavour qu\u2019il a cr\u00e9\u00e9e pour les victimes du tragique tremblement de terre ayant frapp\u00e9 l\u2019Arm\u00e9nie le 7 d\u00e9cembre 1988 puis pour de nombreuses causes humanitaires.<\/p>\n<p>Charles Aznavour a d\u00e9sign\u00e9 son fils <strong>Nicolas Aznavour<\/strong> pour prendre la rel\u00e8ve de la fondation Aznavour et c&#39;est avec le soutien de toute la famille Aznavour qu&#39;ils continueront d&#39;\u0153uvrer pour le d\u00e9veloppement et l\u2019implantation de programmes \u00e9ducatifs, culturels et sociaux.<\/p>\n<p><div id=\"attachment_216990\" style=\"width: 578px\" class=\"wp-caption alignnone\"><a href=\"http:\/\/rusoch.fr\/files\/2019\/05\/IMG_2728.jpg\"><img aria-describedby=\"caption-attachment-216990\" loading=\"lazy\" class=\"wp-image-216990 size-medium\" src=\"http:\/\/rusoch.fr\/files\/2019\/05\/IMG_2728-568x379.jpg\" alt=\"\" width=\"568\" height=\"379\" srcset=\"https:\/\/rusoch.fr\/files\/2019\/05\/IMG_2728-568x379.jpg 568w, https:\/\/rusoch.fr\/files\/2019\/05\/IMG_2728-768x512.jpg 768w, https:\/\/rusoch.fr\/files\/2019\/05\/IMG_2728-600x400.jpg 600w, https:\/\/rusoch.fr\/files\/2019\/05\/IMG_2728.jpg 1000w\" sizes=\"(max-width: 568px) 100vw, 568px\" \/><\/a><p id=\"caption-attachment-216990\" class=\"wp-caption-text\">Photo: Boris Guessel<\/p><\/div><br \/>\n<div id=\"attachment_216995\" style=\"width: 524px\" class=\"wp-caption alignnone\"><a href=\"http:\/\/rusoch.fr\/files\/2019\/05\/IMG_2652.jpg\"><img aria-describedby=\"caption-attachment-216995\" loading=\"lazy\" class=\"wp-image-216995 size-medium\" src=\"http:\/\/rusoch.fr\/files\/2019\/05\/IMG_2652-514x379.jpg\" alt=\"\" width=\"514\" height=\"379\" srcset=\"https:\/\/rusoch.fr\/files\/2019\/05\/IMG_2652-514x379.jpg 514w, https:\/\/rusoch.fr\/files\/2019\/05\/IMG_2652-768x566.jpg 768w, https:\/\/rusoch.fr\/files\/2019\/05\/IMG_2652-543x400.jpg 543w, https:\/\/rusoch.fr\/files\/2019\/05\/IMG_2652-600x442.jpg 600w, https:\/\/rusoch.fr\/files\/2019\/05\/IMG_2652.jpg 1000w\" sizes=\"(max-width: 514px) 100vw, 514px\" \/><\/a><p id=\"caption-attachment-216995\" class=\"wp-caption-text\">Photo: Boris Guessel<\/p><\/div><br \/>\n<div id=\"attachment_216996\" style=\"width: 578px\" class=\"wp-caption alignnone\"><a href=\"http:\/\/rusoch.fr\/files\/2019\/05\/IMG_2654-1.jpg\"><img aria-describedby=\"caption-attachment-216996\" loading=\"lazy\" class=\"wp-image-216996 size-medium\" src=\"http:\/\/rusoch.fr\/files\/2019\/05\/IMG_2654-1-568x379.jpg\" alt=\"\" width=\"568\" height=\"379\" srcset=\"https:\/\/rusoch.fr\/files\/2019\/05\/IMG_2654-1-568x379.jpg 568w, https:\/\/rusoch.fr\/files\/2019\/05\/IMG_2654-1-768x512.jpg 768w, https:\/\/rusoch.fr\/files\/2019\/05\/IMG_2654-1-600x400.jpg 600w, https:\/\/rusoch.fr\/files\/2019\/05\/IMG_2654-1.jpg 1000w\" sizes=\"(max-width: 568px) 100vw, 568px\" \/><\/a><p id=\"caption-attachment-216996\" class=\"wp-caption-text\">Photo: Boris Guessel<\/p><\/div><\/p>\n<p>&nbsp;<\/p>\n<p>Pour c\u00e9l\u00e9brer le 95e anniversaire de la naissance de cet auteur, compositeur, interpr\u00e8te, illustre ambassadeur de la culture fran\u00e7aise, la Ville de Paris organise un hommage musical le 21 mai de 17h \u00e0 21h sur le parvis de l\u2019H\u00f4tel de Ville.<\/p>\n<p>Les artistes Erik Berchot, Joana Mendil, Andr\u00e9 Manoukian et Essa\u00ef Altounian interpr\u00e9teront tour \u00e0 tour des titres embl\u00e9matiques de Charles Aznavour. La Chorale des agents de la Ville interpr\u00e9tera les titres \u00ab\u00a0Emmenez-moi \u00bb et \u00ab La Boh\u00e8me \u00bb.<\/p>\n<p>&nbsp;<\/p>","protected":false},"excerpt":{"rendered":"<p>D\u00e9sol\u00e9, cet article est seulement disponible en Russe.<\/p>\n","protected":false},"author":2,"featured_media":216989,"comment_status":"open","ping_status":"open","sticky":false,"template":"","format":"standard","meta":[],"categories":[5],"tags":[2224,3211],"aioseo_notices":[],"_links":{"self":[{"href":"https:\/\/rusoch.fr\/fr\/wp-json\/wp\/v2\/posts\/216982"}],"collection":[{"href":"https:\/\/rusoch.fr\/fr\/wp-json\/wp\/v2\/posts"}],"about":[{"href":"https:\/\/rusoch.fr\/fr\/wp-json\/wp\/v2\/types\/post"}],"author":[{"embeddable":true,"href":"https:\/\/rusoch.fr\/fr\/wp-json\/wp\/v2\/users\/2"}],"replies":[{"embeddable":true,"href":"https:\/\/rusoch.fr\/fr\/wp-json\/wp\/v2\/comments?post=216982"}],"version-history":[{"count":5,"href":"https:\/\/rusoch.fr\/fr\/wp-json\/wp\/v2\/posts\/216982\/revisions"}],"predecessor-version":[{"id":217006,"href":"https:\/\/rusoch.fr\/fr\/wp-json\/wp\/v2\/posts\/216982\/revisions\/217006"}],"wp:featuredmedia":[{"embeddable":true,"href":"https:\/\/rusoch.fr\/fr\/wp-json\/wp\/v2\/media\/216989"}],"wp:attachment":[{"href":"https:\/\/rusoch.fr\/fr\/wp-json\/wp\/v2\/media?parent=216982"}],"wp:term":[{"taxonomy":"category","embeddable":true,"href":"https:\/\/rusoch.fr\/fr\/wp-json\/wp\/v2\/categories?post=216982"},{"taxonomy":"post_tag","embeddable":true,"href":"https:\/\/rusoch.fr\/fr\/wp-json\/wp\/v2\/tags?post=216982"}],"curies":[{"name":"wp","href":"https:\/\/api.w.org\/{rel}","templated":true}]}}