{"id":217069,"date":"2019-05-28T09:21:56","date_gmt":"2019-05-28T08:21:56","guid":{"rendered":"http:\/\/rusoch.fr\/?p=217069"},"modified":"2019-05-28T10:12:00","modified_gmt":"2019-05-28T09:12:00","slug":"hram-vseh-svyatyh-v-strasburge","status":"publish","type":"post","link":"https:\/\/rusoch.fr\/fr\/tour\/hram-vseh-svyatyh-v-strasburge.html","title":{"rendered":"L\u2019Eglise de Tous les Saints \u00e0 Strasbourg"},"content":{"rendered":"<p><strong>Pendant plus de cinq ans durait la construction de l&#39;\u00e9glise orthodoxe russe en l&#39;honneur de Tous les Saints \u00e0 Strasbourg pour la grande communaut\u00e9 orthodoxe de la ville .<\/strong><\/p>\n<p><strong> Dimanche dernier, la grande cons\u00e9cration du temple a eu lieu par le patriarche Kirill de Moscou et de toute la Russie.<\/strong><\/p>\n<p><!--more--><\/p>\n<p><a href=\"http:\/\/rusoch.fr\/files\/2019\/05\/61035846_475161616381322_54578962633850880_n.jpg\"><img loading=\"lazy\" class=\"alignnone size-medium wp-image-217070\" src=\"http:\/\/rusoch.fr\/files\/2019\/05\/61035846_475161616381322_54578962633850880_n-284x379.jpg\" alt=\"\" width=\"284\" height=\"379\" srcset=\"https:\/\/rusoch.fr\/files\/2019\/05\/61035846_475161616381322_54578962633850880_n-284x379.jpg 284w, https:\/\/rusoch.fr\/files\/2019\/05\/61035846_475161616381322_54578962633850880_n-768x1024.jpg 768w, https:\/\/rusoch.fr\/files\/2019\/05\/61035846_475161616381322_54578962633850880_n-300x400.jpg 300w, https:\/\/rusoch.fr\/files\/2019\/05\/61035846_475161616381322_54578962633850880_n-600x800.jpg 600w, https:\/\/rusoch.fr\/files\/2019\/05\/61035846_475161616381322_54578962633850880_n.jpg 1000w\" sizes=\"(max-width: 284px) 100vw, 284px\" \/><\/a><\/p>\n<p>La Divine Liturgie en slave et en fran\u00e7ais a \u00e9t\u00e9 ex\u00e9cut\u00e9e. Les pr\u00eatres ont fait une procession autour du temple \u00e9rig\u00e9.<\/p>\n<p>Non seulement les paroissiens de la communaut\u00e9 orthodoxe de la ville, mais aussi de hauts responsables, des invit\u00e9s d&#39;autres villes de France et m\u00eame de l&#39;Allemagne voisine se sont r\u00e9unis pour des c\u00e9l\u00e9brations religieuses.<\/p>\n<p><a href=\"http:\/\/rusoch.fr\/files\/2019\/05\/61291072_633851997082006_1298995575726800896_n.jpg\"><img loading=\"lazy\" class=\"alignnone size-medium wp-image-217072\" src=\"http:\/\/rusoch.fr\/files\/2019\/05\/61291072_633851997082006_1298995575726800896_n-284x379.jpg\" alt=\"\" width=\"284\" height=\"379\" srcset=\"https:\/\/rusoch.fr\/files\/2019\/05\/61291072_633851997082006_1298995575726800896_n-284x379.jpg 284w, https:\/\/rusoch.fr\/files\/2019\/05\/61291072_633851997082006_1298995575726800896_n-768x1024.jpg 768w, https:\/\/rusoch.fr\/files\/2019\/05\/61291072_633851997082006_1298995575726800896_n-300x400.jpg 300w, https:\/\/rusoch.fr\/files\/2019\/05\/61291072_633851997082006_1298995575726800896_n-600x800.jpg 600w, https:\/\/rusoch.fr\/files\/2019\/05\/61291072_633851997082006_1298995575726800896_n.jpg 1000w\" sizes=\"(max-width: 284px) 100vw, 284px\" \/><\/a><\/p>\n<p>Le patriarche de Moscou et de toutes les Russies Kirill a exprim\u00e9 l&#39;espoir de voir se d\u00e9velopper des liens spirituels avec l&#39;Europe.<\/p>\n<p>La communaut\u00e9 orthodoxe de la ville compte plus de mille personnes, y compris des chr\u00e9tiens orthodoxes de plus de dix nationalit\u00e9s.<br \/>\nLa paroisse du patriarcat de Moscou a \u00e9t\u00e9 fond\u00e9e \u00e0 Strasbourg en 2004, mais ne disposait pas de locaux permanents. Apr\u00e8s avoir demand\u00e9 aux autorit\u00e9s de la ville de mettre \u00e0 disposition un terrain pour la construction du temple, le probl\u00e8me a \u00e9t\u00e9 r\u00e9solu de mani\u00e8re positive.<\/p>\n<blockquote>\n<p>Le conseil municipal de Strasbourg a d\u00e9cid\u00e9 d\u2019octroyer \u00e0 l&#39;\u00c9glise orthodoxe russe un terrain pour la construction de l&#39;\u00e9glise et du centre paroissial dans le centre de la ville pour 99 ans moyennant d\u2019un loyer nominal de 15 euros par an.<\/p>\n<\/blockquote>\n<p>L&#39;auteur du projet de l&#39;\u00e9glise de la Toussaint est l&#39;architecte russe Dmitry Pshenichnikov, dirig\u00e9 par l&#39;architecte fran\u00e7ais Michel Arnold.<\/p>\n<p>Des travaux de construction ont \u00e9t\u00e9 r\u00e9alis\u00e9s par des entreprises de Strasbourg, mais les coupoles, les croix, le chapiteau et l&#39;abside de l&#39;\u00e9glise ont \u00e9t\u00e9 import\u00e9s de Russie.<\/p>\n<p><a href=\"http:\/\/rusoch.fr\/files\/2019\/05\/61613844_789396931447559_7136072567277748224_n.jpg\"><img loading=\"lazy\" class=\"alignnone size-medium wp-image-217073\" src=\"http:\/\/rusoch.fr\/files\/2019\/05\/61613844_789396931447559_7136072567277748224_n-284x379.jpg\" alt=\"\" width=\"284\" height=\"379\" srcset=\"https:\/\/rusoch.fr\/files\/2019\/05\/61613844_789396931447559_7136072567277748224_n-284x379.jpg 284w, https:\/\/rusoch.fr\/files\/2019\/05\/61613844_789396931447559_7136072567277748224_n-768x1024.jpg 768w, https:\/\/rusoch.fr\/files\/2019\/05\/61613844_789396931447559_7136072567277748224_n-300x400.jpg 300w, https:\/\/rusoch.fr\/files\/2019\/05\/61613844_789396931447559_7136072567277748224_n-600x800.jpg 600w, https:\/\/rusoch.fr\/files\/2019\/05\/61613844_789396931447559_7136072567277748224_n.jpg 1000w\" sizes=\"(max-width: 284px) 100vw, 284px\" \/><\/a><\/p>\n<p>Le temple est con\u00e7u pour 300 personnes mais peut accueillir jusqu&#39;\u00e0 500 personnes.<\/p>\n<p>L&#39;\u00e9glise en pierre blanche est situ\u00e9e \u00e0 c\u00f4t\u00e9 des principales institutions europ\u00e9ennes internationales&nbsp;&mdash; le Conseil de l&#39;Europe, la Cour des droits de l&#39;homme de Strasbourg, le Parlement europ\u00e9en.<\/p>\n<p>Le complexe du temple, d&#39;une valeur de 11 millions d&#39;euros, est enti\u00e8rement construit gr\u00e2ce \u00e0 des dons priv\u00e9s.<\/p>\n<p><em>Photos de Natalia Loukianova<\/em><\/p>\n<p>&nbsp;<\/p>\n<p><strong>Sur L&#39;Eglise de Tous les Saints de Strasbourg:<\/strong><\/p>\n<blockquote class=\"wp-embedded-content\" data-secret=\"qHJlO8UZa0\">\n<p><a href=\"http:\/\/rusoch.fr\/events\/polozheno-nachalo-stroitelstvu-xrama-vsex-svyatyx-v-strasburge.html\">\u041f\u043e\u043b\u043e\u0436\u0435\u043d\u043e \u043d\u0430\u0447\u0430\u043b\u043e \u0441\u0442\u0440\u043e\u0438\u0442\u0435\u043b\u044c\u0441\u0442\u0432\u0443 \u0425\u0440\u0430\u043c\u0430 \u0412\u0441\u0435\u0445 \u0421\u0432\u044f\u0442\u044b\u0445 \u0432 \u0421\u0442\u0440\u0430\u0441\u0431\u0443\u0440\u0433\u0435 | Une \u00e9glise Orthodoxe en construction \u00e0 Strasbourg<\/a><\/p>\n<\/blockquote>\n<p><iframe class=\"wp-embedded-content\" sandbox=\"allow-scripts\" security=\"restricted\" style=\"position: absolute; clip: rect(1px, 1px, 1px, 1px);\" src=\"http:\/\/rusoch.fr\/events\/polozheno-nachalo-stroitelstvu-xrama-vsex-svyatyx-v-strasburge.html\/embed#?secret=qHJlO8UZa0\" data-secret=\"qHJlO8UZa0\" width=\"600\" height=\"338\" title=\"\u00ab\u041f\u043e\u043b\u043e\u0436\u0435\u043d\u043e \u043d\u0430\u0447\u0430\u043b\u043e \u0441\u0442\u0440\u043e\u0438\u0442\u0435\u043b\u044c\u0441\u0442\u0432\u0443 \u0425\u0440\u0430\u043c\u0430 \u0412\u0441\u0435\u0445 \u0421\u0432\u044f\u0442\u044b\u0445 \u0432 \u0421\u0442\u0440\u0430\u0441\u0431\u0443\u0440\u0433\u0435 | Une \u00e9glise Orthodoxe en construction \u00e0 Strasbourg\u00bb &#8212; \u0420\u0443\u0441\u0441\u043a\u0438\u0439 \u043e\u0447\u0435\u0432\u0438\u0434\u0435\u0446 | L\u2019Observateur Russe\" frameborder=\"0\" marginwidth=\"0\" marginheight=\"0\" scrolling=\"no\"><\/iframe><\/p>\n<blockquote class=\"wp-embedded-content\" data-secret=\"3AWdSacJVu\">\n<p><a href=\"http:\/\/rusoch.fr\/events\/strasburg-pravoslavnyj.html\">\u0421\u0442\u0440\u0430\u0441\u0431\u0443\u0440\u0433 \u043f\u0440\u0430\u0432\u043e\u0441\u043b\u0430\u0432\u043d\u044b\u0439 | Strasbourg orthodoxe<\/a><\/p>\n<\/blockquote>\n<p><iframe class=\"wp-embedded-content\" sandbox=\"allow-scripts\" security=\"restricted\" style=\"position: absolute; clip: rect(1px, 1px, 1px, 1px);\" src=\"http:\/\/rusoch.fr\/events\/strasburg-pravoslavnyj.html\/embed#?secret=3AWdSacJVu\" data-secret=\"3AWdSacJVu\" width=\"600\" height=\"338\" title=\"\u00ab\u0421\u0442\u0440\u0430\u0441\u0431\u0443\u0440\u0433 \u043f\u0440\u0430\u0432\u043e\u0441\u043b\u0430\u0432\u043d\u044b\u0439 | Strasbourg orthodoxe\u00bb &#8212; \u0420\u0443\u0441\u0441\u043a\u0438\u0439 \u043e\u0447\u0435\u0432\u0438\u0434\u0435\u0446 | L\u2019Observateur Russe\" frameborder=\"0\" marginwidth=\"0\" marginheight=\"0\" scrolling=\"no\"><\/iframe><\/p>\n<p>&nbsp;<\/p>","protected":false},"excerpt":{"rendered":"<p>D\u00e9sol\u00e9, cet article est seulement disponible en Russe.<\/p>\n","protected":false},"author":2,"featured_media":217071,"comment_status":"open","ping_status":"open","sticky":false,"template":"","format":"standard","meta":[],"categories":[7],"tags":[3216,715,3215],"aioseo_notices":[],"_links":{"self":[{"href":"https:\/\/rusoch.fr\/fr\/wp-json\/wp\/v2\/posts\/217069"}],"collection":[{"href":"https:\/\/rusoch.fr\/fr\/wp-json\/wp\/v2\/posts"}],"about":[{"href":"https:\/\/rusoch.fr\/fr\/wp-json\/wp\/v2\/types\/post"}],"author":[{"embeddable":true,"href":"https:\/\/rusoch.fr\/fr\/wp-json\/wp\/v2\/users\/2"}],"replies":[{"embeddable":true,"href":"https:\/\/rusoch.fr\/fr\/wp-json\/wp\/v2\/comments?post=217069"}],"version-history":[{"count":5,"href":"https:\/\/rusoch.fr\/fr\/wp-json\/wp\/v2\/posts\/217069\/revisions"}],"predecessor-version":[{"id":217079,"href":"https:\/\/rusoch.fr\/fr\/wp-json\/wp\/v2\/posts\/217069\/revisions\/217079"}],"wp:featuredmedia":[{"embeddable":true,"href":"https:\/\/rusoch.fr\/fr\/wp-json\/wp\/v2\/media\/217071"}],"wp:attachment":[{"href":"https:\/\/rusoch.fr\/fr\/wp-json\/wp\/v2\/media?parent=217069"}],"wp:term":[{"taxonomy":"category","embeddable":true,"href":"https:\/\/rusoch.fr\/fr\/wp-json\/wp\/v2\/categories?post=217069"},{"taxonomy":"post_tag","embeddable":true,"href":"https:\/\/rusoch.fr\/fr\/wp-json\/wp\/v2\/tags?post=217069"}],"curies":[{"name":"wp","href":"https:\/\/api.w.org\/{rel}","templated":true}]}}