{"id":217375,"date":"2019-10-02T14:39:36","date_gmt":"2019-10-02T13:39:36","guid":{"rendered":"http:\/\/rusoch.fr\/?p=217375"},"modified":"2019-10-05T13:17:40","modified_gmt":"2019-10-05T12:17:40","slug":"rajmon-depardon-v-muzee-voennoj-meditsiny","status":"publish","type":"post","link":"https:\/\/rusoch.fr\/fr\/cult\/rajmon-depardon-v-muzee-voennoj-meditsiny.html","title":{"rendered":"Raymond Depardon photographe militaire"},"content":{"rendered":"<p><strong>C\u00e9l\u00e8bre pour son \u0153uvre photographique et ses r\u00e9alisations cin\u00e9matographiques, Raymond Depardon est un t\u00e9moin sensible et engag\u00e9 des \u00e9poques qu&#39;il traverse, des territoires qu&#39;il arpente et des habitants qu&#39;il rencontre.<\/strong><\/p>\n<p><!--more--><\/p>\n<p><div id=\"attachment_217376\" style=\"width: 571px\" class=\"wp-caption alignnone\"><a href=\"http:\/\/rusoch.fr\/files\/2019\/10\/OK-PAR-67-19ret-FN.jpg\"><img aria-describedby=\"caption-attachment-217376\" loading=\"lazy\" class=\"wp-image-217376 size-medium\" src=\"http:\/\/rusoch.fr\/files\/2019\/10\/OK-PAR-67-19ret-FN-561x379.jpg\" alt=\"\" width=\"561\" height=\"379\" srcset=\"https:\/\/rusoch.fr\/files\/2019\/10\/OK-PAR-67-19ret-FN-561x379.jpg 561w, https:\/\/rusoch.fr\/files\/2019\/10\/OK-PAR-67-19ret-FN-768x518.jpg 768w, https:\/\/rusoch.fr\/files\/2019\/10\/OK-PAR-67-19ret-FN-593x400.jpg 593w, https:\/\/rusoch.fr\/files\/2019\/10\/OK-PAR-67-19ret-FN-600x405.jpg 600w, https:\/\/rusoch.fr\/files\/2019\/10\/OK-PAR-67-19ret-FN.jpg 1000w\" sizes=\"(max-width: 561px) 100vw, 561px\" \/><\/a><p id=\"caption-attachment-217376\" class=\"wp-caption-text\">Arriv\u00e9e des soldats en formation \u00e0 l\u2019\u00e9cole du Roc, Chamonix-Mont-Blanc, juillet 1962.<\/p><\/div><\/p>\n<p>Apr\u00e8s une premi\u00e8re exposition au mus\u00e9e national de la Marine (Toulon&nbsp;&mdash; 17 mai&nbsp;&mdash; 31 d\u00e9cembre 2019), le mus\u00e9e national du Service de sant\u00e9 des arm\u00e9es, l&#39;Etablissement de communication et de production audiovisuelle de la D\u00e9fense (ECPAD) et la Direction des patrimoines, de la m\u00e9moire et des archives (DPMA), pr\u00e9sentent, en \u00e9troite collaboration avec\u00a0l&#39;artiste, une s\u00e9lection de pr\u00e8s de\u00a0100 photographies prises pendant son\u00a0service militaire entre juillet 1962 et ao\u00fbt 1963.<\/p>\n<p><div id=\"attachment_217378\" style=\"width: 395px\" class=\"wp-caption alignnone\"><a href=\"http:\/\/rusoch.fr\/files\/2019\/10\/PAR-118-12.jpg\"><img aria-describedby=\"caption-attachment-217378\" loading=\"lazy\" class=\"wp-image-217378 size-medium\" src=\"http:\/\/rusoch.fr\/files\/2019\/10\/PAR-118-12-385x379.jpg\" alt=\"\" width=\"385\" height=\"379\" srcset=\"https:\/\/rusoch.fr\/files\/2019\/10\/PAR-118-12-385x379.jpg 385w, https:\/\/rusoch.fr\/files\/2019\/10\/PAR-118-12-768x756.jpg 768w, https:\/\/rusoch.fr\/files\/2019\/10\/PAR-118-12-407x400.jpg 407w, https:\/\/rusoch.fr\/files\/2019\/10\/PAR-118-12-600x590.jpg 600w, https:\/\/rusoch.fr\/files\/2019\/10\/PAR-118-12.jpg 1000w\" sizes=\"(max-width: 385px) 100vw, 385px\" \/><\/a><p id=\"caption-attachment-217378\" class=\"wp-caption-text\">R\u00e9serviste de la section de transmission d\u00e9partementale pendant l\u2019op\u00e9ration \u00ab Jimmy \u00bb, Bourgogne, septembre 1962.<\/p><\/div><\/p>\n<p>Raymond Depardon est affect\u00e9 comme photographe \u00e0 la r\u00e9daction du <strong>magazine des arm\u00e9es Terre Air Mer (TAM)<\/strong>, <strong>le &laquo;Paris Match militaire&raquo;<\/strong>.<\/p>\n<p>Il y r\u00e9alise plus de\u00a02 000 photographies, conserv\u00e9es et int\u00e9gralement num\u00e9ris\u00e9es \u00e0 l&#39;ECPAD (agence d&#39;images de la D\u00e9fense).<\/p>\n<p><div id=\"attachment_217379\" style=\"width: 303px\" class=\"wp-caption alignnone\"><a href=\"http:\/\/rusoch.fr\/files\/2019\/10\/TAM_1962_n07_COUVret.jpg\"><img aria-describedby=\"caption-attachment-217379\" loading=\"lazy\" class=\"wp-image-217379 size-medium\" src=\"http:\/\/rusoch.fr\/files\/2019\/10\/TAM_1962_n07_COUVret-293x379.jpg\" alt=\"\" width=\"293\" height=\"379\" srcset=\"https:\/\/rusoch.fr\/files\/2019\/10\/TAM_1962_n07_COUVret-293x379.jpg 293w, https:\/\/rusoch.fr\/files\/2019\/10\/TAM_1962_n07_COUVret-768x995.jpg 768w, https:\/\/rusoch.fr\/files\/2019\/10\/TAM_1962_n07_COUVret-309x400.jpg 309w, https:\/\/rusoch.fr\/files\/2019\/10\/TAM_1962_n07_COUVret-600x777.jpg 600w, https:\/\/rusoch.fr\/files\/2019\/10\/TAM_1962_n07_COUVret.jpg 1000w\" sizes=\"(max-width: 293px) 100vw, 293px\" \/><\/a><p id=\"caption-attachment-217379\" class=\"wp-caption-text\">Couverture de TAM n\u00b07 par Raymond Depardon, 1\u00e8re quinzaine de novembre 1962.<\/p><\/div><\/p>\n<p>Il y r\u00e9alise plus de\u00a02 000 photographies, conserv\u00e9es et int\u00e9gralement num\u00e9ris\u00e9es \u00e0 l&#39;ECPAD (agence d&#39;images de la D\u00e9fense).<\/p>\n<p><div id=\"attachment_217381\" style=\"width: 398px\" class=\"wp-caption alignnone\"><a href=\"http:\/\/rusoch.fr\/files\/2019\/10\/OK-PAR-154-25.jpg\"><img aria-describedby=\"caption-attachment-217381\" loading=\"lazy\" class=\"wp-image-217381 size-medium\" src=\"http:\/\/rusoch.fr\/files\/2019\/10\/OK-PAR-154-25-388x379.jpg\" alt=\"\" width=\"388\" height=\"379\" srcset=\"https:\/\/rusoch.fr\/files\/2019\/10\/OK-PAR-154-25-388x379.jpg 388w, https:\/\/rusoch.fr\/files\/2019\/10\/OK-PAR-154-25-768x750.jpg 768w, https:\/\/rusoch.fr\/files\/2019\/10\/OK-PAR-154-25-409x400.jpg 409w, https:\/\/rusoch.fr\/files\/2019\/10\/OK-PAR-154-25-600x586.jpg 600w, https:\/\/rusoch.fr\/files\/2019\/10\/OK-PAR-154-25.jpg 1000w\" sizes=\"(max-width: 388px) 100vw, 388px\" \/><\/a><p id=\"caption-attachment-217381\" class=\"wp-caption-text\">\u00c0 l\u2019\u00e9cole des enfants de troupes d\u2019Aix-en-Provence, 1962.<\/p><\/div><\/p>\n<p>Ce corpus de jeunesse, jamais pr\u00e9sent\u00e9, met en lumi\u00e8re une autre facette de la carri\u00e8re de Raymond Depardon et illustre la gen\u00e8se d&#39;un regard dont la richesse du parcours est aujourd&#39;hui mondialement salu\u00e9e.<\/p>\n<p><div id=\"attachment_217380\" style=\"width: 399px\" class=\"wp-caption alignnone\"><a href=\"http:\/\/rusoch.fr\/files\/2019\/10\/OK-PAR-273-11.jpg\"><img aria-describedby=\"caption-attachment-217380\" loading=\"lazy\" class=\"wp-image-217380 size-medium\" src=\"http:\/\/rusoch.fr\/files\/2019\/10\/OK-PAR-273-11-389x379.jpg\" alt=\"\" width=\"389\" height=\"379\" srcset=\"https:\/\/rusoch.fr\/files\/2019\/10\/OK-PAR-273-11-389x379.jpg 389w, https:\/\/rusoch.fr\/files\/2019\/10\/OK-PAR-273-11-768x748.jpg 768w, https:\/\/rusoch.fr\/files\/2019\/10\/OK-PAR-273-11-411x400.jpg 411w, https:\/\/rusoch.fr\/files\/2019\/10\/OK-PAR-273-11-600x584.jpg 600w, https:\/\/rusoch.fr\/files\/2019\/10\/OK-PAR-273-11.jpg 1000w\" sizes=\"(max-width: 389px) 100vw, 389px\" \/><\/a><p id=\"caption-attachment-217380\" class=\"wp-caption-text\">Instruction au 404e RAMA \u00e0 Valence, 1962&mdash;1963<\/p><\/div><\/p>\n<p>\u00ab Apprenez \u00e0 diriger infailliblement votre \u0153il vers la photo \u00e0 faire, comme un chasseur \u00e0 la recherche de sa proie; apprenez \u00e0 faire de l\u2019objectif de votre appareil le prolongement instantan\u00e9 de votre \u0153il exerc\u00e9, en un mot, apprenez \u00e0 photographier comme vous respirez\u00bb, \u00e9crivait Raymond Depardon en 1963.<\/p>\n<p><div id=\"attachment_217384\" style=\"width: 389px\" class=\"wp-caption alignnone\"><a href=\"http:\/\/rusoch.fr\/files\/2019\/10\/OK-PAR-100-54ret-FN-2.jpg\"><img aria-describedby=\"caption-attachment-217384\" loading=\"lazy\" class=\"wp-image-217384 size-medium\" src=\"http:\/\/rusoch.fr\/files\/2019\/10\/OK-PAR-100-54ret-FN-2-379x379.jpg\" alt=\"\" width=\"379\" height=\"379\" srcset=\"https:\/\/rusoch.fr\/files\/2019\/10\/OK-PAR-100-54ret-FN-2-379x379.jpg 379w, https:\/\/rusoch.fr\/files\/2019\/10\/OK-PAR-100-54ret-FN-2-150x150.jpg 150w, https:\/\/rusoch.fr\/files\/2019\/10\/OK-PAR-100-54ret-FN-2-768x768.jpg 768w, https:\/\/rusoch.fr\/files\/2019\/10\/OK-PAR-100-54ret-FN-2-400x400.jpg 400w, https:\/\/rusoch.fr\/files\/2019\/10\/OK-PAR-100-54ret-FN-2-600x600.jpg 600w, https:\/\/rusoch.fr\/files\/2019\/10\/OK-PAR-100-54ret-FN-2.jpg 1000w\" sizes=\"(max-width: 379px) 100vw, 379px\" \/><\/a><p id=\"caption-attachment-217384\" class=\"wp-caption-text\">Ascension estivale du mont Blanc par les troupes de montagne, Chamonix-Mont-Blanc, 13 septembre 1963.<\/p><\/div><\/p>\n<p>&nbsp;<\/p>\n<p><em><strong>Mus\u00e9e du service de sant\u00e9 des arm\u00e9es <\/strong>Ecole du Val de Gr\u00e2ce<\/em><br \/>\n<em>1 place Alphonse Laveran&nbsp;&mdash; Paris 5<\/em><br \/>\n<em>Jusqu\u2019au 30 janvier 2020.<\/em><\/p>\n<p>&nbsp;<\/p>","protected":false},"excerpt":{"rendered":"<p>D\u00e9sol\u00e9, cet article est seulement disponible en Russe.<\/p>\n","protected":false},"author":2,"featured_media":217377,"comment_status":"open","ping_status":"open","sticky":false,"template":"","format":"standard","meta":[],"categories":[5],"tags":[2137,3234],"aioseo_notices":[],"_links":{"self":[{"href":"https:\/\/rusoch.fr\/fr\/wp-json\/wp\/v2\/posts\/217375"}],"collection":[{"href":"https:\/\/rusoch.fr\/fr\/wp-json\/wp\/v2\/posts"}],"about":[{"href":"https:\/\/rusoch.fr\/fr\/wp-json\/wp\/v2\/types\/post"}],"author":[{"embeddable":true,"href":"https:\/\/rusoch.fr\/fr\/wp-json\/wp\/v2\/users\/2"}],"replies":[{"embeddable":true,"href":"https:\/\/rusoch.fr\/fr\/wp-json\/wp\/v2\/comments?post=217375"}],"version-history":[{"count":2,"href":"https:\/\/rusoch.fr\/fr\/wp-json\/wp\/v2\/posts\/217375\/revisions"}],"predecessor-version":[{"id":217439,"href":"https:\/\/rusoch.fr\/fr\/wp-json\/wp\/v2\/posts\/217375\/revisions\/217439"}],"wp:featuredmedia":[{"embeddable":true,"href":"https:\/\/rusoch.fr\/fr\/wp-json\/wp\/v2\/media\/217377"}],"wp:attachment":[{"href":"https:\/\/rusoch.fr\/fr\/wp-json\/wp\/v2\/media?parent=217375"}],"wp:term":[{"taxonomy":"category","embeddable":true,"href":"https:\/\/rusoch.fr\/fr\/wp-json\/wp\/v2\/categories?post=217375"},{"taxonomy":"post_tag","embeddable":true,"href":"https:\/\/rusoch.fr\/fr\/wp-json\/wp\/v2\/tags?post=217375"}],"curies":[{"name":"wp","href":"https:\/\/api.w.org\/{rel}","templated":true}]}}