{"id":217990,"date":"2019-12-12T11:12:23","date_gmt":"2019-12-12T10:12:23","guid":{"rendered":"http:\/\/rusoch.fr\/?p=217990"},"modified":"2019-12-12T12:02:42","modified_gmt":"2019-12-12T11:02:42","slug":"den-pamyati-neizvestnogo-soldata","status":"publish","type":"post","link":"https:\/\/rusoch.fr\/fr\/mond\/den-pamyati-neizvestnogo-soldata.html","title":{"rendered":"Le Jour de M\u00e9moire du Soldat Inconnu"},"content":{"rendered":"<p><strong>Le Jour de M\u00e9moire du Soldat Inconnu est c\u00e9l\u00e9br\u00e9 en France le 11 novembre et dans d&#39;autres pays&nbsp;&mdash; le 3 d\u00e9cembre. Des manifestations comm\u00e9moratives ont eu lieu en Europe qui compte plusieurs cimeti\u00e8res des soldats Russes et Sovi\u00e9tiques. <\/strong><\/p>\n<p><!--more--><\/p>\n<p><a href=\"http:\/\/rusoch.fr\/files\/2019\/12\/DiaGl.jpg\"><img loading=\"lazy\" class=\"alignnone size-medium wp-image-217991\" src=\"http:\/\/rusoch.fr\/files\/2019\/12\/DiaGl-596x322.jpg\" alt=\"\" width=\"596\" height=\"322\" srcset=\"https:\/\/rusoch.fr\/files\/2019\/12\/DiaGl-596x322.jpg 596w, https:\/\/rusoch.fr\/files\/2019\/12\/DiaGl-768x415.jpg 768w, https:\/\/rusoch.fr\/files\/2019\/12\/DiaGl-600x324.jpg 600w, https:\/\/rusoch.fr\/files\/2019\/12\/DiaGl-275x150.jpg 275w, https:\/\/rusoch.fr\/files\/2019\/12\/DiaGl.jpg 1218w\" sizes=\"(max-width: 596px) 100vw, 596px\" \/><\/a><\/p>\n<p>Presque 2 million de citoyens Sovi\u00e9tiques et Russes ont disparu durant les guerres et les conflits arm\u00e9s du XX\u00e8me et du XXI\u00e8me si\u00e8cle. Aujourd&#39;hui, le 3 d\u00e9cembre, nous nous souvenons, reconnaissants, de tous ceux qui ont d\u00e9fendu l&#39;Europe des nazis. Le groupe &laquo;Le Livre de M\u00e9moire&raquo; a interview\u00e9 la coordinatrice du mouvement &laquo;R\u00e9giment Immortel de Lyon&raquo; <strong>Mme Svetlana Terekhova-Mayorgas<\/strong>.<\/p>\n<p><strong>\u00a0<\/strong><\/p>\n<p><strong>Question:<\/strong> L&#39;association &laquo;R\u00e9giment Immortel&raquo; a organis\u00e9 le d\u00e9p\u00f4t des gerbes aux tombes du cimeti\u00e8re militaire de Doua, pourquoi ce lieu a \u00e9t\u00e9 choisi?<\/p>\n<p><strong>R\u00e9ponse:<\/strong>\u00a0 La <strong>n\u00e9cropole nationale de la Doua<\/strong> est un <a href=\"https:\/\/fr.wikipedia.org\/wiki\/Cimeti%C3%A8re_militaire\">cimeti\u00e8re militaire<\/a>, situ\u00e9 \u00e0 <a href=\"https:\/\/fr.wikipedia.org\/wiki\/Villeurbanne\">Villeurbanne<\/a>, Grand Lyon. Le <a href=\"https:\/\/fr.wikipedia.org\/wiki\/Cimeti%C3%A8re\">cimeti\u00e8re<\/a> rassemble des tombes des <a href=\"https:\/\/fr.wikipedia.org\/wiki\/Militaire\">soldats<\/a> ou des <a href=\"https:\/\/fr.wikipedia.org\/wiki\/R%C3%A9sistance_fran%C3%A7aise\">r\u00e9sistants<\/a>, <a href=\"https:\/\/fr.wikipedia.org\/wiki\/France\">fran\u00e7ais<\/a> ou issus des troupes <a href=\"https:\/\/fr.wikipedia.org\/wiki\/Alli%C3%A9s_de_la_Premi%C3%A8re_Guerre_mondiale\">alli\u00e9es de la Premi\u00e8re Guerre mondiale<\/a> ou de la <a href=\"https:\/\/fr.wikipedia.org\/wiki\/Alli%C3%A9s_de_la_Seconde_Guerre_mondiale\">Seconde Guerre mondiale<\/a>, tous <a href=\"https:\/\/fr.wikipedia.org\/wiki\/Mort_pour_la_France\">Morts pour la France<\/a>. On y trouve \u00e9galement des tombes, datant de la Premi\u00e8re et de la Deuxi\u00e8me Guerre Mondiale, des soldats Russes et Sovi\u00e9tiques, ainsi que des r\u00e9sistants, 47 \u00e0 50 tombes au total. De plus, l&#39;ob\u00e9lisque intitul\u00e9 \" Ici se trouve \u00ab\u00a0la tombe de celui qui n\u2019en a pas\u00bb et plusieurs croix des inconnus. Nous avons donc d\u00e9cid\u00e9 de d\u00e9poser des fleurs au pied de cet ob\u00e9lisque et d&#39;honorer la m\u00e9moire de nos compatriotes en d\u00e9corant leurs croix d&#39;un \u0153illet pourpre.<\/p>\n<p><iframe width=\"640\" height=\"360\" src=\"https:\/\/www.youtube.com\/embed\/UYl9TIa9qQc?feature=oembed\" frameborder=\"0\" allow=\"accelerometer; autoplay; encrypted-media; gyroscope; picture-in-picture\" allowfullscreen><\/iframe><\/p>\n<p><strong>Question:<\/strong> Depuis quand existe le R\u00e9giment Immortel de Lyon et qui a \u00e9t\u00e9 l&#39;initiateur du mouvement?<\/p>\n<p><strong>R\u00e9ponse<\/strong>: Le mouvement &laquo;R\u00e9giment Immortel de Lyon&raquo; est n\u00e9 en 2017 gr\u00e2ce \u00e0 l&#39;initiative de deux personnes: Larissa Orloff et moi-m\u00eame. Nos grands-parents ont combattu pendant la Deuxi\u00e8me Guerre, du c\u00f4t\u00e9 des Sovi\u00e9tiques, et des membres de la famille de Larissa Orloff, du c\u00f4t\u00e9 de son \u00e9poux, \u00e9taient dans la R\u00e9sistance Fran\u00e7aise. Notre motivation principale \u00e9tait la comm\u00e9moration de ces personnes et la marche de la Paix, avec les portraits des combattants, \u00e0 Lyon le jour de la Victoire. Mais les origines du R\u00e9giment Immortel remontent \u00e0 l&#39;initiative populaire en Russie, \u00e0 la ville de Tomsk.<\/p>\n<p>La premi\u00e8re marche de la paix, organis\u00e9 \u00e0 V\u00e9nissieux, a rassembl\u00e9 environ 150 personnes, et nous sommes tr\u00e8s reconnaissants \u00e0 la mairie de V\u00e9nissieux de nous avoir permis cette manifestation et de leur soutien, notamment, pour l&#39;organisation du concert \u00e0 la fin de la manifestation. Les rangs de notre R\u00e9giment Immortel ont \u00e9t\u00e9 rejoins par des personnes de plusieurs nationalit\u00e9s, y compris des Fran\u00e7ais. Nous avons chant\u00e9 en langues de tous les participants: en russe, fran\u00e7ais, ukrainien, bi\u00e9lorusse, kazakh, arm\u00e9nien, italien. Cela a \u00e9t\u00e9 v\u00e9ritablement une initiative populaire, avec une impr\u00e9gnation \u00e9tonnante des groupes ethniques et des nationalit\u00e9s multiples. Notre leitmotiv est le mot &laquo;PAIX.&raquo;<br \/>\nDepuis, nous avons organis\u00e9 encore des marches en 2018 et en 2019, \u00e0 Lyon m\u00eame, et nous remercions la mairie et le Pr\u00e9fecture de la ville de Lyon de leur soutien et de la mise en place des dispositifs de s\u00e9curit\u00e9 lors de la marche dans les rues et les places centrales de la ville.<br \/>\nIl va de soi que le d\u00e9p\u00f4t de gerbe aux monuments d&#39;Antoine de St Exup\u00e9ry, celui des enfants d&#39;Izieux et du Veilleur de pierre a fait une partie int\u00e9grante de la manifestation. Nous avons organis\u00e9 un meeting sur la place Carnot et un flash-mob avec les danses et chants sur la place Bellecour. Malheureusement, des fortes averses n&#39;ont pas permis de poursuivre l&#39;action avec un concert traditionnel, organis\u00e9 par nos propres moyens.<\/p>\n<p><strong>Question:<\/strong> Qui finance le mouvement?<\/p>\n<p><strong>R\u00e9ponse:<\/strong> Malheureusement, nous n&#39;avons aucun financement. Notre budget est form\u00e9 gr\u00e2ce aux dons personnels. Le Consulat Honoraire de Russie \u00e0 Lyon et Mr Turcas nous soutient du point de vue administratif.<\/p>\n<p><a href=\"http:\/\/rusoch.fr\/files\/2019\/12\/Diapositive3.jpg\"><img loading=\"lazy\" class=\"alignnone size-medium wp-image-217992\" src=\"http:\/\/rusoch.fr\/files\/2019\/12\/Diapositive3-596x335.jpg\" alt=\"\" width=\"596\" height=\"335\" srcset=\"https:\/\/rusoch.fr\/files\/2019\/12\/Diapositive3-596x335.jpg 596w, https:\/\/rusoch.fr\/files\/2019\/12\/Diapositive3-768x432.jpg 768w, https:\/\/rusoch.fr\/files\/2019\/12\/Diapositive3-600x338.jpg 600w, https:\/\/rusoch.fr\/files\/2019\/12\/Diapositive3.jpg 1280w\" sizes=\"(max-width: 596px) 100vw, 596px\" \/><\/a><\/p>\n<p><strong>Question<\/strong>: Vos projets pour l&#39;avenir?<\/p>\n<p><strong>R\u00e9ponse:<\/strong>\u00a0Nous aimerions r\u00e9aliser notre r\u00eave et marquer les croix des soldats Russes et Sovi\u00e9tiques du cimeti\u00e8re de Doua par des signes distinctifs, tout comme cela a d\u00e9j\u00e0 \u00e9t\u00e9 faits par nos coll\u00e8ges d&#39;Italie, de Pologne et de Belgique. Pour le moment, cette initiative est frein\u00e9e au niveau administratif. Un autre projet: planter des arbres pour cr\u00e9er une all\u00e9e de la Paix, id\u00e9alement ces arbres devraient \u00eatre apport\u00e9s des pays alli\u00e9s. Nous r\u00eavons de faire venir \u00e0 Lyon l&#39;exposition \u00abStalingrad dans\u00a0 le destin de la France\u00bb et de continuer notre mission de la recherche des tombes des soldats Russes et Sovi\u00e9tiques et de leurs descendants vivants.<br \/>\nBien \u00e9videmment, nous invitons tous \u00e0 rejoindre nos rangs lors de la Marche de la Paix le 8 mai, pour comm\u00e9morer le 75\u00e8me anniversaire de la Victoire dans, nous l&#39;esp\u00e9rons, la derni\u00e8re grande guerre sur Terre!<u><\/u><\/p>\n<p><strong>Pour information:<\/strong> le groupe &laquo;Livre de M\u00e9moire&raquo; est une initiative populaire dont le but est la pr\u00e9servation de la m\u00e9moire des combattants de la Deuxi\u00e8me Guerre Mondiale. Ce livre contient des r\u00e9cits de nos compatriotes habitant la r\u00e9gion Auvergne-Rh\u00f4ne-Alpes et dans d&#39;autres r\u00e9gions et pays. Leurs r\u00e9cits sont en lien avec l&#39;histoire personnelle de leurs familles et les \u00e9v\u00e9nements de la Deuxi\u00e8me Guerre Mondiale sur le territoire fran\u00e7ais.<\/p>\n<p><em>\u00a0Lyon<\/em><\/p>\n<p><strong>Plus d&#39;information:<\/strong><\/p>\n<p><iframe width=\"640\" height=\"360\" src=\"https:\/\/www.youtube.com\/embed\/4-QKHHff8RA?feature=oembed\" frameborder=\"0\" allow=\"accelerometer; autoplay; encrypted-media; gyroscope; picture-in-picture\" allowfullscreen><\/iframe><\/p>\n<p>&nbsp;<\/p>\n<p><a href=\"https:\/\/levenissian.fr\/Le-regiment-immortel-a-Venissieux\">https:\/\/levenissian.fr\/Le-regiment-immortel-a-Venissieux<\/a><\/p>\n<p><a href=\"https:\/\/fr.rbth.com\/en_bref\/2017\/05\/05\/le-regiment-immortel-defilera-dans-plusieurs-villes-de-france_757359\">https:\/\/fr.rbth.com\/en_bref\/2017\/05\/05\/le-regiment-immortel-defilera-dans-plusieurs-villes-de-france_757359<\/a><\/p>\n<blockquote class=\"wp-embedded-content\" data-secret=\"lCvMlsC4OS\">\n<p><a href=\"http:\/\/rusoch.fr\/tour\/bessmertnyj-polk-proshel-po-desyati-gorodam-frantsii.html\">Le r\u00e9giment immortel dans dix villes de France<\/a><\/p>\n<\/blockquote>\n<p><iframe class=\"wp-embedded-content\" sandbox=\"allow-scripts\" security=\"restricted\" style=\"position: absolute; clip: rect(1px, 1px, 1px, 1px);\" src=\"http:\/\/rusoch.fr\/tour\/bessmertnyj-polk-proshel-po-desyati-gorodam-frantsii.html\/embed#?secret=lCvMlsC4OS\" data-secret=\"lCvMlsC4OS\" width=\"600\" height=\"338\" title=\"\u00abLe r\u00e9giment immortel dans dix villes de France\u00bb &#8212; \u0420\u0443\u0441\u0441\u043a\u0438\u0439 \u043e\u0447\u0435\u0432\u0438\u0434\u0435\u0446 | L\u2019Observateur Russe\" frameborder=\"0\" marginwidth=\"0\" marginheight=\"0\" scrolling=\"no\"><\/iframe><\/p>\n<p>&nbsp;<\/p>","protected":false},"excerpt":{"rendered":"<p>D\u00e9sol\u00e9, cet article est seulement disponible en Russe.<\/p>\n","protected":false},"author":2,"featured_media":217991,"comment_status":"open","ping_status":"open","sticky":false,"template":"","format":"standard","meta":[],"categories":[8],"tags":[2567],"aioseo_notices":[],"_links":{"self":[{"href":"https:\/\/rusoch.fr\/fr\/wp-json\/wp\/v2\/posts\/217990"}],"collection":[{"href":"https:\/\/rusoch.fr\/fr\/wp-json\/wp\/v2\/posts"}],"about":[{"href":"https:\/\/rusoch.fr\/fr\/wp-json\/wp\/v2\/types\/post"}],"author":[{"embeddable":true,"href":"https:\/\/rusoch.fr\/fr\/wp-json\/wp\/v2\/users\/2"}],"replies":[{"embeddable":true,"href":"https:\/\/rusoch.fr\/fr\/wp-json\/wp\/v2\/comments?post=217990"}],"version-history":[{"count":3,"href":"https:\/\/rusoch.fr\/fr\/wp-json\/wp\/v2\/posts\/217990\/revisions"}],"predecessor-version":[{"id":217997,"href":"https:\/\/rusoch.fr\/fr\/wp-json\/wp\/v2\/posts\/217990\/revisions\/217997"}],"wp:featuredmedia":[{"embeddable":true,"href":"https:\/\/rusoch.fr\/fr\/wp-json\/wp\/v2\/media\/217991"}],"wp:attachment":[{"href":"https:\/\/rusoch.fr\/fr\/wp-json\/wp\/v2\/media?parent=217990"}],"wp:term":[{"taxonomy":"category","embeddable":true,"href":"https:\/\/rusoch.fr\/fr\/wp-json\/wp\/v2\/categories?post=217990"},{"taxonomy":"post_tag","embeddable":true,"href":"https:\/\/rusoch.fr\/fr\/wp-json\/wp\/v2\/tags?post=217990"}],"curies":[{"name":"wp","href":"https:\/\/api.w.org\/{rel}","templated":true}]}}