{"id":218190,"date":"2020-01-26T11:38:14","date_gmt":"2020-01-26T10:38:14","guid":{"rendered":"http:\/\/rusoch.fr\/?p=218190"},"modified":"2020-01-26T11:42:38","modified_gmt":"2020-01-26T10:42:38","slug":"francais-le-prince-charles-a-inaugure-sa-plateforme-a-davos","status":"publish","type":"post","link":"https:\/\/rusoch.fr\/fr\/opinions\/francais-le-prince-charles-a-inaugure-sa-plateforme-a-davos.html","title":{"rendered":"Le Prince Charles a inaugur\u00e9 sa plateforme \u00e0 Davos"},"content":{"rendered":"<p><strong>Tandis qu\u2019Harry et M\u00e9ghan s\u2019installent au Canada, le Prince Charles inaugure \u00e0 Davos sa plateforme.<\/strong><\/p>\n<p><strong>Faire fortune ne sert pas \u00e0 grand-chose si elle part en fum\u00e9e, a martel\u00e9 \u00e0 Davos le prince Charles, dans un cri d\u2019alarme sur le r\u00e9chauffement climatique lanc\u00e9 avant une rencontre avec la jeune militante du climat Greta Thunberg.<\/strong><!--more--><\/p>\n<p><div id=\"attachment_218191\" style=\"width: 592px\" class=\"wp-caption alignnone\"><a href=\"http:\/\/rusoch.fr\/files\/2020\/01\/Image-by-David-Mark-from-Pixabay.jpg\"><img aria-describedby=\"caption-attachment-218191\" loading=\"lazy\" class=\"wp-image-218191 size-medium\" src=\"http:\/\/rusoch.fr\/files\/2020\/01\/Image-by-David-Mark-from-Pixabay-582x379.jpg\" alt=\"\" width=\"582\" height=\"379\" srcset=\"https:\/\/rusoch.fr\/files\/2020\/01\/Image-by-David-Mark-from-Pixabay-582x379.jpg 582w, https:\/\/rusoch.fr\/files\/2020\/01\/Image-by-David-Mark-from-Pixabay-600x391.jpg 600w, https:\/\/rusoch.fr\/files\/2020\/01\/Image-by-David-Mark-from-Pixabay.jpg 640w\" sizes=\"(max-width: 582px) 100vw, 582px\" \/><\/a><p id=\"caption-attachment-218191\" class=\"wp-caption-text\">Image by David Mark from Pixabay<\/p><\/div><\/p>\n<p>Charles, le fils a\u00een\u00e9 de la reine Elizabeth II et l\u2019h\u00e9ritier du tr\u00f4ne britannique, a rencontr\u00e9 la jeune Su\u00e9doise en marge du Forum \u00e9conomique mondial, au moment m\u00eame o\u00f9 le tr\u00e8s climato-sceptique pr\u00e9sident am\u00e9ricain Donald Trump quittait les lieux sans avoir crois\u00e9 la militante.<\/p>\n<blockquote>\n<p>\u00abA quoi bon tout l\u2019argent g\u00e9n\u00e9r\u00e9 dans le monde en continuant de faire des affaires comme si de rien n\u2019\u00e9tait, en ne changeant rien si ce n\u2019est guetter qu\u2019il ne br\u00fble pas dans des conditions catastrophiques?\u00bb<\/p>\n<\/blockquote>\n<p>s\u2019est exclam\u00e9 Charles devant l\u2019\u00e9lite mondiale r\u00e9unie dans cette station de ski des Grisons (Suisse).<\/p>\n<p>Partisan de longue date des causes environnementales, le prince Charles a inaugur\u00e9 \u00e0 Davos sa plateforme <strong>Sustainable Markets Initiative<\/strong>, destin\u00e9e \u00e0 encourager le secteur priv\u00e9 \u00e0 privil\u00e9gier des moyens plus \u00e9cologiques de soutenir la croissance.<\/p>\n<p>\u00ab\u00a0J\u2019ai besoin de votre aide (\u2026) et de vos comp\u00e9tences pratiques pour nous assurer que le secteur priv\u00e9 nous conduise hors d\u2019atteinte de la catastrophe o\u00f9 nous nous pr\u00e9cipitons\u00a0\u00bb, a-t-il insist\u00e9 devant un auditoire de grands patrons.<\/p>\n<p>\u00ab\u00a0Nous ne pouvons pas continuer de perdre du temps. La seule limite est notre volont\u00e9 d\u2019agir et le moment d\u2019agir est venu\u00a0\u00bb, a-t-il conclu.<\/p>\n<p>Apr\u00e8s son allocution, Charles a eu un entretien priv\u00e9 avec Greta Thunberg, qui avait lanc\u00e9 la veille un strident rappel \u00e0 l\u2019ordre devant le Forum, soulignant que \u00ab\u00a0notre maison br\u00fble toujours\u00a0\u00bb.<\/p>\n<p>De son c\u00f4t\u00e9, Donald Trump avait fustig\u00e9 \u00e0 Davos \u00ab\u00a0les \u00e9ternels proph\u00e8tes de malheur et leurs pr\u00e9dictions d\u2019apocalypse\u00a0\u00bb, pique transparente en direction de Greta Thunberg, pr\u00e9sente dans l\u2019auditoire.<\/p>\n<p>Le prince Charles, qui alerte les responsables politiques depuis des ann\u00e9es sur les p\u00e9rils climatiques, se sent-il \u00e9galement concern\u00e9 par les attaques de l\u2019h\u00f4te de la Maison Blanche ?<\/p>\n<p>\u00ab\u00a0Ha ! Bien observ\u00e9 !\u00a0\u00bb, a-t-il r\u00e9pondu en riant.<\/p>\n<p>En revanche, il n\u2019a fait aucune r\u00e9f\u00e9rence dans son discours aux fortes turbulences que traverse la famille royale britannique apr\u00e8s la d\u00e9cision de son fils, le prince Harry, et de l\u2019\u00e9pouse ce dernier, Meghan, de se mettre en retrait de la monarchie pour partir s\u2019installer au Canada.<\/p>\n<p>Source: <a href=\"https:\/\/www.goodplanet.info\/2020\/01\/23\/a-quoi-bon-largent-sil-part-en-fumee-le-cri-dalarme-du-prince-charles-a-davos\/\">GoodPlanet<\/a><\/p>","protected":false},"excerpt":{"rendered":"<p>Tandis qu\u2019Harry et M\u00e9ghan s\u2019installent au Canada, le Prince Charles inaugure \u00e0 Davos sa plateforme. Faire fortune ne sert pas\u2026<\/p>\n","protected":false},"author":2,"featured_media":218192,"comment_status":"open","ping_status":"open","sticky":false,"template":"","format":"standard","meta":[],"categories":[3063],"tags":[],"aioseo_notices":[],"_links":{"self":[{"href":"https:\/\/rusoch.fr\/fr\/wp-json\/wp\/v2\/posts\/218190"}],"collection":[{"href":"https:\/\/rusoch.fr\/fr\/wp-json\/wp\/v2\/posts"}],"about":[{"href":"https:\/\/rusoch.fr\/fr\/wp-json\/wp\/v2\/types\/post"}],"author":[{"embeddable":true,"href":"https:\/\/rusoch.fr\/fr\/wp-json\/wp\/v2\/users\/2"}],"replies":[{"embeddable":true,"href":"https:\/\/rusoch.fr\/fr\/wp-json\/wp\/v2\/comments?post=218190"}],"version-history":[{"count":3,"href":"https:\/\/rusoch.fr\/fr\/wp-json\/wp\/v2\/posts\/218190\/revisions"}],"predecessor-version":[{"id":218195,"href":"https:\/\/rusoch.fr\/fr\/wp-json\/wp\/v2\/posts\/218190\/revisions\/218195"}],"wp:featuredmedia":[{"embeddable":true,"href":"https:\/\/rusoch.fr\/fr\/wp-json\/wp\/v2\/media\/218192"}],"wp:attachment":[{"href":"https:\/\/rusoch.fr\/fr\/wp-json\/wp\/v2\/media?parent=218190"}],"wp:term":[{"taxonomy":"category","embeddable":true,"href":"https:\/\/rusoch.fr\/fr\/wp-json\/wp\/v2\/categories?post=218190"},{"taxonomy":"post_tag","embeddable":true,"href":"https:\/\/rusoch.fr\/fr\/wp-json\/wp\/v2\/tags?post=218190"}],"curies":[{"name":"wp","href":"https:\/\/api.w.org\/{rel}","templated":true}]}}