{"id":218437,"date":"2020-02-27T12:24:49","date_gmt":"2020-02-27T11:24:49","guid":{"rendered":"http:\/\/rusoch.fr\/?p=218437"},"modified":"2020-03-02T13:37:34","modified_gmt":"2020-03-02T12:37:34","slug":"chechenskaya-kultura-v-ramkah-russkih-sezonov-v-parizhe","status":"publish","type":"post","link":"https:\/\/rusoch.fr\/fr\/events\/chechenskaya-kultura-v-ramkah-russkih-sezonov-v-parizhe.html","title":{"rendered":"La soir\u00e9e de la culture tch\u00e9tch\u00e8ne \u00e0 Paris"},"content":{"rendered":"<p><strong>La soir\u00e9e de la culture tch\u00e9tch\u00e8ne \u00e0 Paris s&#39;est d\u00e9roule\u00e9 en plein coeur de Paris mardi dernier.<br \/>\n<\/strong><\/p>\n<p><strong>Des h\u00f4tes ont \u00e9t\u00e9 accueillis par la directrice et\u00a0 la styliste de la maison Firdaws<em>, <\/em>A\u00efchat Kadyrova. .<\/strong><!--more--><\/p>\n<p><div id=\"attachment_218438\" style=\"width: 560px\" class=\"wp-caption alignnone\"><img aria-describedby=\"caption-attachment-218438\" loading=\"lazy\" class=\"wp-image-218438 size-medium\" src=\"http:\/\/rusoch.fr\/files\/2020\/02\/20200225_233813_resized-550x379.jpg\" alt=\"\" width=\"550\" height=\"379\" srcset=\"https:\/\/rusoch.fr\/files\/2020\/02\/20200225_233813_resized-550x379.jpg 550w, https:\/\/rusoch.fr\/files\/2020\/02\/20200225_233813_resized-768x529.jpg 768w, https:\/\/rusoch.fr\/files\/2020\/02\/20200225_233813_resized-581x400.jpg 581w, https:\/\/rusoch.fr\/files\/2020\/02\/20200225_233813_resized-600x413.jpg 600w, https:\/\/rusoch.fr\/files\/2020\/02\/20200225_233813_resized.jpg 1085w\" sizes=\"(max-width: 550px) 100vw, 550px\" \/><p id=\"caption-attachment-218438\" class=\"wp-caption-text\">A\u00efchat Kadyrova et L&#39;Orchestre symphonique A. Chakhboulatov de la Philharmonie nationale tch\u00e9tch\u00e8ne \u00e0 Paris.<\/p><\/div><\/p>\n<p>Dans toutes ses activit\u00e9s, la maison Firdaws s&#39;en tient \u00e0 la devise \u00ab Sans culture, pas de nation \u00bb.<\/p>\n<p>On y cr\u00e9e des emplois qui, par le biais de l&#39;art et de la mode, promeuvent les traditions de la culture tch\u00e9tch\u00e8ne.<\/p>\n<p><img loading=\"lazy\" class=\"alignnone size-medium wp-image-218440\" src=\"http:\/\/rusoch.fr\/files\/2020\/02\/20200225_234019_resized-596x335.jpg\" alt=\"\" width=\"596\" height=\"335\" srcset=\"https:\/\/rusoch.fr\/files\/2020\/02\/20200225_234019_resized-596x335.jpg 596w, https:\/\/rusoch.fr\/files\/2020\/02\/20200225_234019_resized-768x432.jpg 768w, https:\/\/rusoch.fr\/files\/2020\/02\/20200225_234019_resized-600x338.jpg 600w, https:\/\/rusoch.fr\/files\/2020\/02\/20200225_234019_resized.jpg 1328w\" sizes=\"(max-width: 596px) 100vw, 596px\" \/><\/p>\n<p>&laquo;Mon grand-p\u00e8re avait coutume de dire que sans culture, il n&#39;y a pas de nation, a dit lors de la sor\u00e9e A\u00efchat Kadyrova,\u00a0 Et j&#39;ai toujours consid\u00e9r\u00e9 la mode, qui est le secteur d&#39;activit\u00e9 de la maison Firdaws, comme partie prenante de la culture.<\/p>\n<p>Le mot culture, en latin, fait r\u00e9f\u00e9rence au travail de la terre, \u00e0 l&#39;\u00e9ducation, \u00e0 la pi\u00e9t\u00e9. Cela refl\u00e8te tr\u00e8s pr\u00e9cis\u00e9ment nos traditions tch\u00e9tch\u00e8nes. Ce sont ces traditions qui sont \u00e0 la base des travaux de la maison Firdaws, dont le but est de raconter la culture tch\u00e9tch\u00e8ne au monde entier, et de raconter la culture europ\u00e9enne et mondiale aux citoyens de la R\u00e9publique tch\u00e9tch\u00e8ne&raquo;.<\/p>\n<p><iframe width=\"640\" height=\"360\" src=\"https:\/\/www.youtube.com\/embed\/-CgVipmcGjk?feature=oembed\" frameborder=\"0\" allow=\"accelerometer; autoplay; encrypted-media; gyroscope; picture-in-picture\" allowfullscreen><\/iframe><\/p>\n<p>Les invit\u00e9s ont pu contempler des tableaux des artistes tch\u00e9tch\u00e8nes de la seconde moiti\u00e9 du XXe si\u00e8cle, repr\u00e9sentant des monuments, des sc\u00e8nes de la vie quotidienne et des \u00e9v\u00e8nements historiques.<\/p>\n<p><img loading=\"lazy\" class=\"alignnone size-medium wp-image-218442\" src=\"http:\/\/rusoch.fr\/files\/2020\/02\/20200225_234031_resized-596x335.jpg\" alt=\"\" width=\"596\" height=\"335\" srcset=\"https:\/\/rusoch.fr\/files\/2020\/02\/20200225_234031_resized-596x335.jpg 596w, https:\/\/rusoch.fr\/files\/2020\/02\/20200225_234031_resized-768x432.jpg 768w, https:\/\/rusoch.fr\/files\/2020\/02\/20200225_234031_resized-600x338.jpg 600w, https:\/\/rusoch.fr\/files\/2020\/02\/20200225_234031_resized.jpg 1328w\" sizes=\"(max-width: 596px) 100vw, 596px\" \/><\/p>\n<p><img loading=\"lazy\" class=\"alignnone size-medium wp-image-218441\" src=\"http:\/\/rusoch.fr\/files\/2020\/02\/20200225_234038_resized-596x335.jpg\" alt=\"\" width=\"596\" height=\"335\" srcset=\"https:\/\/rusoch.fr\/files\/2020\/02\/20200225_234038_resized-596x335.jpg 596w, https:\/\/rusoch.fr\/files\/2020\/02\/20200225_234038_resized-768x432.jpg 768w, https:\/\/rusoch.fr\/files\/2020\/02\/20200225_234038_resized-600x338.jpg 600w, https:\/\/rusoch.fr\/files\/2020\/02\/20200225_234038_resized.jpg 1328w\" sizes=\"(max-width: 596px) 100vw, 596px\" \/><\/p>\n<p>L&#39;Orchestre des instruments\u00a0 tch\u00e9tch\u00e8nes dirig\u00e9 par\u00a0Ramzan Bagatsa\u00efev, artiste du peuple de la R\u00e9publique tch\u00e9tch\u00e8ne, jouait des m\u00e9lodies traditionnelles. Les \u0153uvres ont \u00e9t\u00e9 interpr\u00e9t\u00e9es au moyen d&#39;instruments de musique traditionnels, parmi lesquels l&#39;accord\u00e9on, le detchig p&#39;handar, le do&#39;ul, le &#39;ad-hokkh p&#39;handar, l&#39;harmonica et le tambour.<\/p>\n<p><img loading=\"lazy\" class=\"alignnone size-medium wp-image-218443\" src=\"http:\/\/rusoch.fr\/files\/2020\/02\/20200225_214906_resized-596x335.jpg\" alt=\"\" width=\"596\" height=\"335\" srcset=\"https:\/\/rusoch.fr\/files\/2020\/02\/20200225_214906_resized-596x335.jpg 596w, https:\/\/rusoch.fr\/files\/2020\/02\/20200225_214906_resized-768x432.jpg 768w, https:\/\/rusoch.fr\/files\/2020\/02\/20200225_214906_resized-600x338.jpg 600w, https:\/\/rusoch.fr\/files\/2020\/02\/20200225_214906_resized.jpg 1328w\" sizes=\"(max-width: 596px) 100vw, 596px\" \/><\/p>\n<p>Le clou de la soir\u00e9e a \u00e9t\u00e9 le spectacle de danses traditionnelles des montagnards.<\/p>\n<p><img loading=\"lazy\" class=\"alignnone size-medium wp-image-218444\" src=\"http:\/\/rusoch.fr\/files\/2020\/02\/20200225_215037_resized-596x335.jpg\" alt=\"\" width=\"596\" height=\"335\" srcset=\"https:\/\/rusoch.fr\/files\/2020\/02\/20200225_215037_resized-596x335.jpg 596w, https:\/\/rusoch.fr\/files\/2020\/02\/20200225_215037_resized-768x432.jpg 768w, https:\/\/rusoch.fr\/files\/2020\/02\/20200225_215037_resized-600x338.jpg 600w, https:\/\/rusoch.fr\/files\/2020\/02\/20200225_215037_resized.jpg 1328w\" sizes=\"(max-width: 596px) 100vw, 596px\" \/><\/p>\n<p>Le Ch\u0153ur masculin \u00ab Illi \u00bb est un collectif authentiquement tch\u00e9tch\u00e8ne fond\u00e9 en 1979, qui conserve et diffuse les traditions de l&#39;antique chant choral tch\u00e9tch\u00e8ne.<\/p>\n<p><iframe width=\"640\" height=\"360\" src=\"https:\/\/www.youtube.com\/embed\/ixbZqKcbQxc?feature=oembed\" frameborder=\"0\" allow=\"accelerometer; autoplay; encrypted-media; gyroscope; picture-in-picture\" allowfullscreen><\/iframe><\/p>\n<p>Je suis heureux de constater que ce d\u00e9fil\u00e9 et cette soir\u00e9e se soient inscrits dans une longue s\u00e9rie d&#39;\u00e9v\u00e9nements embl\u00e9matiques dans le cadre des Saisons Russes \u00e0 Paris et en France.<\/p>\n<p>Aujourd&#39;hui, les relations franco-russes sont en plein \u00e9panouissement, et la culture en est le principal moteur\", a comment\u00e9 <strong>Alexey Meshkov,<\/strong>\u00a0Ambassadeur Extraordinaire et Pl\u00e9nipotentiaire de la F\u00e9d\u00e9ration de Russie en R\u00e9publique Fran\u00e7aise.<\/p>\n<p><img loading=\"lazy\" class=\"alignnone size-medium wp-image-218445\" src=\"http:\/\/rusoch.fr\/files\/2020\/02\/20200225_215921_resized-213x379.jpg\" alt=\"\" width=\"213\" height=\"379\" srcset=\"https:\/\/rusoch.fr\/files\/2020\/02\/20200225_215921_resized-213x379.jpg 213w, https:\/\/rusoch.fr\/files\/2020\/02\/20200225_215921_resized-225x400.jpg 225w, https:\/\/rusoch.fr\/files\/2020\/02\/20200225_215921_resized-600x1067.jpg 600w, https:\/\/rusoch.fr\/files\/2020\/02\/20200225_215921_resized.jpg 747w\" sizes=\"(max-width: 213px) 100vw, 213px\" \/><img loading=\"lazy\" class=\"alignnone size-medium wp-image-218446\" src=\"http:\/\/rusoch.fr\/files\/2020\/02\/20200225_215842_resized-213x379.jpg\" alt=\"\" width=\"213\" height=\"379\" srcset=\"https:\/\/rusoch.fr\/files\/2020\/02\/20200225_215842_resized-213x379.jpg 213w, https:\/\/rusoch.fr\/files\/2020\/02\/20200225_215842_resized-225x400.jpg 225w, https:\/\/rusoch.fr\/files\/2020\/02\/20200225_215842_resized-600x1067.jpg 600w, https:\/\/rusoch.fr\/files\/2020\/02\/20200225_215842_resized.jpg 747w\" sizes=\"(max-width: 213px) 100vw, 213px\" \/><\/p>\n<p><strong>Les Saisons russes<\/strong> est un projet de grande envergure visant \u00e0 pr\u00e9senter la culture russe au public europ\u00e9en.<\/p>\n<p>Plus de 400 manifestations sont pr\u00e9vues en France, en Belgique et au Luxembourg dans le cadre de ce festival, qui se prolongera jusqu&#39;\u00e0 la fin de l&#39;ann\u00e9e 2020.<\/p>\n<p><em>Plus d&#39;information sur le site des <a href=\"http:\/\/russianseasons.org\/\">Saisons russes<\/a>.<\/em><\/p>\n<p>&nbsp;<\/p>\n<p><strong>A lire aussi:<br \/>\n<\/strong><\/p>\n<blockquote class=\"wp-embedded-content\" data-secret=\"L0TWHgeOJZ\">\n<p><a href=\"http:\/\/rusoch.fr\/temoin\/chechenskij-dom-mody-privez-v-parizh-istoriyu-lyubvi.html\">&laquo;Histoire d&#039;amour&raquo;. La maison de couture d&#039;Aishat Kadyrova fait d\u00e9couvrir la culture tch\u00e9tch\u00e8ne au public parisien<\/a><\/p>\n<\/blockquote>\n<p><iframe class=\"wp-embedded-content\" sandbox=\"allow-scripts\" security=\"restricted\" style=\"position: absolute; clip: rect(1px, 1px, 1px, 1px);\" src=\"http:\/\/rusoch.fr\/temoin\/chechenskij-dom-mody-privez-v-parizh-istoriyu-lyubvi.html\/embed#?secret=L0TWHgeOJZ\" data-secret=\"L0TWHgeOJZ\" width=\"600\" height=\"338\" title=\"\u00ab&quot;Histoire d&#039;amour&quot;. La maison de couture d&#039;Aishat Kadyrova fait d\u00e9couvrir la culture tch\u00e9tch\u00e8ne au public parisien\u00bb &#8212; \u0420\u0443\u0441\u0441\u043a\u0438\u0439 \u043e\u0447\u0435\u0432\u0438\u0434\u0435\u0446 | L\u2019Observateur Russe\" frameborder=\"0\" marginwidth=\"0\" marginheight=\"0\" scrolling=\"no\"><\/iframe><\/p>\n<p>&nbsp;<\/p>","protected":false},"excerpt":{"rendered":"<p>D\u00e9sol\u00e9, cet article est seulement disponible en Russe.<\/p>\n","protected":false},"author":2,"featured_media":218439,"comment_status":"open","ping_status":"open","sticky":false,"template":"","format":"standard","meta":[],"categories":[6],"tags":[305],"aioseo_notices":[],"_links":{"self":[{"href":"https:\/\/rusoch.fr\/fr\/wp-json\/wp\/v2\/posts\/218437"}],"collection":[{"href":"https:\/\/rusoch.fr\/fr\/wp-json\/wp\/v2\/posts"}],"about":[{"href":"https:\/\/rusoch.fr\/fr\/wp-json\/wp\/v2\/types\/post"}],"author":[{"embeddable":true,"href":"https:\/\/rusoch.fr\/fr\/wp-json\/wp\/v2\/users\/2"}],"replies":[{"embeddable":true,"href":"https:\/\/rusoch.fr\/fr\/wp-json\/wp\/v2\/comments?post=218437"}],"version-history":[{"count":3,"href":"https:\/\/rusoch.fr\/fr\/wp-json\/wp\/v2\/posts\/218437\/revisions"}],"predecessor-version":[{"id":218462,"href":"https:\/\/rusoch.fr\/fr\/wp-json\/wp\/v2\/posts\/218437\/revisions\/218462"}],"wp:featuredmedia":[{"embeddable":true,"href":"https:\/\/rusoch.fr\/fr\/wp-json\/wp\/v2\/media\/218439"}],"wp:attachment":[{"href":"https:\/\/rusoch.fr\/fr\/wp-json\/wp\/v2\/media?parent=218437"}],"wp:term":[{"taxonomy":"category","embeddable":true,"href":"https:\/\/rusoch.fr\/fr\/wp-json\/wp\/v2\/categories?post=218437"},{"taxonomy":"post_tag","embeddable":true,"href":"https:\/\/rusoch.fr\/fr\/wp-json\/wp\/v2\/tags?post=218437"}],"curies":[{"name":"wp","href":"https:\/\/api.w.org\/{rel}","templated":true}]}}