{"id":218697,"date":"2020-04-03T10:15:27","date_gmt":"2020-04-03T09:15:27","guid":{"rendered":"http:\/\/rusoch.fr\/?p=218697"},"modified":"2020-04-02T17:43:46","modified_gmt":"2020-04-02T16:43:46","slug":"rafael-v-shantiji-metr-i-ucheniki","status":"publish","type":"post","link":"https:\/\/rusoch.fr\/fr\/cult\/rafael-v-shantiji-metr-i-ucheniki.html","title":{"rendered":"\"Rapha\u00ebl \u00e0 Chantilly. Le ma\u00eetre et ses \u00e9l\u00e8ves\""},"content":{"rendered":"<p><strong>\u00c0 l\u2019occasion du 500e anniversaire de la mort de Rapha\u00ebl (1483&mdash;1520), le Domaine de Chantilly rend hommage \u00e0 ce grand ma\u00eetre de la Renaissance.<\/strong> <!--more--><\/p>\n<p><div id=\"attachment_218698\" style=\"width: 606px\" class=\"wp-caption alignnone\"><img aria-describedby=\"caption-attachment-218698\" loading=\"lazy\" class=\"wp-image-218698 size-medium\" src=\"http:\/\/rusoch.fr\/files\/2020\/04\/Rafael-596x322.jpg\" alt=\"\" width=\"596\" height=\"322\" srcset=\"https:\/\/rusoch.fr\/files\/2020\/04\/Rafael-596x322.jpg 596w, https:\/\/rusoch.fr\/files\/2020\/04\/Rafael-768x415.jpg 768w, https:\/\/rusoch.fr\/files\/2020\/04\/Rafael-600x324.jpg 600w, https:\/\/rusoch.fr\/files\/2020\/04\/Rafael-275x150.jpg 275w, https:\/\/rusoch.fr\/files\/2020\/04\/Rafael.jpg 1108w\" sizes=\"(max-width: 596px) 100vw, 596px\" \/><p id=\"caption-attachment-218698\" class=\"wp-caption-text\">Mathieu Deldicque. Photo: capture d&#39;\u00e9cran<\/p><\/div><\/p>\n<p><strong>Mathieu Deldicque<\/strong>, conservateur du patrimoine au mus\u00e9e Cond\u00e9, nous fait d\u00e9couvrir les trois tableaux conserv\u00e9s \u00e0 Chantilly, ainsi que l&#39;exceptionnelle collection de dessins qui n&#39;avait plus \u00e9t\u00e9 montr\u00e9e au public depuis les ann\u00e9es 90.<\/p>\n<p><div id=\"attachment_218700\" style=\"width: 606px\" class=\"wp-caption alignnone\"><img aria-describedby=\"caption-attachment-218700\" loading=\"lazy\" class=\"wp-image-218700 size-medium\" src=\"http:\/\/rusoch.fr\/files\/2020\/04\/Orleanskaya-596x330.jpg\" alt=\"\" width=\"596\" height=\"330\" srcset=\"https:\/\/rusoch.fr\/files\/2020\/04\/Orleanskaya-596x330.jpg 596w, https:\/\/rusoch.fr\/files\/2020\/04\/Orleanskaya-768x425.jpg 768w, https:\/\/rusoch.fr\/files\/2020\/04\/Orleanskaya-600x332.jpg 600w, https:\/\/rusoch.fr\/files\/2020\/04\/Orleanskaya.jpg 1116w\" sizes=\"(max-width: 596px) 100vw, 596px\" \/><p id=\"caption-attachment-218700\" class=\"wp-caption-text\">Mathieu Deldicque. Photo: capture d&#39;\u00e9cran<\/p><\/div><\/p>\n<p>Nota : En application des directives gouvernementales, le Domaine de Chantilly est actuellement ferm\u00e9 et ce jusqu\u2019\u00e0 nouvel ordre.<\/p>\n<p>Lorsque la r\u00e9ouverture sera possible, l&#39;exposition sera prolong\u00e9e pendant l&#39;\u00e9t\u00e9 2020.<\/p>\n<p><iframe width=\"640\" height=\"360\" src=\"https:\/\/www.youtube.com\/embed\/dZFKkZqO9ik?feature=oembed\" frameborder=\"0\" allow=\"accelerometer; autoplay; encrypted-media; gyroscope; picture-in-picture\" allowfullscreen><\/iframe><\/p>\n<p>&nbsp;<\/p>\n<p><div id=\"attachment_218699\" style=\"width: 288px\" class=\"wp-caption alignnone\"><img aria-describedby=\"caption-attachment-218699\" loading=\"lazy\" class=\"wp-image-218699 size-medium\" src=\"http:\/\/rusoch.fr\/files\/2020\/04\/Rapha-l_-_La_Madone_de_Lorette_-_Google_Art_Project-278x379.jpg\" alt=\"\" width=\"278\" height=\"379\" srcset=\"https:\/\/rusoch.fr\/files\/2020\/04\/Rapha-l_-_La_Madone_de_Lorette_-_Google_Art_Project-278x379.jpg 278w, https:\/\/rusoch.fr\/files\/2020\/04\/Rapha-l_-_La_Madone_de_Lorette_-_Google_Art_Project-768x1046.jpg 768w, https:\/\/rusoch.fr\/files\/2020\/04\/Rapha-l_-_La_Madone_de_Lorette_-_Google_Art_Project-294x400.jpg 294w, https:\/\/rusoch.fr\/files\/2020\/04\/Rapha-l_-_La_Madone_de_Lorette_-_Google_Art_Project-600x818.jpg 600w, https:\/\/rusoch.fr\/files\/2020\/04\/Rapha-l_-_La_Madone_de_Lorette_-_Google_Art_Project.jpg 800w\" sizes=\"(max-width: 278px) 100vw, 278px\" \/><p id=\"caption-attachment-218699\" class=\"wp-caption-text\">La Madone de Lorette.<\/p><\/div><\/p>\n<p>Exposition &laquo;Rapha\u00ebl \u00e0 Chantilly. Le ma\u00eetre et ses \u00e9l\u00e8ves&raquo; Cabinet d\u2019arts graphiques et Galerie de Psych\u00e9 du Ch\u00e2teau de Chantilly.<\/p>\n<p>Plus d\u2019 informations sur le site du Domaine de Chantilly : www.domainedechantilly.com<\/p>\n<p>&nbsp;<\/p>","protected":false},"excerpt":{"rendered":"<p>D\u00e9sol\u00e9, cet article est seulement disponible en Russe.<\/p>\n","protected":false},"author":2,"featured_media":218698,"comment_status":"open","ping_status":"open","sticky":false,"template":"","format":"standard","meta":[],"categories":[5],"tags":[584,30,1470,527],"aioseo_notices":[],"_links":{"self":[{"href":"https:\/\/rusoch.fr\/fr\/wp-json\/wp\/v2\/posts\/218697"}],"collection":[{"href":"https:\/\/rusoch.fr\/fr\/wp-json\/wp\/v2\/posts"}],"about":[{"href":"https:\/\/rusoch.fr\/fr\/wp-json\/wp\/v2\/types\/post"}],"author":[{"embeddable":true,"href":"https:\/\/rusoch.fr\/fr\/wp-json\/wp\/v2\/users\/2"}],"replies":[{"embeddable":true,"href":"https:\/\/rusoch.fr\/fr\/wp-json\/wp\/v2\/comments?post=218697"}],"version-history":[{"count":4,"href":"https:\/\/rusoch.fr\/fr\/wp-json\/wp\/v2\/posts\/218697\/revisions"}],"predecessor-version":[{"id":218705,"href":"https:\/\/rusoch.fr\/fr\/wp-json\/wp\/v2\/posts\/218697\/revisions\/218705"}],"wp:featuredmedia":[{"embeddable":true,"href":"https:\/\/rusoch.fr\/fr\/wp-json\/wp\/v2\/media\/218698"}],"wp:attachment":[{"href":"https:\/\/rusoch.fr\/fr\/wp-json\/wp\/v2\/media?parent=218697"}],"wp:term":[{"taxonomy":"category","embeddable":true,"href":"https:\/\/rusoch.fr\/fr\/wp-json\/wp\/v2\/categories?post=218697"},{"taxonomy":"post_tag","embeddable":true,"href":"https:\/\/rusoch.fr\/fr\/wp-json\/wp\/v2\/tags?post=218697"}],"curies":[{"name":"wp","href":"https:\/\/api.w.org\/{rel}","templated":true}]}}