{"id":220884,"date":"2020-11-23T00:31:20","date_gmt":"2020-11-22T23:31:20","guid":{"rendered":"http:\/\/rusoch.fr\/?p=220884"},"modified":"2020-11-26T19:24:40","modified_gmt":"2020-11-26T18:24:40","slug":"erik-dyu-fai-muzyka-okrylyaet-detej","status":"publish","type":"post","link":"https:\/\/rusoch.fr\/fr\/cult\/erik-dyu-fai-muzyka-okrylyaet-detej.html","title":{"rendered":"Eric du Fa\u00ff: &laquo;La musique donne des ailes aux enfants&raquo;"},"content":{"rendered":"<p><strong>\u00ab\u00a0L\u2019Observateur Russe\u00a0\u00bb vous parle de l&#39;association &laquo;Petites Mains Symphoniques&raquo;.<\/strong><\/p>\n<p><strong>Aujourd&#39;hui, dans le chaos de notre vie quotidienne, le plus important est de ne pas perdre courage.<\/strong><br \/>\n<!--more--><\/p>\n<p><div id=\"attachment_220916\" style=\"width: 606px\" class=\"wp-caption alignnone\"><a href=\"http:\/\/rusoch.fr\/cult\/erik-dyu-fai-muzyka-okrylyaet-detej.html\/attachment\/concert-pms-madeleine-objectif-terre_13-1080x675\" rel=\"attachment wp-att-220916\"><img aria-describedby=\"caption-attachment-220916\" loading=\"lazy\" class=\"wp-image-220916 size-medium\" src=\"http:\/\/rusoch.fr\/files\/2020\/11\/concert-pms-madeleine-objectif-terre_13-1080x675-1-596x373.jpg\" alt=\"\" width=\"596\" height=\"373\" srcset=\"https:\/\/rusoch.fr\/files\/2020\/11\/concert-pms-madeleine-objectif-terre_13-1080x675-1-596x373.jpg 596w, https:\/\/rusoch.fr\/files\/2020\/11\/concert-pms-madeleine-objectif-terre_13-1080x675-1-600x375.jpg 600w, https:\/\/rusoch.fr\/files\/2020\/11\/concert-pms-madeleine-objectif-terre_13-1080x675-1-150x94.jpg 150w, https:\/\/rusoch.fr\/files\/2020\/11\/concert-pms-madeleine-objectif-terre_13-1080x675-1-768x480.jpg 768w, https:\/\/rusoch.fr\/files\/2020\/11\/concert-pms-madeleine-objectif-terre_13-1080x675-1.jpg 1080w\" sizes=\"(max-width: 596px) 100vw, 596px\" \/><\/a><p id=\"caption-attachment-220916\" class=\"wp-caption-text\">Apr\u00e8s le concert \u00e0 l&#39;\u00e9glise de la Madeleine \u00e0 Paris<\/p><\/div><\/p>\n<p>Et comment ne pas \u00eatre d\u00e9courag\u00e9, demandez-vous, quand le sol tremble sous vos pieds, quand vous ne pouvez rien pr\u00e9voir \u00e0 l&#39;avance, quand vous ne savez pas ce que le lendemain vous apportera et que vous devenez engourdi aux premiers bruits des nouvelles \u00e0 la radio ...<\/p>\n<p>Je pense que dans cette confusion d&#39;incertitudes, nous devons rechercher nos propres lignes directrices. Pour moi, un tel rep\u00e8re, un phare lumineux, c&#39;est <strong>\u00c9ric du Fa\u00ff<\/strong>, le fondateur et directeur artistique de l&#39;association <strong><em>Petites Mains Symphoniques<\/em><\/strong>&nbsp;&mdash; <strong>PMS.<\/strong> Et voici pourquoi.<\/p>\n<p><div id=\"attachment_220918\" style=\"width: 579px\" class=\"wp-caption alignnone\"><a href=\"http:\/\/rusoch.fr\/cult\/erik-dyu-fai-muzyka-okrylyaet-detej.html\/attachment\/concert-pms-madeleine-objectif-terre_16\" rel=\"attachment wp-att-220918\"><img aria-describedby=\"caption-attachment-220918\" loading=\"lazy\" class=\"wp-image-220918 size-medium\" src=\"http:\/\/rusoch.fr\/files\/2020\/11\/concert-pms-madeleine-objectif-terre_16-569x379.jpg\" alt=\"\" width=\"569\" height=\"379\" srcset=\"https:\/\/rusoch.fr\/files\/2020\/11\/concert-pms-madeleine-objectif-terre_16-569x379.jpg 569w, https:\/\/rusoch.fr\/files\/2020\/11\/concert-pms-madeleine-objectif-terre_16-600x400.jpg 600w, https:\/\/rusoch.fr\/files\/2020\/11\/concert-pms-madeleine-objectif-terre_16-150x100.jpg 150w, https:\/\/rusoch.fr\/files\/2020\/11\/concert-pms-madeleine-objectif-terre_16-768x512.jpg 768w, https:\/\/rusoch.fr\/files\/2020\/11\/concert-pms-madeleine-objectif-terre_16.jpg 1080w\" sizes=\"(max-width: 569px) 100vw, 569px\" \/><\/a><p id=\"caption-attachment-220918\" class=\"wp-caption-text\">\u00c9ric du Fa\u00ff<\/p><\/div><\/p>\n<p>Cet \u00e9t\u00e9, lorsque les festivals, les concerts ont \u00e9t\u00e9 annul\u00e9s dans toute la France, et que les colonies de vacances ont \u00e9t\u00e9 ferm\u00e9es, \u00c9ric et ses associ\u00e9s n&#39;y ont pas pr\u00eat\u00e9 attention\u00a0: ils ont attendu, pour recevoir l&#39;autorisation du Minist\u00e8re de la Jeunesse et des Sports, et c\u2019est ainsi que du 16 au 27 ao\u00fbt, ils ont organis\u00e9 la 20<sup>\u00e8me<\/sup> <em>Acad\u00e9mie des Petites Mains Symphoniques<\/em> en Normandie, o\u00f9 sont arriv\u00e9s 250 enfants de 6 \u00e0 17 ans de toute la France et de plusieurs pays europ\u00e9ens.<\/p>\n<p>Au m\u00eame endroit, sur le territoire de Normandie Sud Eure, o\u00f9 les PMS sont d\u00e9j\u00e0 connues et tr\u00e8s attendues, ils ont organis\u00e9 le 6<sup>\u00e8me<\/sup> <em>Festival \u00c9toiles Symphoniques<\/em>. L\u2019association a donn\u00e9 53 concerts dans 26 communes et villes, dans des \u00e9glises, des cath\u00e9drales, des ch\u00e2teaux m\u00e9di\u00e9vaux, des monast\u00e8res, des maisons de retraite, des domaines priv\u00e9s, des parcs et trois concerts finaux dans l\u2019enceinte de l&#39;abbaye St. Nicolas \u00e0 Verneuil d&#39;Avre-et-d\u2019Iton.<\/p>\n<p><div id=\"attachment_220919\" style=\"width: 580px\" class=\"wp-caption alignnone\"><a href=\"http:\/\/rusoch.fr\/cult\/erik-dyu-fai-muzyka-okrylyaet-detej.html\/attachment\/pms-2\" rel=\"attachment wp-att-220919\"><img aria-describedby=\"caption-attachment-220919\" loading=\"lazy\" class=\"wp-image-220919 size-medium\" src=\"http:\/\/rusoch.fr\/files\/2020\/11\/PMS-2-570x379.jpg\" alt=\"\" width=\"570\" height=\"379\" srcset=\"https:\/\/rusoch.fr\/files\/2020\/11\/PMS-2-570x379.jpg 570w, https:\/\/rusoch.fr\/files\/2020\/11\/PMS-2-600x399.jpg 600w, https:\/\/rusoch.fr\/files\/2020\/11\/PMS-2-150x100.jpg 150w, https:\/\/rusoch.fr\/files\/2020\/11\/PMS-2-768x511.jpg 768w, https:\/\/rusoch.fr\/files\/2020\/11\/PMS-2.jpg 1200w\" sizes=\"(max-width: 570px) 100vw, 570px\" \/><\/a><p id=\"caption-attachment-220919\" class=\"wp-caption-text\">Photo: Th\u00e9o Kosakevitch<\/p><\/div><\/p>\n<p>\u00c0 l&#39;automne, alors que les nu\u00e9es recommen\u00e7aient \u00e0 se renfrogner sur la France, \u00c9ric du Fa\u00ff \u00e9tait en n\u00e9gociation persistante avec l&#39;administration de la r\u00e9gion de Balagne dans le nord-ouest de la Corse, o\u00f9, pour la quatri\u00e8me fois, les PMS allaient tenir une acad\u00e9mie d&#39;automne et un festival de 20 concerts. Peu avant les vacances d&#39;octobre, le fondateur de l&#39;association avait re\u00e7u la permission et les enfants commen\u00e7aient \u00e0 faire leurs valises et \u00e0 r\u00e9p\u00e9ter leurs partitions. Mais une semaine avant le d\u00e9but de l&#39;acad\u00e9mie, le pr\u00e9fet de Corse publia un arr\u00eat\u00e9 interdisant de faire venir sur l\u2019\u00eele des enfants du continent.<\/p>\n<p>Il est difficile de d\u00e9crire ce qui se passait dans la t\u00eate d\u2019\u00c9ric \u00e0 ce moment-l\u00e0. Lui, seul, sans dire un mot aux enfants, s&#39;est empress\u00e9 de chercher un nouvel endroit o\u00f9 120 musiciens et une vingtaine d&#39;adultes&nbsp;&mdash; encadrants, professeurs, r\u00e9gisseurs&nbsp;&mdash; pouvaient \u00eatre h\u00e9berg\u00e9s. Trois jours avant le d\u00e9but des vacances, \u00c9ric a annonc\u00e9 que les PMS \u00e9taient attendues en Bretagne, et les jeunes musiciens sans contester l\u2019ont suivi jusqu&#39;\u00e0 la Presqu&#39;\u00eele de Rhuys \u00e0 Saint-Gildas de Rhuys (d\u00e9partement du Morbihan). Et personne ne l&#39;a regrett\u00e9\u00a0!<\/p>\n<p><div id=\"attachment_220920\" style=\"width: 580px\" class=\"wp-caption alignnone\"><a href=\"http:\/\/rusoch.fr\/cult\/erik-dyu-fai-muzyka-okrylyaet-detej.html\/attachment\/pms-3\" rel=\"attachment wp-att-220920\"><img aria-describedby=\"caption-attachment-220920\" loading=\"lazy\" class=\"wp-image-220920 size-medium\" src=\"http:\/\/rusoch.fr\/files\/2020\/11\/PMS-3-570x379.jpg\" alt=\"\" width=\"570\" height=\"379\" srcset=\"https:\/\/rusoch.fr\/files\/2020\/11\/PMS-3-570x379.jpg 570w, https:\/\/rusoch.fr\/files\/2020\/11\/PMS-3-600x399.jpg 600w, https:\/\/rusoch.fr\/files\/2020\/11\/PMS-3-150x100.jpg 150w, https:\/\/rusoch.fr\/files\/2020\/11\/PMS-3-768x511.jpg 768w, https:\/\/rusoch.fr\/files\/2020\/11\/PMS-3.jpg 1200w\" sizes=\"(max-width: 570px) 100vw, 570px\" \/><\/a><p id=\"caption-attachment-220920\" class=\"wp-caption-text\">Photo: Th\u00e9o Kosakevitch<\/p><\/div><\/p>\n<p><strong>Association &laquo;Petites Mains Symphoniques&raquo;<\/strong><\/p>\n<p>Le concept des PMS est n\u00e9 en 2005. Aujourd&#39;hui l&#39;association compte environ 700 musiciens et se compose de deux orchestres symphoniques\u00a0- l&#39;un pour les enfants de 6 \u00e0 12 ans, l&#39;autre \u00abFor Teens\u00bb de 13 \u00e0 17 ans&nbsp;&mdash; , d\u2019un orchestre de jazz et d\u2019une chorale. Pendant les festivals, non seulement les orchestres jouent, mais les enfants se produisent seuls et en groupe, avec de la musique de chambre. Chaque ann\u00e9e, deux acad\u00e9mies sont organis\u00e9es pour des r\u00e9p\u00e9titions intensives, par pupitre (chaque instrument) et en tutti (l\u2019orchestre dans son ensemble). Les enseignants aident les enfants \u00e0 se pr\u00e9parer pour les concerts.<\/p>\n<p><div id=\"attachment_220926\" style=\"width: 580px\" class=\"wp-caption alignnone\"><a href=\"http:\/\/rusoch.fr\/cult\/erik-dyu-fai-muzyka-okrylyaet-detej.html\/attachment\/pms-6\" rel=\"attachment wp-att-220926\"><img aria-describedby=\"caption-attachment-220926\" loading=\"lazy\" class=\"wp-image-220926 size-medium\" src=\"http:\/\/rusoch.fr\/files\/2020\/11\/PMS-6-570x379.jpg\" alt=\"\" width=\"570\" height=\"379\" srcset=\"https:\/\/rusoch.fr\/files\/2020\/11\/PMS-6-570x379.jpg 570w, https:\/\/rusoch.fr\/files\/2020\/11\/PMS-6-600x399.jpg 600w, https:\/\/rusoch.fr\/files\/2020\/11\/PMS-6-150x100.jpg 150w, https:\/\/rusoch.fr\/files\/2020\/11\/PMS-6-768x511.jpg 768w, https:\/\/rusoch.fr\/files\/2020\/11\/PMS-6.jpg 1200w\" sizes=\"(max-width: 570px) 100vw, 570px\" \/><\/a><p id=\"caption-attachment-220926\" class=\"wp-caption-text\">Photo: Th\u00e9o Kosakevitch<\/p><\/div><\/p>\n<p>Pour entrer aux PMS, les enfants ont d\u00fb jusqu\u2019\u00e0 r\u00e9cemment participer aux auditions d\u2019entr\u00e9e en deux \u00e9tapes tous les deux ans. Le premier tour avait lieu dans 30 villes de France, la finale se passait \u00e0 Paris, apr\u00e8s quoi les nouvelles recrues prenaient imm\u00e9diatement part au concert de l&#39;association sur une sc\u00e8ne prestigieuse. Aujourd&#39;hui, l&#39;admission \u00e0 l&#39;association est devenue plus facile\u00a0: le premier tour se fait par vid\u00e9o. Ceux qui ont r\u00e9ussi le concours des PMS peuvent participer selon leur volont\u00e9 aux diff\u00e9rents \u00e9v\u00e9nements de l\u2019association. M\u00eame ceux qui n&#39;ont pas r\u00e9ussi le concours peuvent se joindre \u00e0 l&#39;acad\u00e9mie, s\u2019ils jouent d&#39;un instrument.<\/p>\n<p>L&#39;Acad\u00e9mie agit comme n&#39;importe quelle colonie de vacances, o\u00f9 les parents envoient leurs enfants. Cette ann\u00e9e, de nombreux parents ont pu b\u00e9n\u00e9ficier d&#39;une aide financi\u00e8re du minist\u00e8re de l&#39;\u00c9ducation nationale dans le cadre des \u00ab\u00a0colos apprenantes\u00a0\u00bb, colonies de vacances li\u00e9es \u00e0 la musique et \u00e0 la culture. L&#39;association aide souvent les enfants de familles modestes \u00e0 participer \u00e0 leurs actions. D\u00e9mocratiser la musique est l&#39;un des objectifs des PMS.<\/p>\n<p>Entre les acad\u00e9mies, les PMS donnent au cours de l&#39;ann\u00e9e des concerts dans des dizaines de villes en France et \u00e0 l&#39;\u00e9tranger. Le festival <em>Les Folies Orchestrales<\/em> (ancien nom des <em>Orf\u00e9\u00e9ries<\/em>) est organis\u00e9 avec la participation d&#39;artistes c\u00e9l\u00e8bres de musique classique, jazz, populaire\u2026<\/p>\n<p><div id=\"attachment_220924\" style=\"width: 580px\" class=\"wp-caption alignnone\"><a href=\"http:\/\/rusoch.fr\/cult\/erik-dyu-fai-muzyka-okrylyaet-detej.html\/attachment\/pms-5\" rel=\"attachment wp-att-220924\"><img aria-describedby=\"caption-attachment-220924\" loading=\"lazy\" class=\"wp-image-220924 size-medium\" src=\"http:\/\/rusoch.fr\/files\/2020\/11\/PMS-5-570x379.jpg\" alt=\"\" width=\"570\" height=\"379\" srcset=\"https:\/\/rusoch.fr\/files\/2020\/11\/PMS-5-570x379.jpg 570w, https:\/\/rusoch.fr\/files\/2020\/11\/PMS-5-600x399.jpg 600w, https:\/\/rusoch.fr\/files\/2020\/11\/PMS-5-150x100.jpg 150w, https:\/\/rusoch.fr\/files\/2020\/11\/PMS-5-768x511.jpg 768w, https:\/\/rusoch.fr\/files\/2020\/11\/PMS-5.jpg 1200w\" sizes=\"(max-width: 570px) 100vw, 570px\" \/><\/a><p id=\"caption-attachment-220924\" class=\"wp-caption-text\">Photo: Th\u00e9o Kosakevitch<\/p><\/div><\/p>\n<p>Les PMS ont jou\u00e9 dans des salles telles que la Salle Gaveau, l&#39;Olympia, le Casino de Paris, le Grand Rex, les Folies Berg\u00e8res, le Cirque d&#39;Hiver ... Le c\u00e9l\u00e8bre violoniste <em>Didier Lockwood<\/em> \u00e9tait le parrain de l&#39;orchestre de jazz PMS et a particip\u00e9 \u00e0 leurs festivals. <em>Vladimir Cosma<\/em>, auteur de la musique de films c\u00e9l\u00e8bres, a dirig\u00e9 \u00e0 plusieurs reprises l\u2019orchestre symphonique pour interpr\u00e9ter des extraits du film Rabbi Jacob. L&#39;orchestre des PMS a eu la chance de jouer avec le pianiste de renom Fran\u00e7ois-Ren\u00e9 Duch\u00e2ble, parrain du 6<sup>\u00e8me<\/sup> festival d\u2019\u00e9t\u00e9 en Normandie ...<\/p>\n<p>L&#39;association participe aux diffusions des principales cha\u00eenes de t\u00e9l\u00e9vision fran\u00e7aises.<\/p>\n<p>Depuis 2012, chaque printemps, 35 musiciens participent \u00e0 un festival en Argentine aux c\u00e9l\u00e8bres chutes d&#39;Iguazu, le \u00ab<em>Festival Iguazu en Concierto<\/em>\u00bb, o\u00f9 jouent 700 jeunes musiciens des 5 continents. Les Petites Mains Symphoniques se sont produit \u00e0 Shanghai, au Mexique\u2026 Les jeunes musiciens sont invit\u00e9s dans 25 pays du monde ...<\/p>\n<p>Il est impossible de lister toutes leurs performances, jetez un \u0153il sur Internet, voyez par vous-m\u00eame.<\/p>\n<p>&nbsp;<\/p>\n<p><strong>\u00c9ric du Fa\u00ff&nbsp;&mdash; g\u00e9n\u00e9rateur d&#39;id\u00e9es<\/strong><\/p>\n<p>\u00c9ric a commenc\u00e9 sa carri\u00e8re dans la musique en jouant du cor fran\u00e7ais. Ayant \u00e9tudi\u00e9 avec succ\u00e8s aux conservatoires des villes de Tours, Boulogne-Billancourt et au CNSM de Paris, il a jou\u00e9 pendant 17 ans dans les meilleurs orchestres de France&nbsp;&mdash; symphoniques et jazz, appr\u00e9ciant les diff\u00e9rents styles musicaux.<\/p>\n<p>Que s&#39;est-il pass\u00e9, pourquoi \u00c9ric a-t-il interrompu sa brillante carri\u00e8re de cor fran\u00e7ais et commenc\u00e9 \u00e0 former de jeunes musiciens? Je lui ai demand\u00e9.<\/p>\n<ul>\n<li>Oui, j&#39;ai eu beaucoup de chance,&nbsp;&mdash; raconte \u00c9ric.&nbsp;&mdash; J&#39;ai travaill\u00e9 activement dans de nombreux orchestres, avec diff\u00e9rents chefs d&#39;orchestre, jou\u00e9 150-200 concerts par an. Et apr\u00e8s 17 ans, il m&#39;a sembl\u00e9 que j\u2019en avais fait le tour et j\u2019avais fait tout ce que je pouvais ; j\u2019ai alors ressenti un besoin de transmettre \u00e0 quelqu&#39;un ma passion de la musique, mes observations de l&#39;orchestre. J&#39;ai toujours pens\u00e9 qu&#39;en France, l&#39;enseignement de la musique est ax\u00e9 sur le jeu individuel, personne ne se soucie du jeu collectif. On n&#39;insuffle pas du tout aux enfants le sens du collectif, et pas seulement dans la musique, mais dans tous les domaines. Le culte de l&#39;individualisme est tr\u00e8s fort partout. Mais il ne faut pas oublier que la base de la musique est le collectif. Le Graal, le stade le plus \u00e9lev\u00e9 de la musique, c&#39;est l&#39;orchestre. J&#39;ai \u00e9tudi\u00e9 dans des conservatoires et n&#39;y ai pas vu de p\u00e9dagogie de l&#39;orchestre, nous ne jouions que 2-3 concerts par an. Ayant acquis une exp\u00e9rience de travail dans des orchestres, j&#39;ai voulu changer la donne. Le jeune musicien joue \u00e0 la maison pendant 20 minutes chaque jour durant un an, et la deuxi\u00e8me ann\u00e9e\u2026 il s\u2019ennuie, parce que dans les conservatoires on ne vous laisse jouer dans l&#39;orchestre que lorsque vous atteignez un bon niveau de jeu de l&#39;instrument. Mais nous, nous prenons des d\u00e9butants et les laissons imm\u00e9diatement entrer dans l&#39;orchestre et, de plus, les laissons jouer sur une sc\u00e8ne prestigieuse. C&#39;est une telle incitation pour un enfant! Imaginez comment cela stimule un gamin ! Comment il sent que des ailes se poussent dans son dos, comment ensuite il travaille et comprend pourquoi il doit jouer des gammes tous les jours ! Vous savez apr\u00e8s la premi\u00e8re s\u00e9lection en PMS, nos enfants se sont produits au th\u00e9\u00e2tre des Champs Elys\u00e9es\u2026 !<\/li>\n<\/ul>\n<p><div id=\"attachment_220921\" style=\"width: 580px\" class=\"wp-caption alignnone\"><a href=\"http:\/\/rusoch.fr\/cult\/erik-dyu-fai-muzyka-okrylyaet-detej.html\/attachment\/1-27\" rel=\"attachment wp-att-220921\"><img aria-describedby=\"caption-attachment-220921\" loading=\"lazy\" class=\"wp-image-220921 size-medium\" src=\"http:\/\/rusoch.fr\/files\/2020\/11\/1-570x379.jpg\" alt=\"\" width=\"570\" height=\"379\" srcset=\"https:\/\/rusoch.fr\/files\/2020\/11\/1-570x379.jpg 570w, https:\/\/rusoch.fr\/files\/2020\/11\/1-600x399.jpg 600w, https:\/\/rusoch.fr\/files\/2020\/11\/1-150x100.jpg 150w, https:\/\/rusoch.fr\/files\/2020\/11\/1-768x511.jpg 768w, https:\/\/rusoch.fr\/files\/2020\/11\/1.jpg 1200w\" sizes=\"(max-width: 570px) 100vw, 570px\" \/><\/a><p id=\"caption-attachment-220921\" class=\"wp-caption-text\">Photo: Th\u00e9o Kosakevitch<\/p><\/div><\/p>\n<p>En fait, il y a 3700 \u00e9coles de musique en France. Mais sur mille \u00e9tudiants, il ne peut y avoir qu&#39;un seul professionnel. O\u00f9 sont les autres ? Seulement 5% pratiquent la musique en amateurs. Notre mani\u00e8re de l&#39;enseigner aux enfants leur inculque un d\u00e9gout pour la musique s\u00e9rieuse. J&#39;entends souvent des adultes dire qu&#39;ils ont commenc\u00e9 \u00e0 faire de la musique dans leur enfance et qu\u2019apr\u00e8s 3 ans, ils ont arr\u00eat\u00e9. Seuls quelques-uns ont la chance de devenir des musiciens professionnels, mais pourquoi les gens qui aiment la musique ne peuvent-ils pas jouer pour leur propre plaisir ? Je pense que vous pouvez \u00eatre amateur et bien jouer. Pour moi, l&#39;amateurisme est une cause noble et digne. Mais le probl\u00e8me est que les professionnels tuent l&#39;amateurisme. Et il y a un effet boomerang, les salles de concert sont souvent vides. Qui va au concert ? Bien \u00e9videmment, ce sont les musiciens amateurs qu\u2019y vont, c\u2019est une partie de leur formation. C&#39;est pourquoi j&#39;ai imagin\u00e9 ce projet.<\/p>\n<p>Et je voulais aussi donner confiance aux enfants, les \u00e9duquer dans une ambiance collective, dans une ambiance conviviale, amicale, familiale, ainsi que d\u00e9couvrir de nouveaux endroits en France, partir dans d&#39;autres pays. De plus, nous avons une association tr\u00e8s engag\u00e9e, nous participons \u00e0 de nombreuses actions li\u00e9es \u00e0 l&#39;environnement, avec des sujets actuels.<\/p>\n<p><div id=\"attachment_220922\" style=\"width: 577px\" class=\"wp-caption alignnone\"><a href=\"http:\/\/rusoch.fr\/cult\/erik-dyu-fai-muzyka-okrylyaet-detej.html\/attachment\/pms-photo-ogoulbibi\" rel=\"attachment wp-att-220922\"><img aria-describedby=\"caption-attachment-220922\" loading=\"lazy\" class=\"wp-image-220922 size-medium\" src=\"http:\/\/rusoch.fr\/files\/2020\/11\/PMS.-Photo-Ogoulbibi-567x379.jpg\" alt=\"\" width=\"567\" height=\"379\" srcset=\"https:\/\/rusoch.fr\/files\/2020\/11\/PMS.-Photo-Ogoulbibi-567x379.jpg 567w, https:\/\/rusoch.fr\/files\/2020\/11\/PMS.-Photo-Ogoulbibi-598x400.jpg 598w, https:\/\/rusoch.fr\/files\/2020\/11\/PMS.-Photo-Ogoulbibi-150x100.jpg 150w, https:\/\/rusoch.fr\/files\/2020\/11\/PMS.-Photo-Ogoulbibi-768x514.jpg 768w, https:\/\/rusoch.fr\/files\/2020\/11\/PMS.-Photo-Ogoulbibi-600x401.jpg 600w, https:\/\/rusoch.fr\/files\/2020\/11\/PMS.-Photo-Ogoulbibi.jpg 1000w\" sizes=\"(max-width: 567px) 100vw, 567px\" \/><\/a><p id=\"caption-attachment-220922\" class=\"wp-caption-text\">Photo: Ogoulbibi MARIAS<\/p><\/div><\/p>\n<p>Aujourd\u2019hui il semble que PMS est une association tr\u00e8s r\u00e9ussie, tout y est \u00e9tabli. Mais cela n&#39;a pas \u00e9t\u00e9 le cas tout de suite.<\/p>\n<p>&mdash; J&#39;ai commenc\u00e9 tout seul, avec des trois cailloux dans la poche,&nbsp;&mdash; \u00c9ric rit,&nbsp;&mdash; pendant longtemps personne n&#39;a cru en mon projet. Il fallait \u00e0 chaque fois prouver, convaincre tout le monde que la musique peut faire des miracles et qu&#39;elle est extr\u00eamement n\u00e9cessaire aux enfants d\u00e8s le plus jeune \u00e2ge. Chaque fois quand j&#39;ai vu les enfants \u00e9panouis en sortant apr\u00e8s un concert, j\u2019ai vu leur joie, leurs visages heureux apr\u00e8s l&#39;acad\u00e9mie, je n&#39;ai pas pu m&#39;arr\u00eater, fermer les PMS. Au bout de 10 \u00e0 12 ans, j&#39;ai senti que l&#39;association s&#39;\u00e9tait renforc\u00e9e, j&#39;ai eu, enfin, des compagnons fid\u00e8les ...<\/p>\n<p><strong>B\u00e9n\u00e9voles et membres des Petites mains symphoniques<\/strong><\/p>\n<p>Toutes les activit\u00e9s de l&#39;association sont soutenues par des b\u00e9n\u00e9voles, ce sont principalement des parents de jeunes musiciens. Certains viennent aider \u00e0 pr\u00e9parer des concerts, d&#39;autres viennent \u00e0 l&#39;acad\u00e9mie pour s&#39;occuper des enfants. Quelqu&#39;un le fait de temps en temps, mais il y a ceux qui sont accros \u00e0 l&#39;\u00e2me et ne manquent pas une seule part des PMS. Beaucoup de gens se sentent membres de la famille dans l&#39;association, ils viennent souvent et restent longtemps avec des familles enti\u00e8res. Comme la famille <strong>Maqlach,<\/strong> par exemple. Le plus jeune fils <strong>Mika\u00ebl <\/strong>il y a 7 ans, sur les conseils de son professeur de trombone, s&#39;est inscrit \u00e0 un concours \u00e0 PMS, et cet \u00e9t\u00e9-l\u00e0, il est all\u00e9 \u00e0 l&#39;acad\u00e9mie, et deux fr\u00e8res a\u00een\u00e9s l&#39;ont accompagn\u00e9: <strong>Yanis <\/strong>&mdash; clarinettiste et <strong>Medhi <\/strong>&mdash; trompettiste. Les enfants sont rentr\u00e9s \u00e0 la maison tellement heureux et depuis jamais n&#39;ont manqu\u00e9 un \u00e9v\u00e9nement des PMS. Les parents, qui, d&#39;ailleurs, suivent leurs enfants en tout, ont m\u00eame commenc\u00e9 \u00e0 \u00e9tudier la musique apr\u00e8s eux. Le papa <strong>Youssif <\/strong>joue maintenant du trombone, la maman <strong>Delphine<\/strong> de la fl\u00fbte. Ils accompagnaient dans un premier temps les PMS lors des voyages, prenaient leurs vacances expr\u00e8s pendant les vacances scolaires. Ainsi toute la famille Maqlach est all\u00e9e \u00e0 Shanghai, au Mexique, \u00e0 Iguazu. Puis les parents ont commenc\u00e9 \u00e0 aider durant les acad\u00e9mies. Aujourd&#39;hui Delphine est le bras droit d\u2019\u00c9ric, elle est la secr\u00e9taire ex\u00e9cutive de l&#39;association sur une base b\u00e9n\u00e9vole, dirige toute la partie administrative. Youssif est r\u00e9gisseur de l\u2019association, effectue des t\u00e2ches diff\u00e9rentes, il est engag\u00e9 dans le transport, conduit un camion. Yanis, qui n\u2019a plus l\u2019\u00e2ge des PMS ne manque de venir \u00e0 aucune acad\u00e9mie\u00a0: il travaille comme r\u00e9gisseur, aide le personnel technique, conduit une voiture, remplace le professeur d&#39;instruments \u00e0 vent.<\/p>\n<p>Delphine elle-m\u00eame est une optimiste incorrigible \u00e0 l\u2019\u00e9gal d\u2019\u00c9ric. Je lui demande ce qu&#39;elle pense des PMS et d\u2019\u00c9ric.<\/p>\n<p>Les enfants qui entrent dans les PMS acqui\u00e8rent rapidement de l&#39;exp\u00e9rience non seulement dans la musique, mais aussi dans la vie en g\u00e9n\u00e9ral,&nbsp;&mdash; dit-elle,&nbsp;&mdash; ils deviennent ind\u00e9pendants dans les affaires quotidiennes, se font des amis pour la vie. \u00c9ric est une personne unique, il a des milliers de projets en t\u00eate \u00e0 chaque minute et tous sont li\u00e9s aux PMS. Il adore les enfants, les ressent, se met \u00e0 leur place et essaie de leur transmettre sa passion pour la musique. L&#39;essentiel est qu&#39;il leur fasse confiance, qu\u2019ils prouvent qu&#39;ils sont capables de plus qu&#39;ils ne le pensent, et cela leur permet vraiment de repousser les limites de leurs capacit\u00e9s.<\/p>\n<p><div id=\"attachment_220927\" style=\"width: 580px\" class=\"wp-caption alignnone\"><a href=\"http:\/\/rusoch.fr\/cult\/erik-dyu-fai-muzyka-okrylyaet-detej.html\/attachment\/pms\" rel=\"attachment wp-att-220927\"><img aria-describedby=\"caption-attachment-220927\" loading=\"lazy\" class=\"wp-image-220927 size-medium\" src=\"http:\/\/rusoch.fr\/files\/2020\/11\/PMS-570x379.jpg\" alt=\"\" width=\"570\" height=\"379\" srcset=\"https:\/\/rusoch.fr\/files\/2020\/11\/PMS-570x379.jpg 570w, https:\/\/rusoch.fr\/files\/2020\/11\/PMS-600x399.jpg 600w, https:\/\/rusoch.fr\/files\/2020\/11\/PMS-150x100.jpg 150w, https:\/\/rusoch.fr\/files\/2020\/11\/PMS-768x511.jpg 768w, https:\/\/rusoch.fr\/files\/2020\/11\/PMS.jpg 1200w\" sizes=\"(max-width: 570px) 100vw, 570px\" \/><\/a><p id=\"caption-attachment-220927\" class=\"wp-caption-text\">Photo: Th\u00e9o Kosakevitch<\/p><\/div><\/p>\n<p><strong>Que pensent les musiciens eux-m\u00eames du PMS et d\u2019\u00c9ric ?<\/strong><\/p>\n<p>&mdash; Il y a trois ans ma m\u00e8re m&#39;a inscrit \u00e0 l&#39;acad\u00e9mie des PMS&nbsp;&mdash; dit le saxophoniste <strong>Felix Lemonnier<\/strong>,&nbsp;&mdash; je ne voulais pas du tout y aller, je pensais que c&#39;\u00e9tait un stage de musique comme des autres. Mais d\u00e8s que j&#39;y suis arriv\u00e9, je ne voulais plus m&#39;en s\u00e9parer. Avant, je n&#39;avais jamais s\u00e9rieusement pens\u00e9 \u00e0 la musique, mais maintenant je pense que je vais peut-\u00eatre devenir un professionnel. Je suis en terminale et l\u2019ann\u00e9e prochaine je vais faire des \u00e9tudes tr\u00e8s pouss\u00e9es. Je ne pourrai pas probablement participer aux concerts ni \u00e0 l&#39;acad\u00e9mie, mais je sais que je rencontrerai toujours des amis de PMS ...<\/p>\n<p>&nbsp;<\/p>\n<p>&mdash; Sans PMS j\u2019aurais \u00e9t\u00e9 compl\u00e8tement diff\u00e9rente,&nbsp;&mdash; dit la hautbo\u00efste <strong>Laura Dufour<\/strong>,&nbsp;&mdash; les PMS m&#39;ont ouvert le monde de la musique symphonique\u00a0; au conservatoire j&#39;ai jou\u00e9 dans un orchestre d\u2019harmonie. Avec les PMS, pour la premi\u00e8re fois j&#39;avais un but dans la musique, la motivation, j&#39;ai beaucoup progress\u00e9. Je n&#39;aurais jamais rencontr\u00e9 mon professeur de hautbois d\u2019aujourd&#39;hui. J&#39;ai rencontr\u00e9 ici des amis qui me sont tr\u00e8s chers. Nous avons d\u00e9j\u00e0 d\u00e9pass\u00e9 les limites d&#39;\u00e2ge, mais cet \u00e9t\u00e9, nous sommes revenus \u00e0 l&#39;acad\u00e9mie et avons cr\u00e9\u00e9 notre propre orchestre de 18 \u00e0 24 ans, jou\u00e9 \u00e0 la cl\u00f4ture des PMS et avec un concert s\u00e9par\u00e9 \u00e0 Paris. Et bien que j&#39;aie choisi un autre m\u00e9tier, je n&#39;abandonne pas la musique et mes recherches en neurosciences seront d\u00e9finitivement li\u00e9es \u00e0 la musique.<\/p>\n<p style=\"margin-bottom: 9.9pt; line-height: 115%;\">Le nouvel orchestre dont parle Laura est dirig\u00e9 par <strong>Etienne Jarrier<\/strong>.<\/p>\n<p><div id=\"attachment_220941\" style=\"width: 580px\" class=\"wp-caption alignnone\"><a href=\"http:\/\/rusoch.fr\/cult\/erik-dyu-fai-muzyka-okrylyaet-detej.html\/attachment\/etienne-jarrier-2-2\" rel=\"attachment wp-att-220941\"><img aria-describedby=\"caption-attachment-220941\" loading=\"lazy\" class=\"wp-image-220941 size-medium\" src=\"http:\/\/rusoch.fr\/files\/2020\/11\/Etienne-Jarrier-2-1-570x379.jpg\" alt=\"\" width=\"570\" height=\"379\" srcset=\"https:\/\/rusoch.fr\/files\/2020\/11\/Etienne-Jarrier-2-1-570x379.jpg 570w, https:\/\/rusoch.fr\/files\/2020\/11\/Etienne-Jarrier-2-1-600x399.jpg 600w, https:\/\/rusoch.fr\/files\/2020\/11\/Etienne-Jarrier-2-1-150x100.jpg 150w, https:\/\/rusoch.fr\/files\/2020\/11\/Etienne-Jarrier-2-1-768x511.jpg 768w, https:\/\/rusoch.fr\/files\/2020\/11\/Etienne-Jarrier-2-1.jpg 1200w\" sizes=\"(max-width: 570px) 100vw, 570px\" \/><\/a><p id=\"caption-attachment-220941\" class=\"wp-caption-text\">Etienne Jarrier. Photo: Th\u00e9o Kosakevitch<\/p><\/div><\/p>\n<p>Il y a 10 ans, il est arriv\u00e9 \u00e0 PMS en tant que clarinettiste \u00e2g\u00e9 de dix ans\u00a0; depuis lors, il n&#39;a pas manqu\u00e9 une seule acad\u00e9mie, a particip\u00e9 \u00e0 la plupart des concerts, est parti avec les PMS en voyages \u00e0 l&#39;\u00e9tranger. Maintenant, il est professeur de clarinette de l\u2019association et s&#39;essaye \u00e0 la direction d&#39;orchestre.<\/p>\n<p>\u00abJ&#39;avais l&#39;habitude de percevoir la musique comme une activit\u00e9 individuelle\u00a0; aux PMS j&#39;ai vu que jouer de la musique collectivement est beaucoup plus int\u00e9ressant\u00bb, dit Etienne, \u00abje ne trouve pas de plaisir \u00e0 jouer en soliste, je ne veux pas \u00eatre musicien professionnel, mais j&#39;aime la musique sous toutes ses formes, et aux PMS je vois une opportunit\u00e9 de transmettre ma passion pour la musique aux enfants \u00e0 travers la direction ou la p\u00e9dagogie. Je ne veux pas attendre des ann\u00e9es pour transmettre mes connaissances, je ne suis pas int\u00e9ress\u00e9 \u00e0 accumuler de l\u2019exp\u00e9rience pendant longtemps, je pense que je n\u2019ai rien \u00e0 attendre, je pense qu\u2019on doit partager tout de suite ce qu\u2019on a acquis. Les PMS sont une vraie \u00e9cole de vie pour moi\u00a0; ici j&#39;ai acquis de telles comp\u00e9tences qui seraient impossibles dans aucunes autres conditions sociales. A la t\u00eate de tout cela se trouve \u00c9ric&nbsp;&mdash; c&#39;est un homme d&#39;une \u00e9nergie incroyable, il agit instinctivement en tout. Il fait beaucoup confiance aux enfants en tout: dans la mani\u00e8re de jouer de l&#39;instrument, dans leur recherche. Et cela les aide \u00e0 accomplir beaucoup. Dans les conservatoires, on ne fait pas tellement confiance aux enfants et au collectif. Je pense qu&#39;il y a quelque chose de mystique, de myst\u00e9rieux dans la musique\u00a0; quand on fait confiance \u00e0 un enfant, il est capable de trouver des solutions par lui-m\u00eame et d&#39;atteindre de grands sommets. A mon avis, dans les PMS, on rencontre de bons amis non seulement parce qu&#39;ils ont le m\u00eame \u00e2ge, mais aussi car quand on joue de la musique dans un groupe, il se passe quelque chose de tr\u00e8s fort, quelque chose qui lie fermement les enfants \u00e0 ce moment-l\u00e0 ... \u00bb<\/p>\n<p>La question de savoir comment les organisateurs n&#39;avaient pas peur de tenir les acad\u00e9mies d&#39;\u00e9t\u00e9 et d&#39;automne derniers dans le contexte d&#39;une pand\u00e9mie, je l&#39;ai constamment pos\u00e9e \u00e0 mes interlocuteurs. Cela les a surpris, car ils sont convaincus qu&#39;ils ont raison et que c&#39;est une vraie bouff\u00e9e d&#39;air frais pour les enfants du monde d&#39;aujourd&#39;hui. Etienne Jarrier m&#39;a dit: \u00abQuand on a demand\u00e9 \u00e0 Churchill pourquoi il n&#39;avait pas r\u00e9duit le budget culturel pendant la guerre. Il a r\u00e9pondu: \u00abPour quoi nous battons-nous? Pour quoi nous bataillons-nous? \" A mon avis, la culture est tr\u00e8s importante comme tout autre travail, tout autre ouvrage sinon plus important ... \"<\/p>\n<p>\u00c0 la fin de notre conversation, \u00c9ric du Fa\u00ff me demande de mani\u00e8re inattendue: \u00abComment \u00e7a se passe avec les orchestres d&#39;enfants en Russie, au Kazakhstan?&nbsp;&mdash; et des petits feux espi\u00e8gles s\u2019allument dans ses yeux. Alors je comprends que dans la t\u00eate de l&#39;infatigable cr\u00e9ateur des PMS, il n&#39;y a pas de place pour les pens\u00e9es tristes\u00a0: des nouvelles id\u00e9es y m\u00fbrissent.&nbsp;&mdash; Eh bien, nous sommes toujours pr\u00eats \u00e0 coop\u00e9rer ... \"- ajoute-t-il en souriant ...<\/p>\n<p>&nbsp;<\/p>\n<p><em>\u00c0 propos du recrutement des enfants dans l&#39;orchestre ici:<\/em><\/p>\n<p><u><a href=\"https:\/\/www.youtube.com\/watch?v=N1QQjY-0X_c&amp;feature=youtu.be\">https:\/\/www.youtube.com\/watch?v=N1QQjY-0X_c&amp;feature=youtu.be<\/a><\/u><\/p>\n<p>&nbsp;<\/p>\n<p>&nbsp;<\/p>","protected":false},"excerpt":{"rendered":"<p>D\u00e9sol\u00e9, cet article est seulement disponible en Russe.<\/p>\n","protected":false},"author":2,"featured_media":220917,"comment_status":"open","ping_status":"open","sticky":false,"template":"","format":"standard","meta":[],"categories":[5],"tags":[3370,2841,1041],"aioseo_notices":[],"_links":{"self":[{"href":"https:\/\/rusoch.fr\/fr\/wp-json\/wp\/v2\/posts\/220884"}],"collection":[{"href":"https:\/\/rusoch.fr\/fr\/wp-json\/wp\/v2\/posts"}],"about":[{"href":"https:\/\/rusoch.fr\/fr\/wp-json\/wp\/v2\/types\/post"}],"author":[{"embeddable":true,"href":"https:\/\/rusoch.fr\/fr\/wp-json\/wp\/v2\/users\/2"}],"replies":[{"embeddable":true,"href":"https:\/\/rusoch.fr\/fr\/wp-json\/wp\/v2\/comments?post=220884"}],"version-history":[{"count":5,"href":"https:\/\/rusoch.fr\/fr\/wp-json\/wp\/v2\/posts\/220884\/revisions"}],"predecessor-version":[{"id":220950,"href":"https:\/\/rusoch.fr\/fr\/wp-json\/wp\/v2\/posts\/220884\/revisions\/220950"}],"wp:featuredmedia":[{"embeddable":true,"href":"https:\/\/rusoch.fr\/fr\/wp-json\/wp\/v2\/media\/220917"}],"wp:attachment":[{"href":"https:\/\/rusoch.fr\/fr\/wp-json\/wp\/v2\/media?parent=220884"}],"wp:term":[{"taxonomy":"category","embeddable":true,"href":"https:\/\/rusoch.fr\/fr\/wp-json\/wp\/v2\/categories?post=220884"},{"taxonomy":"post_tag","embeddable":true,"href":"https:\/\/rusoch.fr\/fr\/wp-json\/wp\/v2\/tags?post=220884"}],"curies":[{"name":"wp","href":"https:\/\/api.w.org\/{rel}","templated":true}]}}