{"id":221435,"date":"2021-02-19T12:59:11","date_gmt":"2021-02-19T11:59:11","guid":{"rendered":"http:\/\/rusoch.fr\/?p=221435"},"modified":"2021-02-23T10:40:11","modified_gmt":"2021-02-23T09:40:11","slug":"festival-sadov-projdet-na-lazurnom-beregu","status":"publish","type":"post","link":"https:\/\/rusoch.fr\/fr\/mond\/festival-sadov-projdet-na-lazurnom-beregu.html","title":{"rendered":"Festival des Jardins de la C\u00f4te d\u2019Azur"},"content":{"rendered":"<p><strong>La troisi\u00e8me \u00e9dition du Festival des Jardins de la C\u00f4te d\u2019Azur\u00a0 aura pour th\u00e8me \u00abJardins d\u2019artiste \u00bb et \u00a0se d\u00e9roulera du 3 au 28 avril 2021.<\/strong><\/p>\n<p><!--more--><\/p>\n<p><div id=\"attachment_221436\" style=\"width: 610px\" class=\"wp-caption alignnone\"><img aria-describedby=\"caption-attachment-221436\" loading=\"lazy\" class=\"wp-image-221436 size-large\" src=\"http:\/\/rusoch.fr\/files\/2021\/02\/CMOIRENC_171951-600x400.jpg\" alt=\"\" width=\"600\" height=\"400\" srcset=\"https:\/\/rusoch.fr\/files\/2021\/02\/CMOIRENC_171951-600x400.jpg 600w, https:\/\/rusoch.fr\/files\/2021\/02\/CMOIRENC_171951-568x379.jpg 568w, https:\/\/rusoch.fr\/files\/2021\/02\/CMOIRENC_171951-150x100.jpg 150w, https:\/\/rusoch.fr\/files\/2021\/02\/CMOIRENC_171951-768x512.jpg 768w, https:\/\/rusoch.fr\/files\/2021\/02\/CMOIRENC_171951.jpg 1000w\" sizes=\"(max-width: 600px) 100vw, 600px\" \/><p id=\"caption-attachment-221436\" class=\"wp-caption-text\">France, Alpes Maritimes (06), Nice, Festival des Jardins de La Cote d&#39;Azur 2019, jardin &laquo;Resilience d&#39;ete&raquo; \u00a9CRT Cote d&#39;Azur France\/Camille Moirenc<\/p><\/div><\/p>\n<p>Raconte le pr\u00e9sident du d\u00e9partement des Alpes-Maritimes <strong>Charles Gin\u00e9sy<\/strong>\u00a0:<\/p>\n<p>\u00ab\u00a0Du 3 au 28 avril 2021, c\u2019est un v\u00e9ritable mus\u00e9e \u00e0 ciel ouvert que nous vous invitons \u00e0 d\u00e9couvrir au travers de 28 jardins artistiques dont 17 cr\u00e9ations \u00e9ph\u00e9m\u00e8res en comp\u00e9tition dans 5 communes du d\u00e9partement et, pour la premi\u00e8re fois de l\u2019histoire du Festival, \u00e0 Monaco. Je veux remercier les candidats venus du monde entier pour participer \u00e0 cet \u00e9v\u00e9nement culturel d\u00e9sormais incontournable.<\/p>\n<p>Durant pr\u00e8s d\u2019un mois, pour le plus grand bonheur des petits comme des grands, de nombreuses animations fleuriront \u00e0 diff\u00e9rents endroits de notre territoire et notamment au sein des 75 jardins ouverts au public dont 14 sont labellis\u00e9s par le Minist\u00e8re fran\u00e7ais de la Culture &laquo;Jardin remarquable&raquo;\u00a0\u00bb.<\/p>\n<p>Durant pr\u00e8s d\u2019un mois, et aux c\u00f4t\u00e9s de l\u2019actrice <strong>Audrey Fleurot<\/strong>, marraine de cette \u00e9dition 2021, ce sont 17 nouvelles cr\u00e9ations \u00e9ph\u00e9m\u00e8res imagin\u00e9es par des paysagistes internationaux qui vous feront r\u00eaver \u00e0 Antibes, Cannes, Grasse, Menton, Nice et pour la premi\u00e8re fois, \u00e0 Monaco.<\/p>\n<p><strong>Et voici quelques belles images du Festival de l&#39;ann\u00e9e 2019:<\/strong><\/p>\n<p><div id=\"attachment_221438\" style=\"width: 610px\" class=\"wp-caption alignnone\"><img aria-describedby=\"caption-attachment-221438\" loading=\"lazy\" class=\"wp-image-221438 size-large\" src=\"http:\/\/rusoch.fr\/files\/2021\/02\/CMOIRENC_171913-600x400.jpg\" alt=\"\" width=\"600\" height=\"400\" srcset=\"https:\/\/rusoch.fr\/files\/2021\/02\/CMOIRENC_171913-600x400.jpg 600w, https:\/\/rusoch.fr\/files\/2021\/02\/CMOIRENC_171913-568x379.jpg 568w, https:\/\/rusoch.fr\/files\/2021\/02\/CMOIRENC_171913-150x100.jpg 150w, https:\/\/rusoch.fr\/files\/2021\/02\/CMOIRENC_171913-768x512.jpg 768w, https:\/\/rusoch.fr\/files\/2021\/02\/CMOIRENC_171913.jpg 1000w\" sizes=\"(max-width: 600px) 100vw, 600px\" \/><p id=\"caption-attachment-221438\" class=\"wp-caption-text\">France, Alpes Maritimes (06), Antibes Juan Les pins, Festival des Jardins de La Cote d&#39;Azur 2019, jardin &laquo;D&#39;une rive a l&#39;autre&raquo; \u00a9CRT Cote d&#39;Azur France\/Camille Moirenc<\/p><\/div><br \/>\n<div id=\"attachment_221441\" style=\"width: 610px\" class=\"wp-caption alignnone\"><img aria-describedby=\"caption-attachment-221441\" loading=\"lazy\" class=\"wp-image-221441 size-large\" src=\"http:\/\/rusoch.fr\/files\/2021\/02\/CMOIRENC_171918-600x400.jpg\" alt=\"\" width=\"600\" height=\"400\" srcset=\"https:\/\/rusoch.fr\/files\/2021\/02\/CMOIRENC_171918-600x400.jpg 600w, https:\/\/rusoch.fr\/files\/2021\/02\/CMOIRENC_171918-568x379.jpg 568w, https:\/\/rusoch.fr\/files\/2021\/02\/CMOIRENC_171918-150x100.jpg 150w, https:\/\/rusoch.fr\/files\/2021\/02\/CMOIRENC_171918-768x512.jpg 768w, https:\/\/rusoch.fr\/files\/2021\/02\/CMOIRENC_171918.jpg 1000w\" sizes=\"(max-width: 600px) 100vw, 600px\" \/><p id=\"caption-attachment-221441\" class=\"wp-caption-text\">France, Alpes Maritimes (06), Antibes Juan Les pins, Festival des Jardins de La Cote d&#39;Azur 2019, jardin &laquo;A Mediterranean Painting&raquo; \u00a9CRT Cote d&#39;Azur France\/Camille Moirenc<\/p><\/div><br \/>\n<div id=\"attachment_221442\" style=\"width: 610px\" class=\"wp-caption alignnone\"><img aria-describedby=\"caption-attachment-221442\" loading=\"lazy\" class=\"wp-image-221442 size-large\" src=\"http:\/\/rusoch.fr\/files\/2021\/02\/CMOIRENC_171921-600x400.jpg\" alt=\"\" width=\"600\" height=\"400\" srcset=\"https:\/\/rusoch.fr\/files\/2021\/02\/CMOIRENC_171921-600x400.jpg 600w, https:\/\/rusoch.fr\/files\/2021\/02\/CMOIRENC_171921-568x379.jpg 568w, https:\/\/rusoch.fr\/files\/2021\/02\/CMOIRENC_171921-150x100.jpg 150w, https:\/\/rusoch.fr\/files\/2021\/02\/CMOIRENC_171921-768x512.jpg 768w, https:\/\/rusoch.fr\/files\/2021\/02\/CMOIRENC_171921.jpg 1000w\" sizes=\"(max-width: 600px) 100vw, 600px\" \/><p id=\"caption-attachment-221442\" class=\"wp-caption-text\">France, Alpes Maritimes (06), Cannes, Festival des Jardins de La Cote d&#39;Azur 2019, jardin &laquo;Les Fenetres de Matisse&raquo;\u00a9CRT Cote d&#39;Azur France\/Camille Moirencl<\/p><\/div><br \/>\n<div id=\"attachment_221443\" style=\"width: 610px\" class=\"wp-caption alignnone\"><img aria-describedby=\"caption-attachment-221443\" loading=\"lazy\" class=\"wp-image-221443 size-large\" src=\"http:\/\/rusoch.fr\/files\/2021\/02\/CMOIRENC_171937-600x400.jpg\" alt=\"\" width=\"600\" height=\"400\" srcset=\"https:\/\/rusoch.fr\/files\/2021\/02\/CMOIRENC_171937-600x400.jpg 600w, https:\/\/rusoch.fr\/files\/2021\/02\/CMOIRENC_171937-568x379.jpg 568w, https:\/\/rusoch.fr\/files\/2021\/02\/CMOIRENC_171937-150x100.jpg 150w, https:\/\/rusoch.fr\/files\/2021\/02\/CMOIRENC_171937-768x512.jpg 768w, https:\/\/rusoch.fr\/files\/2021\/02\/CMOIRENC_171937.jpg 1000w\" sizes=\"(max-width: 600px) 100vw, 600px\" \/><p id=\"caption-attachment-221443\" class=\"wp-caption-text\">France, Alpes Maritimes (06), Nice, Festival des Jardins de La Cote d&#39;Azur 2019, jardin &laquo;Le Petit Prince&raquo; \u00a9CRT Cote d&#39;Azur France\/Camille Moirenc<\/p><\/div><br \/>\n<div id=\"attachment_221444\" style=\"width: 610px\" class=\"wp-caption alignnone\"><img aria-describedby=\"caption-attachment-221444\" loading=\"lazy\" class=\"wp-image-221444 size-large\" src=\"http:\/\/rusoch.fr\/files\/2021\/02\/CMOIRENC_171966-600x400.jpg\" alt=\"\" width=\"600\" height=\"400\" srcset=\"https:\/\/rusoch.fr\/files\/2021\/02\/CMOIRENC_171966-600x400.jpg 600w, https:\/\/rusoch.fr\/files\/2021\/02\/CMOIRENC_171966-568x379.jpg 568w, https:\/\/rusoch.fr\/files\/2021\/02\/CMOIRENC_171966-150x100.jpg 150w, https:\/\/rusoch.fr\/files\/2021\/02\/CMOIRENC_171966-768x512.jpg 768w, https:\/\/rusoch.fr\/files\/2021\/02\/CMOIRENC_171966.jpg 1000w\" sizes=\"(max-width: 600px) 100vw, 600px\" \/><p id=\"caption-attachment-221444\" class=\"wp-caption-text\">France, Alpes Maritimes (06), Menton, Festival des Jardins de La Cote d&#39;Azur 2019, \u00a9CRT Cote d&#39;Azur France\/Camille Moirenc<\/p><\/div><br \/>\n<div id=\"attachment_221445\" style=\"width: 610px\" class=\"wp-caption alignnone\"><img aria-describedby=\"caption-attachment-221445\" loading=\"lazy\" class=\"wp-image-221445 size-large\" src=\"http:\/\/rusoch.fr\/files\/2021\/02\/CMOIRENC_171925-600x400.jpg\" alt=\"\" width=\"600\" height=\"400\" srcset=\"https:\/\/rusoch.fr\/files\/2021\/02\/CMOIRENC_171925-600x400.jpg 600w, https:\/\/rusoch.fr\/files\/2021\/02\/CMOIRENC_171925-568x379.jpg 568w, https:\/\/rusoch.fr\/files\/2021\/02\/CMOIRENC_171925-150x100.jpg 150w, https:\/\/rusoch.fr\/files\/2021\/02\/CMOIRENC_171925-768x512.jpg 768w, https:\/\/rusoch.fr\/files\/2021\/02\/CMOIRENC_171925.jpg 1000w\" sizes=\"(max-width: 600px) 100vw, 600px\" \/><p id=\"caption-attachment-221445\" class=\"wp-caption-text\">France, Alpes Maritimes (06), Cannes, Festival des Jardins de La Cote d&#39;Azur 2019, jardin &laquo;Funduq, Ode aux femmes d&#39;Orient&raquo; \u00a9CRT Cote d&#39;Azur France\/Camille Moirenc<\/p><\/div><\/p>\n<p>&nbsp;<\/p>\n<p>&nbsp;<\/p>","protected":false},"excerpt":{"rendered":"<p>D\u00e9sol\u00e9, cet article est seulement disponible en Russe.<\/p>\n","protected":false},"author":2,"featured_media":221437,"comment_status":"open","ping_status":"open","sticky":false,"template":"","format":"standard","meta":[],"categories":[8],"tags":[38,3152,2992,915,255,532],"aioseo_notices":[],"_links":{"self":[{"href":"https:\/\/rusoch.fr\/fr\/wp-json\/wp\/v2\/posts\/221435"}],"collection":[{"href":"https:\/\/rusoch.fr\/fr\/wp-json\/wp\/v2\/posts"}],"about":[{"href":"https:\/\/rusoch.fr\/fr\/wp-json\/wp\/v2\/types\/post"}],"author":[{"embeddable":true,"href":"https:\/\/rusoch.fr\/fr\/wp-json\/wp\/v2\/users\/2"}],"replies":[{"embeddable":true,"href":"https:\/\/rusoch.fr\/fr\/wp-json\/wp\/v2\/comments?post=221435"}],"version-history":[{"count":5,"href":"https:\/\/rusoch.fr\/fr\/wp-json\/wp\/v2\/posts\/221435\/revisions"}],"predecessor-version":[{"id":221521,"href":"https:\/\/rusoch.fr\/fr\/wp-json\/wp\/v2\/posts\/221435\/revisions\/221521"}],"wp:featuredmedia":[{"embeddable":true,"href":"https:\/\/rusoch.fr\/fr\/wp-json\/wp\/v2\/media\/221437"}],"wp:attachment":[{"href":"https:\/\/rusoch.fr\/fr\/wp-json\/wp\/v2\/media?parent=221435"}],"wp:term":[{"taxonomy":"category","embeddable":true,"href":"https:\/\/rusoch.fr\/fr\/wp-json\/wp\/v2\/categories?post=221435"},{"taxonomy":"post_tag","embeddable":true,"href":"https:\/\/rusoch.fr\/fr\/wp-json\/wp\/v2\/tags?post=221435"}],"curies":[{"name":"wp","href":"https:\/\/api.w.org\/{rel}","templated":true}]}}