{"id":223279,"date":"2021-11-17T12:47:20","date_gmt":"2021-11-17T11:47:20","guid":{"rendered":"https:\/\/rusoch.fr\/?p=223279"},"modified":"2021-11-17T13:15:41","modified_gmt":"2021-11-17T12:15:41","slug":"francais-leon-tolstoi-voyages-en-europe","status":"publish","type":"post","link":"https:\/\/rusoch.fr\/fr\/cult\/francais-leon-tolstoi-voyages-en-europe.html","title":{"rendered":"L\u00e9on Tolsto\u00ef, Voyages en Europe"},"content":{"rendered":"<p><strong>La Ville de Nice vous invite \u00e0 d\u00e9couvrir l\u2019exposition \u00ab L\u00e9on Tolsto\u00ef, Voyages en Europe \u00bb \u00e0 la Biblioth\u00e8que Raoul Mille du 18 novembre au 23 d\u00e9cembre 2021. <\/strong><\/p>\n<p><strong>Con\u00e7ue et r\u00e9alis\u00e9e par le mus\u00e9e d\u2019Etat L\u00e9on Tolsto\u00ef de Moscou en coordination avec la Biblioth\u00e8que Municipale \u00e0 Vocation R\u00e9gionale de Nice, Iva Company et la Maison de la Russie \u00e0 Nice, l\u2019exposition pr\u00e9sentera la vie et l\u2019\u0153uvre de l\u2019auteur de <em>Guerre et Paix<\/em>.<\/strong><\/p>\n<p><!--more--><\/p>\n<p><div id=\"attachment_223285\" style=\"width: 610px\" class=\"wp-caption alignnone\"><img aria-describedby=\"caption-attachment-223285\" loading=\"lazy\" class=\"wp-image-223285 size-large\" src=\"https:\/\/rusoch.fr\/files\/2021\/11\/Les-Freres-Tolstoi-Serge-Nicolas-Dmitri-Leon-600x181.jpg\" alt=\"\" width=\"600\" height=\"181\" srcset=\"https:\/\/rusoch.fr\/files\/2021\/11\/Les-Freres-Tolstoi-Serge-Nicolas-Dmitri-Leon-600x181.jpg 600w, https:\/\/rusoch.fr\/files\/2021\/11\/Les-Freres-Tolstoi-Serge-Nicolas-Dmitri-Leon-596x180.jpg 596w, https:\/\/rusoch.fr\/files\/2021\/11\/Les-Freres-Tolstoi-Serge-Nicolas-Dmitri-Leon-150x45.jpg 150w, https:\/\/rusoch.fr\/files\/2021\/11\/Les-Freres-Tolstoi-Serge-Nicolas-Dmitri-Leon-768x232.jpg 768w, https:\/\/rusoch.fr\/files\/2021\/11\/Les-Freres-Tolstoi-Serge-Nicolas-Dmitri-Leon-1536x464.jpg 1536w, https:\/\/rusoch.fr\/files\/2021\/11\/Les-Freres-Tolstoi-Serge-Nicolas-Dmitri-Leon-2048x619.jpg 2048w\" sizes=\"(max-width: 600px) 100vw, 600px\" \/><p id=\"caption-attachment-223285\" class=\"wp-caption-text\">Les Fr\u00e8res Tolstoi Serge, Nicolas Dmitri, Leon<\/p><\/div><\/p>\n<p>L\u2019ann\u00e9e 2021 met \u00e0 l\u2019honneur la coop\u00e9ration d\u00e9centralis\u00e9e franco-russe, une fa\u00e7on de susciter dans chacun des deux pays un regard renouvel\u00e9 sur l\u2019autre, donner une nouvelle impulsion aux relations entre les villes et r\u00e9gions russes et fran\u00e7aises, renforcer les liens entre nos citoyens et mieux faire conna\u00eetre les atouts et la vari\u00e9t\u00e9 de nos territoires respectifs.<\/p>\n<p><strong>Inauguration officielle le<\/strong><strong> 19 novembre \u00e0 18 heures<\/strong><\/p>\n<p>En pr\u00e9sence de <strong>Jean-Luc Gagliolo<\/strong>, Adjoint au Maire de Nice d\u00e9l\u00e9gu\u00e9 \u00e0 l\u2019Education, au Livre, \u00e0 la Lutte contre l\u2019illettrisme et \u00e0 l\u2019Identit\u00e9 ni\u00e7oise et <strong>Christiane Amiel<\/strong>, Adjointe au Maire d\u00e9l\u00e9gu\u00e9e aux Relations Internationales et aux Jumelages<\/p>\n<p><strong>Quinze panneaux, o\u00f9 seront d\u00e9voil\u00e9es des reproductions des r\u00e9cits de ses voyages et des lettres<\/strong> faisant partie de la riche correspondance que L\u00e9on Tolsto\u00ef a entretenue avec sa famille, retraceront les voyages de L\u00e9on Tolsto\u00ef en Europe et son passage dans les villes de la r\u00e9gion sud comme Marseille, Menton, Hy\u00e8res, Toulon et Nice. <strong>Un ensemble de peintures et photos<\/strong> provenant de la collection unique du mus\u00e9e d&#39;Etat L\u00e9on Tolsto\u00ef et des ouvrages de bibliophilie issus des fonds patrimoniaux de la BMVR enrichiront \u00e9galement l\u2019exposition.<\/p>\n<p><div id=\"attachment_223286\" style=\"width: 488px\" class=\"wp-caption alignnone\"><img aria-describedby=\"caption-attachment-223286\" loading=\"lazy\" class=\"wp-image-223286 size-large\" src=\"https:\/\/rusoch.fr\/files\/2021\/11\/Nice.-Eglise-Russe-pres-du-bd-Victor-Hugo-annees-1850-1860-478x400.jpg\" alt=\"\" width=\"478\" height=\"400\" srcset=\"https:\/\/rusoch.fr\/files\/2021\/11\/Nice.-Eglise-Russe-pres-du-bd-Victor-Hugo-annees-1850-1860-478x400.jpg 478w, https:\/\/rusoch.fr\/files\/2021\/11\/Nice.-Eglise-Russe-pres-du-bd-Victor-Hugo-annees-1850-1860-453x379.jpg 453w, https:\/\/rusoch.fr\/files\/2021\/11\/Nice.-Eglise-Russe-pres-du-bd-Victor-Hugo-annees-1850-1860-150x126.jpg 150w, https:\/\/rusoch.fr\/files\/2021\/11\/Nice.-Eglise-Russe-pres-du-bd-Victor-Hugo-annees-1850-1860-768x643.jpg 768w, https:\/\/rusoch.fr\/files\/2021\/11\/Nice.-Eglise-Russe-pres-du-bd-Victor-Hugo-annees-1850-1860-600x502.jpg 600w, https:\/\/rusoch.fr\/files\/2021\/11\/Nice.-Eglise-Russe-pres-du-bd-Victor-Hugo-annees-1850-1860.jpg 978w\" sizes=\"(max-width: 478px) 100vw, 478px\" \/><p id=\"caption-attachment-223286\" class=\"wp-caption-text\">Nice. Eglise Russe pr\u00e8s du bd Victor Hugo ann\u00e9es 1850&mdash;1860<\/p><\/div><\/p>\n<p>&nbsp;<\/p>\n<p><strong><u>Autour de l\u2019exposition<\/u><\/strong><\/p>\n<p><strong>\u25ba<\/strong><strong> A la Biblioth\u00e8que Raoul Mille <\/strong>33, avenue Malauss\u00e9na \u2013 04 97 13 54 29<\/p>\n<p><strong>Vendredi 19 novembre<\/strong><\/p>\n<p><strong>17h&nbsp;&mdash; Les Voyages de Tolsto\u00ef en Europe<\/strong><\/p>\n<p>Conf\u00e9rence de M. Serguei Arkhangelov, Directeur du Mus\u00e9e d\u2019Etat L\u00e9on Tolstoi de Moscou<\/p>\n<p><strong>18h \u2013 Inauguration de l\u2019exposition<\/strong><\/p>\n<p><strong>Samedi 4 d\u00e9cembre<\/strong><\/p>\n<p><strong>10h30&nbsp;&mdash; La cuisine russe<\/strong><\/p>\n<p>Conf\u00e9rence par Aliona Slastikhina et r\u00e9alisation de la recette du g\u00e2teau des Tsars<\/p>\n<p>&nbsp;<\/p>\n<p><strong>\u25ba A la Biblioth\u00e8que Louis Nuc\u00e9ra <\/strong>2, place Yves Klein \u2013 04 97 13 48 90<\/p>\n<p><strong>Mardi 23 novembre<\/strong><\/p>\n<p><strong>15h \u2013 Cin\u00e9 Mardi<\/strong><\/p>\n<p>Projection d\u2019un film inspir\u00e9 par l\u2019\u0153uvre litt\u00e9raire de L\u00e9on Tolsto\u00ef<\/p>\n<p><strong>Samedi 27 novembre<\/strong><\/p>\n<p><strong>15h \u2013 Concert \u00ab\u00a0A la crois\u00e9e des chemins musicaux, France-Russie\u00a0\u00bb<\/strong><\/p>\n<p>Par Am\u00e9d\u00e9e Briggen et H\u00e9l\u00e8ne Metlov<\/p>\n<p>Les liens entre la France et la Russie s\u2019illustrent en musique \u00e0 l\u2019occasion de l\u2019exposition, en partenariat avec la Maison de la Russie<\/p>\n<p><strong>Vendredi 3 d\u00e9cembre<\/strong><\/p>\n<p><strong>15h \u2013 Restitution atelier dessin<\/strong><\/p>\n<p>Les laur\u00e9ats du concours de dessin autour de l\u2019\u0153uvre de Tolsto\u00ef seront r\u00e9compens\u00e9s pour leurs travaux \u00e0 l\u2019occasion d\u2019une remise des prix et d\u2019un mini-concert, en partenariat avec la Maison de la Russie<\/p>\n<p><em>Pass sanitaire obligatoire<\/em><\/p>\n<p>&nbsp;<\/p>","protected":false},"excerpt":{"rendered":"<p>La Ville de Nice vous invite \u00e0 d\u00e9couvrir l\u2019exposition \u00ab L\u00e9on Tolsto\u00ef, Voyages en Europe \u00bb \u00e0 la Biblioth\u00e8que Raoul\u2026<\/p>\n","protected":false},"author":2,"featured_media":223288,"comment_status":"open","ping_status":"open","sticky":false,"template":"","format":"standard","meta":[],"categories":[5],"tags":[3553,3554],"aioseo_notices":[],"_links":{"self":[{"href":"https:\/\/rusoch.fr\/fr\/wp-json\/wp\/v2\/posts\/223279"}],"collection":[{"href":"https:\/\/rusoch.fr\/fr\/wp-json\/wp\/v2\/posts"}],"about":[{"href":"https:\/\/rusoch.fr\/fr\/wp-json\/wp\/v2\/types\/post"}],"author":[{"embeddable":true,"href":"https:\/\/rusoch.fr\/fr\/wp-json\/wp\/v2\/users\/2"}],"replies":[{"embeddable":true,"href":"https:\/\/rusoch.fr\/fr\/wp-json\/wp\/v2\/comments?post=223279"}],"version-history":[{"count":5,"href":"https:\/\/rusoch.fr\/fr\/wp-json\/wp\/v2\/posts\/223279\/revisions"}],"predecessor-version":[{"id":223289,"href":"https:\/\/rusoch.fr\/fr\/wp-json\/wp\/v2\/posts\/223279\/revisions\/223289"}],"wp:featuredmedia":[{"embeddable":true,"href":"https:\/\/rusoch.fr\/fr\/wp-json\/wp\/v2\/media\/223288"}],"wp:attachment":[{"href":"https:\/\/rusoch.fr\/fr\/wp-json\/wp\/v2\/media?parent=223279"}],"wp:term":[{"taxonomy":"category","embeddable":true,"href":"https:\/\/rusoch.fr\/fr\/wp-json\/wp\/v2\/categories?post=223279"},{"taxonomy":"post_tag","embeddable":true,"href":"https:\/\/rusoch.fr\/fr\/wp-json\/wp\/v2\/tags?post=223279"}],"curies":[{"name":"wp","href":"https:\/\/api.w.org\/{rel}","templated":true}]}}