{"id":229097,"date":"2025-10-20T10:54:35","date_gmt":"2025-10-20T08:54:35","guid":{"rendered":"https:\/\/rusoch.fr\/?p=229097"},"modified":"2025-10-20T11:11:37","modified_gmt":"2025-10-20T09:11:37","slug":"frantsiya-semejnyj-albom-v-paradnyh-zalah-parizhskoj-merii","status":"publish","type":"post","link":"https:\/\/rusoch.fr\/fr\/temoin\/frantsiya-semejnyj-albom-v-paradnyh-zalah-parizhskoj-merii.html","title":{"rendered":"\u00ab France, un album de famille \u00bb, une exposition de Yann Arthus-Bertrand avec Herv\u00e9 Le Bras et la Fondation Goodplanet"},"content":{"rendered":"<p><strong>Dans les salons d\u2019honneur de l\u2019H\u00f4tel de Ville de Paris, habituellement ferm\u00e9s au public, et m\u00eame dans le bureau d\u2019Anne Hidalgo.<\/strong><!--more--><\/p>\n<p><img loading=\"lazy\" class=\"alignnone size-large wp-image-229098\" src=\"https:\/\/rusoch.fr\/files\/2025\/10\/Fr-album-famille-451x400.jpg\" alt=\"\" width=\"451\" height=\"400\" srcset=\"https:\/\/rusoch.fr\/files\/2025\/10\/Fr-album-famille-451x400.jpg 451w, https:\/\/rusoch.fr\/files\/2025\/10\/Fr-album-famille-428x379.jpg 428w, https:\/\/rusoch.fr\/files\/2025\/10\/Fr-album-famille-150x133.jpg 150w, https:\/\/rusoch.fr\/files\/2025\/10\/Fr-album-famille-768x681.jpg 768w, https:\/\/rusoch.fr\/files\/2025\/10\/Fr-album-famille.jpg 792w\" sizes=\"(max-width: 451px) 100vw, 451px\" \/><\/p>\n<p>Depuis plus de trente ans, <strong>Yann Arthus-Bertrand<\/strong> photographie les habitants de la France, accompagn\u00e9s de ceux qu&#39;ils aiment. Ils posent en compagnie de leurs proches, de leurs coll\u00e8gues ou encore de leurs animaux. Qu&#39;ils soient li\u00e9s par leur m\u00e9tier, leur lieu de vie, leurs loisirs ou leurs croyances, tous sont captur\u00e9s sur une m\u00eame b\u00e2che en toile de jute, invit\u00e9s \u00e0 rev\u00eatir leur tenue de travail ou du quotidien.<\/p>\n<p>Le photographe r\u00e9alise ainsi des images simples et authentiques, utiles pour la m\u00e9moire commune.<\/p>\n<p>C\u2019est en 2023, \u00e0 l\u2019occasion d\u2019une rencontre avec <strong>Herv\u00e9 Le Bras<\/strong>, d\u00e9mographe et historien fran\u00e7ais, que Yann Arthus-Bertrand d\u00e9cide de terminer ce travail photographique et de l\u2019enrichir d\u2019une dimension d\u00e9mographique et p\u00e9dagogique.<\/p>\n<p>En r\u00e9unissant des portraits venus de tous horizons, elle rappelle le vivre-ensemble et la capacit\u00e9 \u00e0 s\u2019unir face aux grands d\u00e9fis. A travers 150 photographies, l\u2019exposition propose un portrait lumineux de la France telle qu\u2019elle est\u00a0: diverse, singuli\u00e8re, solidaire.<\/p>\n<p>Cette exposition est gratuite et ouverte \u00e0 tous, avec r\u00e9servation obligatoire sur<a href=\"https:\/\/www.paris.fr\/evenements\/france-un-album-de-famille-une-exposition-de-yann-arthus-bertrand-avec-la-fondation-goodplanet-98069\"> le site de la Mairie de Paris<\/a>.<\/p>\n<p>Du lundi 20 octobre au dimanche 2 novembre 2025<\/p>","protected":false},"excerpt":{"rendered":"<p>D\u00e9sol\u00e9, cet article est seulement disponible en Russe.<\/p>\n","protected":false},"author":2,"featured_media":229099,"comment_status":"open","ping_status":"open","sticky":false,"template":"","format":"standard","meta":[],"categories":[1899],"tags":[4051,3395,4050],"aioseo_notices":[],"_links":{"self":[{"href":"https:\/\/rusoch.fr\/fr\/wp-json\/wp\/v2\/posts\/229097"}],"collection":[{"href":"https:\/\/rusoch.fr\/fr\/wp-json\/wp\/v2\/posts"}],"about":[{"href":"https:\/\/rusoch.fr\/fr\/wp-json\/wp\/v2\/types\/post"}],"author":[{"embeddable":true,"href":"https:\/\/rusoch.fr\/fr\/wp-json\/wp\/v2\/users\/2"}],"replies":[{"embeddable":true,"href":"https:\/\/rusoch.fr\/fr\/wp-json\/wp\/v2\/comments?post=229097"}],"version-history":[{"count":2,"href":"https:\/\/rusoch.fr\/fr\/wp-json\/wp\/v2\/posts\/229097\/revisions"}],"predecessor-version":[{"id":229104,"href":"https:\/\/rusoch.fr\/fr\/wp-json\/wp\/v2\/posts\/229097\/revisions\/229104"}],"wp:featuredmedia":[{"embeddable":true,"href":"https:\/\/rusoch.fr\/fr\/wp-json\/wp\/v2\/media\/229099"}],"wp:attachment":[{"href":"https:\/\/rusoch.fr\/fr\/wp-json\/wp\/v2\/media?parent=229097"}],"wp:term":[{"taxonomy":"category","embeddable":true,"href":"https:\/\/rusoch.fr\/fr\/wp-json\/wp\/v2\/categories?post=229097"},{"taxonomy":"post_tag","embeddable":true,"href":"https:\/\/rusoch.fr\/fr\/wp-json\/wp\/v2\/tags?post=229097"}],"curies":[{"name":"wp","href":"https:\/\/api.w.org\/{rel}","templated":true}]}}