{"id":229190,"date":"2025-10-31T13:27:22","date_gmt":"2025-10-31T12:27:22","guid":{"rendered":"https:\/\/rusoch.fr\/?p=229190"},"modified":"2025-10-31T18:48:28","modified_gmt":"2025-10-31T17:48:28","slug":"elen-tekse-vruchili-medal","status":"publish","type":"post","link":"https:\/\/rusoch.fr\/fr\/events\/elen-tekse-vruchili-medal.html","title":{"rendered":"H\u00e9l\u00e8ne Texier d\u00e9cor\u00e9e"},"content":{"rendered":"<p><strong>Fin octobre, le Forum de la coop\u00e9ration internationale s&#39;est tenu \u00e0 Moscou. <\/strong><\/p>\n<p><strong>Il a r\u00e9uni plus de deux mille participants venus de plus de 100 pays.<\/strong><\/p>\n<p><!--more--><\/p>\n<p><div id=\"attachment_229191\" style=\"width: 610px\" class=\"wp-caption alignnone\"><img aria-describedby=\"caption-attachment-229191\" loading=\"lazy\" class=\"wp-image-229191 size-large\" src=\"https:\/\/rusoch.fr\/files\/2025\/10\/Tesqier-600x400.jpeg\" alt=\"\" width=\"600\" height=\"400\" srcset=\"https:\/\/rusoch.fr\/files\/2025\/10\/Tesqier-600x400.jpeg 600w, https:\/\/rusoch.fr\/files\/2025\/10\/Tesqier-569x379.jpeg 569w, https:\/\/rusoch.fr\/files\/2025\/10\/Tesqier-150x100.jpeg 150w, https:\/\/rusoch.fr\/files\/2025\/10\/Tesqier.jpeg 696w\" sizes=\"(max-width: 600px) 100vw, 600px\" \/><p id=\"caption-attachment-229191\" class=\"wp-caption-text\"><em>H\u00e9l\u00e8ne Texier entour\u00e9e de E.Primakov et Eleonora Mitrofanova<\/em><\/p><\/div><\/p>\n<p>Ce forum s&#39;inscrivait dans le cadre des c\u00e9l\u00e9brations du centenaire de la diplomatie publique en Russie, sous l&#39;\u00e9gide de la Commission de la F\u00e9d\u00e9ration de Russie pour l&#39;UNESCO.<\/p>\n<p>Des repr\u00e9sentants gouvernementaux russes et \u00e9trangers, des personnalit\u00e9s publiques et des repr\u00e9sentants d&#39;associations de compatriotes y ont particip\u00e9.<\/p>\n<p><div id=\"attachment_229195\" style=\"width: 610px\" class=\"wp-caption alignnone\"><img aria-describedby=\"caption-attachment-229195\" loading=\"lazy\" class=\"wp-image-229195 size-large\" src=\"https:\/\/rusoch.fr\/files\/2025\/10\/Barki-600x398.jpg\" alt=\"\" width=\"600\" height=\"398\" srcset=\"https:\/\/rusoch.fr\/files\/2025\/10\/Barki-600x398.jpg 600w, https:\/\/rusoch.fr\/files\/2025\/10\/Barki-571x379.jpg 571w, https:\/\/rusoch.fr\/files\/2025\/10\/Barki-150x100.jpg 150w, https:\/\/rusoch.fr\/files\/2025\/10\/Barki-768x510.jpg 768w, https:\/\/rusoch.fr\/files\/2025\/10\/Barki.jpg 1008w\" sizes=\"(max-width: 600px) 100vw, 600px\" \/><p id=\"caption-attachment-229195\" class=\"wp-caption-text\"><em>Ren\u00e9 Barki<\/em><\/p><\/div><\/p>\n<p>Le dernier jour, une c\u00e9r\u00e9monie s&#39;est d\u00e9roul\u00e9e dans la salle Beethoven du Th\u00e9\u00e2tre Bolcho\u00ef pour remettre des m\u00e9dailles et des insignes honorifiques de la F\u00e9d\u00e9ration de Russie \u00e0 des repr\u00e9sentants de dix pays.<\/p>\n<p><div id=\"attachment_229196\" style=\"width: 610px\" class=\"wp-caption alignnone\"><img aria-describedby=\"caption-attachment-229196\" loading=\"lazy\" class=\"wp-image-229196 size-large\" src=\"https:\/\/rusoch.fr\/files\/2025\/10\/Koshko-600x400.jpg\" alt=\"\" width=\"600\" height=\"400\" srcset=\"https:\/\/rusoch.fr\/files\/2025\/10\/Koshko-600x400.jpg 600w, https:\/\/rusoch.fr\/files\/2025\/10\/Koshko-570x379.jpg 570w, https:\/\/rusoch.fr\/files\/2025\/10\/Koshko-150x100.jpg 150w, https:\/\/rusoch.fr\/files\/2025\/10\/Koshko.jpg 1008w\" sizes=\"(max-width: 600px) 100vw, 600px\" \/><p id=\"caption-attachment-229196\" class=\"wp-caption-text\"><em>Dmitry de Koshko<\/em><\/p><\/div><\/p>\n<p>La m\u00e9daille \u00ab\u00a0Pour le renforcement de la paix, de l&#39;amiti\u00e9 et de la coop\u00e9ration\u00a0\u00bb a \u00e9t\u00e9 d\u00e9cern\u00e9e \u00e0\u00a0: <strong>H\u00e9l\u00e8ne Texier<\/strong>, pr\u00e9sidente de l&#39;association fran\u00e7aise \u00ab\u00a0Pour Kungur\u00a0\u00bb\u00a0; <strong>Dmitry de Koshko<\/strong>, pr\u00e9sident de l&#39;association France-Oural et fondateur de l&#39;Union des russophones de France\u00a0; et \u00e0 l&#39;historien fran\u00e7ais <strong>Ren\u00e9 Barki<\/strong>.<\/p>\n<p>F\u00e9licitations aux laur\u00e9ats\u00a0!<\/p>","protected":false},"excerpt":{"rendered":"<p>D\u00e9sol\u00e9, cet article est seulement disponible en Russe.<\/p>\n","protected":false},"author":2,"featured_media":229192,"comment_status":"open","ping_status":"open","sticky":false,"template":"","format":"standard","meta":[],"categories":[6],"tags":[3763,1904],"aioseo_notices":[],"_links":{"self":[{"href":"https:\/\/rusoch.fr\/fr\/wp-json\/wp\/v2\/posts\/229190"}],"collection":[{"href":"https:\/\/rusoch.fr\/fr\/wp-json\/wp\/v2\/posts"}],"about":[{"href":"https:\/\/rusoch.fr\/fr\/wp-json\/wp\/v2\/types\/post"}],"author":[{"embeddable":true,"href":"https:\/\/rusoch.fr\/fr\/wp-json\/wp\/v2\/users\/2"}],"replies":[{"embeddable":true,"href":"https:\/\/rusoch.fr\/fr\/wp-json\/wp\/v2\/comments?post=229190"}],"version-history":[{"count":1,"href":"https:\/\/rusoch.fr\/fr\/wp-json\/wp\/v2\/posts\/229190\/revisions"}],"predecessor-version":[{"id":229201,"href":"https:\/\/rusoch.fr\/fr\/wp-json\/wp\/v2\/posts\/229190\/revisions\/229201"}],"wp:featuredmedia":[{"embeddable":true,"href":"https:\/\/rusoch.fr\/fr\/wp-json\/wp\/v2\/media\/229192"}],"wp:attachment":[{"href":"https:\/\/rusoch.fr\/fr\/wp-json\/wp\/v2\/media?parent=229190"}],"wp:term":[{"taxonomy":"category","embeddable":true,"href":"https:\/\/rusoch.fr\/fr\/wp-json\/wp\/v2\/categories?post=229190"},{"taxonomy":"post_tag","embeddable":true,"href":"https:\/\/rusoch.fr\/fr\/wp-json\/wp\/v2\/tags?post=229190"}],"curies":[{"name":"wp","href":"https:\/\/api.w.org\/{rel}","templated":true}]}}