{"id":23506,"date":"2015-05-07T21:26:12","date_gmt":"2015-05-07T20:26:12","guid":{"rendered":"http:\/\/rusoch.fr\/?p=23506"},"modified":"2015-05-09T19:15:27","modified_gmt":"2015-05-09T18:15:27","slug":"70-letie-pobedy-v-velikoj-otechestvennoj-vojne-parizh-maj-2015-goda-70-ans-de-la-victoire-contre-le-nazisme-paris-mai-2015","status":"publish","type":"post","link":"https:\/\/rusoch.fr\/fr\/tour\/70-letie-pobedy-v-velikoj-otechestvennoj-vojne-parizh-maj-2015-goda-70-ans-de-la-victoire-contre-le-nazisme-paris-mai-2015.html","title":{"rendered":" 70 ans de la Victoire contre le nazisme. Paris, mai 2015"},"content":{"rendered":"\n<div class=\"hidden_text\">\u0414\u043e\u0440\u043e\u0433\u0438\u0435 \u0434\u0440\u0443\u0437\u044c\u044f, \u043f\u0440\u0438\u043c\u0438\u0442\u0435 \u043d\u0430\u0448\u0438 \u0438\u0441\u043a\u0440\u0435\u043d\u043d\u0438\u0435 \u043f\u043e\u0437\u0434\u0440\u0430\u0432\u043b\u0435\u043d\u0438\u044f \u0441 \u043f\u0440\u0430\u0437\u0434\u043d\u0438\u043a\u043e\u043c \u041f\u043e\u0431\u0435\u0434\u044b!<\/div>\n<div class=\"hidden_text\">\u041c\u044b \u0445\u043e\u0442\u0438\u043c \u043f\u0440\u0438\u0433\u043b\u0430\u0441\u0438\u0442\u044c \u0412\u0430\u0441 \u0438 \u0412\u0430\u0448\u0438\u0445 \u0431\u043b\u0438\u0437\u043a\u0438\u0445 \u043d\u0430 \u043c\u0435\u043c\u043e\u0440\u0438\u0430\u043b\u044c\u043d\u0443\u044e \u0430\u043a\u0446\u0438\u044e, \u043a\u043e\u0442\u043e\u0440\u0430\u044f \u043f\u0440\u043e\u0439\u0434\u0435\u0442 <b>\u0432 \u041f\u0430\u0440\u0438\u0436\u0435 8 \u043c\u0430\u044f 2015 \u0433\u043e\u0434\u0430.<\/b> \u041e\u043d\u0430 \u0431\u0443\u0434\u0435\u0442 \u043f\u043e\u0441\u0432\u044f\u0449\u0435\u043d\u0430 \u043f\u0430\u043c\u044f\u0442\u0438 \u0441\u043e\u0432\u0435\u0442\u0441\u043a\u0438\u0445 \u0441\u043e\u043b\u0434\u0430\u0442 \u0438 \u043c\u0438\u0440\u043d\u044b\u0445 \u0436\u0438\u0442\u0435\u043b\u0435\u0439 \u0438 \u0438\u0445 \u0441\u043e\u0440\u0430\u0442\u043d\u0438\u043a\u043e\u0432 \u043f\u043e \u0441\u043e\u044e\u0437\u043d\u043e\u0439 \u043a\u043e\u0430\u043b\u0438\u0446\u0438\u0438, \u0438\u0445 \u0432\u043a\u043b\u0430\u0434\u0443 \u0432 \u043e\u0431\u0449\u0443\u044e \u041f\u043e\u0431\u0435\u0434\u0443. \u041c\u044b \u0445\u043e\u0442\u0438\u043c \u0442\u0430\u043a\u0436\u0435 \u0432\u044b\u0441\u043a\u0430\u0437\u0430\u0442\u044c\u0441\u044f \u043f\u0440\u043e\u0442\u0438\u0432 \u0443\u043b\u044c\u0442\u0440\u0430\u043d\u0430\u0446\u0438\u043e\u043d\u0430\u043b\u0438\u0437\u043c\u0430, \u043c\u0438\u043b\u0438\u0442\u0430\u0440\u0438\u0437\u043c\u0430 \u0438 \u043d\u0430\u0446\u0438\u0437\u043c\u0430, \u043a\u043e\u0442\u043e\u0440\u044b\u0435 \u0441\u043d\u043e\u0432\u0430 \u043f\u043e\u0434\u043d\u0438\u043c\u0430\u044e\u0442 \u0433\u043e\u043b\u043e\u0432\u0443 \u0432 \u043d\u0430\u0448\u0438 \u0434\u043d\u0438.<\/div>\n<p>Mesdames, Messieurs, f\u00eatons les 70 ans de la victoire contre le nazisme\u00a0!<\/p>\n<p>Nous voudrions vous inviter l<b>e 8 mai 2015 \u00e0 notre c\u00e9l\u00e9bration de la victoire<\/b> contre le nazisme. Ce sera \u00e9galement une occasion de comm\u00e9morer l&#39;apport des combattants et des civils sovi\u00e9tiques \u00e0 la victoire commune de la coalition anti-nazie de 1945, et de parler du danger des nationalismes, du nazisme et du militarisme revenus en force en Europe.<\/p>\n<p>Nous prendrons avec nous des drapeaux et des photographies (format A 4 et plus) de nos grands-parents ou des personnes qui nous sont ch\u00e8res et qui ont combattu le nazisme ou ont \u00e9t\u00e9 ses victimes. Notre action fera \u00e9cho aux marches &laquo;R\u00e9giment immortel&raquo;, initiative populaire ayant lieu dans plusieurs endroits de l&#39;espace post-sovi\u00e9tique depuis quelques ann\u00e9es.<\/p>\n<p><!--more--><\/p>\n<p><a href=\"http:\/\/rusoch.fr\/files\/2015\/05\/Victory2.jpg\"><img loading=\"lazy\" class=\"alignnone size-medium wp-image-23507\" alt=\"Victory2\" src=\"http:\/\/rusoch.fr\/files\/2015\/05\/Victory2-533x400.jpg\" width=\"533\" height=\"400\" srcset=\"https:\/\/rusoch.fr\/files\/2015\/05\/Victory2-533x400.jpg 533w, https:\/\/rusoch.fr\/files\/2015\/05\/Victory2-600x450.jpg 600w, https:\/\/rusoch.fr\/files\/2015\/05\/Victory2.jpg 640w\" sizes=\"(max-width: 533px) 100vw, 533px\" \/><\/a><\/p>\n<div class=\"hidden_text\"><b>\u0421\u0431\u043e\u0440 \u0432 13.30 \u043d\u0430 \u043f\u043b\u043e\u0449\u0430\u0434\u0438 \u0411\u0430\u0441\u0442\u0438\u043b\u0438\u0438<\/b> (\u0443 \u041e\u043f\u0435\u0440\u044b \u0411\u0430\u0441\u0442\u0438\u043b\u0438\u0438). \u041f\u043e\u0441\u043b\u0435 \u043c\u0438\u0442\u0438\u043d\u0433\u0430 \u043c\u044b \u043e\u0442\u043f\u0440\u0430\u0432\u0438\u043c\u0441\u044f \u0432 15.00 \u043f\u043e \u043c\u0430\u0440\u0448\u0440\u0443\u0442\u0443 Bastille&nbsp;&mdash; P\u00e8re Lachaise.<\/p>\n<p>\u0412 16.00 \u043d\u0430 \u043a\u043b\u0430\u0434\u0431\u0438\u0449\u0435 P\u00e8re Lachaise \u043f\u0440\u043e\u0439\u0434\u0435\u0442 \u0432\u043e\u0437\u043b\u043e\u0436\u0435\u043d\u0438\u0435 \u0432\u0435\u043d\u043a\u043e\u0432 \u043a \u043f\u0430\u043c\u044f\u0442\u043d\u0438\u043a\u0443 \u0441\u043e\u0432\u0435\u0442\u0441\u043a\u0438\u043c \u0431\u043e\u0439\u0446\u0430\u043c \u0421\u043e\u043f\u0440\u043e\u0442\u0438\u0432\u043b\u0435\u043d\u0438\u044f. \u0412 \u0430\u043a\u0446\u0438\u0438 \u0431\u0443\u0434\u0443\u0442 \u0443\u0447\u0430\u0441\u0442\u0432\u043e\u0432\u0430\u0442\u044c \u043f\u0440\u0435\u0434\u0441\u0442\u0430\u0432\u0438\u0442\u0435\u043b\u0438 \u0440\u0443\u0441\u0441\u043a\u043e\u044f\u0437\u044b\u0447\u043d\u043e\u0439 \u043e\u0431\u0449\u0438\u043d\u044b \u0424\u0440\u0430\u043d\u0446\u0438\u0438, \u0444\u0440\u0430\u043d\u0446\u0443\u0437\u0441\u043a\u0438\u0445 \u0430\u043d\u0442\u0438\u0444\u0430\u0448\u0438\u0441\u0442\u0441\u043a\u0438\u0445 \u0438 \u0432\u0435\u0442\u0435\u0440\u0430\u043d\u0441\u043a\u0438\u0445 \u043e\u0440\u0433\u0430\u043d\u0438\u0437\u0430\u0446\u0438\u0439.<\/p>\n<p>\u041c\u044b \u0432\u043e\u0437\u044c\u043c\u0435\u043c \u0441 \u0441\u043e\u0431\u043e\u0439 \u0443\u0432\u0435\u043b\u0438\u0447\u0435\u043d\u043d\u044b\u0435 \u0444\u043e\u0442\u043e\u0433\u0440\u0430\u0444\u0438\u0438 \u0432\u043e\u0435\u0432\u0430\u0432\u0448\u0438\u0445 \u0440\u043e\u0434\u0441\u0442\u0432\u0435\u043d\u043d\u0438\u043a\u043e\u0432 \u0438 \u0431\u043b\u0438\u0437\u043a\u0438\u0445, \u043b\u044e\u0434\u0435\u0439, \u043f\u043e\u0433\u0438\u0431\u0448\u0438\u0445 \u043d\u0430 \u0432\u043e\u0439\u043d\u0435 \u0438\u043b\u0438 \u043f\u0435\u0440\u0435\u0436\u0438\u0432\u0448\u0438\u0445 \u0435\u0435. \u0422\u0430\u043a\u0438\u043c \u043e\u0431\u0440\u0430\u0437\u043e\u043c, \u043c\u044b \u043f\u043e\u0434\u0434\u0435\u0440\u0436\u0438\u043c \u0438\u043d\u0438\u0446\u0438\u0430\u0442\u0438\u0432\u0443 \u043d\u0430\u0440\u043e\u0434\u043d\u043e\u0433\u043e \u043c\u0430\u0440\u0448\u0430 &laquo;\u0411\u0435\u0441\u0441\u043c\u0435\u0440\u0442\u043d\u044b\u0439 \u043f\u043e\u043b\u043a&raquo;, \u043a\u043e\u0442\u043e\u0440\u044b\u0439 \u043f\u0440\u043e\u0439\u0434\u0435\u0442 \u0432 \u0441\u0442\u0440\u0430\u043d\u0430\u0445 \u043f\u043e\u0441\u0442\u0441\u043e\u0432\u0435\u0442\u0441\u043a\u043e\u0433\u043e \u043f\u0440\u043e\u0441\u0442\u0440\u0430\u043d\u0441\u0442\u0432\u0430 \u0438 \u0437\u0430 \u0435\u0433\u043e \u043f\u0440\u0435\u0434\u0435\u043b\u0430\u043c\u0438 8-9 \u043c\u0430\u044f.<\/p>\n<p>\u041a\u043e\u043b\u043b\u0435\u043a\u0442\u0438\u0432 &laquo;\u0420\u043e\u0441\u0441\u0438\u044f-\u0424\u0440\u0430\u043d\u0446\u0438\u044f: \u043e\u0431\u0449\u0430\u044f \u043f\u0430\u043c\u044f\u0442\u044c&raquo;,<\/p>\n<p>Association R\u00e9publicaine des Anciens Combattants,<\/p>\n<p>\u0413\u0440\u0430\u0436\u0434\u0430\u043d\u0441\u043a\u0438\u0439 \u043a\u043e\u043b\u043b\u0435\u043a\u0442\u0438\u0432 \u0437\u0430 \u043c\u0438\u0440 \u0432 \u0423\u043a\u0440\u0430\u0438\u043d\u0435<\/p>\n<p><a href=\"https:\/\/dub127.mail.live.com\/mail\/www.frudialogue.wordpress.com\" target=\"_blank\">www.frudialogue.wordpress.com<\/a><br \/>\nt\u00e9l. 06.26.94.65.47 mail\u00a0: <a href=\"mailto:Russie_Ukraine_Dialogue@yahoo.fr\" target=\"_blank\">Russie_Ukraine_Dialogue@yahoo.fr<\/a><\/p>\n<p>Facebook: <a href=\"https:\/\/www.facebook.com\/events\/1584257455185341\/\" target=\"_blank\">https:\/\/www.facebook.com\/events\/1584257455185341\/<\/a><\/p>\n<p>&nbsp;<\/p>\n<p><b>\u0414\u0440\u0443\u0433\u0438\u0435 \u043c\u0435\u043c\u043e\u0440\u0438\u0430\u043b\u044c\u043d\u044b\u0435 \u043c\u0435\u0440\u043e\u043f\u0440\u0438\u044f\u0442\u0438\u044f \u0432 \u041f\u0430\u0440\u0438\u0436\u0435 \u0438 \u043e\u043a\u0440\u0435\u0441\u0442\u043d\u043e\u0441\u0442\u044f\u0445:<\/b><\/p>\n<p>6 \u043c\u0430\u044f 10.30 \/ 6 mai 10.30 \u041c\u0443\u0437\u0435\u0439 \u0430\u0432\u0438\u0430\u0446\u0438\u0438 Le Bourget. \u041f\u0430\u043c\u044f\u0442\u043d\u0430\u044f \u0446\u0435\u0440\u0435\u043c\u043e\u043d\u0438\u044f, \u043f\u043e\u0441\u0432\u044f\u0449\u0435\u043d\u043d\u0430\u044f \u043b\u0435\u0442\u0447\u0438\u043a\u0430\u043c \u044d\u0441\u043a\u0430\u0434\u0440\u0438\u043b\u044c\u0438 \u00ab\u041d\u043e\u0440\u043c\u0430\u043d\u0434\u0438\u044f-\u041d\u0435\u043c\u0430\u043d\u00bb.<\/p>\n<p>8 \u043c\u0430\u044f 11.00 \/ 8 mai 11.00 Sainte-Genevi\u00e8ve-des-Bois (91700), \u0440\u0443\u0441\u0441\u043a\u043e\u0435 \u043a\u043b\u0430\u0434\u0431\u0438\u0449\u0435. \u0412\u043e\u0437\u043b\u043e\u0436\u0435\u043d\u0438\u0435 \u0432\u0435\u043d\u043a\u043e\u0432 \u043d\u0430 \u043c\u043e\u0433\u0438\u043b\u044b \u0440\u0443\u0441\u0441\u043a\u0438\u0445 \u0433\u0435\u0440\u043e\u0435\u0432 \u0444\u0440\u0430\u043d\u0446\u0443\u0437\u0441\u043a\u043e\u0433\u043e \u0421\u043e\u043f\u0440\u043e\u0442\u0438\u0432\u043b\u0435\u043d\u0438\u044f.<\/p>\n<p>8 \u043c\u0430\u044f 19.00 \/ 8 mai 19.00 \u041f\u0440\u0430\u0437\u0434\u043d\u0438\u0447\u043d\u044b\u0439 \u0432\u0435\u0447\u0435\u0440 \u0430\u0441\u0441\u043e\u0446\u0438\u0430\u0446\u0438\u0438 \u00ab\u0413\u043b\u0430\u0433\u043e\u043b\u00bb (\u0432\u0441\u0442\u0440\u0435\u0447\u0430 \u0441 \u0432\u0435\u0442\u0435\u0440\u0430\u043d\u0430\u043c\u0438 \u0432\u043e\u0439\u043d\u044b, \u043a\u043e\u043d\u0446\u0435\u0440\u0442). 37, rue Tournefort \/M. Place Monge, RER Luxembourg\/.<\/p>\n<p>14 \u043c\u0430\u044f : \u0412\u0435\u0447\u0435\u0440 \u00ab\u041f\u043e\u0431\u0435\u0434\u0430. \u041f\u0440\u0430\u0437\u0434\u043d\u0438\u043a \u0441\u043e \u0441\u043b\u0435\u0437\u0430\u043c\u0438 \u043d\u0430 \u0433\u043b\u0430\u0437\u0430\u0445\u00bb. \u0420\u043e\u0441\u0441\u0438\u0439\u0441\u043a\u0438\u0439 \u0446\u0435\u043d\u0442\u0440 \u043d\u0430\u0443\u043a\u0438 \u0438 \u043a\u0443\u043b\u044c\u0442\u0443\u0440\u044b.<\/p>\n<p>\u0412 \u043f\u0440\u043e\u0433\u0440\u0430\u043c\u043c\u0435: 17.00 \u041f\u043e\u043a\u0430\u0437 \u0444\u0438\u043b\u044c\u043c\u0430 \u00ab\u041b\u0435\u0442\u044f\u0442 \u0436\u0443\u0440\u0430\u0432\u043b\u0438\u00bb. 19.00: \u043e\u0442\u043a\u0440\u044b\u0442\u0438\u0435 \u0432\u044b\u0441\u0442\u0430\u0432\u043a\u0438 \u00ab\u0412\u043e\u0439\u043d\u0430 \u043d\u0430 \u0412\u043e\u0441\u0442\u043e\u0447\u043d\u043e\u043c \u0444\u0440\u043e\u043d\u0442\u0435. \u041d\u0435\u0438\u0437\u0432\u0435\u0441\u0442\u043d\u044b\u0435 \u0444\u043e\u0442\u043e\u0433\u0440\u0430\u0444\u0438\u0438\u00bb. \u0414\u043e\u043a\u043b\u0430\u0434\u044b \u0438\u0441\u0442\u043e\u0440\u0438\u043a\u043e\u0432 \u0413.\u0410.\u0428\u0435\u043f\u0435\u043b\u0435\u0432\u0430 (\u041f\u0430\u0440\u0438\u0436) \u00ab\u041d\u043e\u0432\u044b\u0435 \u0444\u043e\u0442\u043e\u0438\u0441\u0442\u043e\u0447\u043d\u0438\u043a\u0438 \u043e \u0412\u0435\u043b\u0438\u043a\u043e\u0439 \u041e\u0442\u0435\u0447\u0435\u0441\u0442\u0432\u0435\u043d\u043d\u043e\u0439 \u0432\u043e\u0439\u043d\u0435\u00bb \u0438 \u0414.\u0412.\u0421\u0442\u0440\u0430\u0442\u0438\u0435\u0432\u0441\u043a\u043e\u0433\u043e (\u0411\u0435\u0440\u043b\u0438\u043d) \u00ab\u0418\u0441\u0442\u043e\u0440\u0438\u0447\u0435\u0441\u043a\u0430\u044f \u043f\u0430\u043c\u044f\u0442\u044c \u043e \u0432\u043e\u0439\u043d\u0435 \u0438 \u043f\u043b\u0435\u043d\u0435 \u0432 \u0441\u0442\u0440\u0430\u043d\u0430\u0445 \u0431\u044b\u0432\u0448\u0435\u0433\u043e \u0421\u0421\u0421\u0420 \u0438 \u0432 \u0413\u0435\u0440\u043c\u0430\u043d\u0438\u0438\u00bb. \u0414\u0438\u0441\u043a\u0443\u0441\u0441\u0438\u044f.<\/p>\n\u0414\u0440\u0443\u0433\u0438\u0435 \u043c\u0435\u043c\u043e\u0440\u0438\u0430\u043b\u044c\u043d\u044b\u0435 \u0441\u043e\u0431\u044b\u0442\u0438\u044f: http:\/\/conseil-russes-france.org\/index.php\/component\/content\/article\/8-articles\/142-70-years-victory-plan.html<\/div>\n<\/p>\n<p><b>Rendez-vous le 8 mai \u00e0 13.30 \u00e0 la Bastille<\/b> (devant l&#39;Op\u00e9ra), apr\u00e8s le meeting, d\u00e9part \u00e0 15.00 vers le P\u00e8re Lachaise. 16.00 : d\u00e9pose des fleurs au monument aux combattants sovi\u00e9tiques de la R\u00e9sistance fran\u00e7aise. Parmi les participants de l&#39;action: repr\u00e9sentants des associations russes et franco-russes, des collectifs antifascistes et des organisations des anciens combattants.<\/p>\n<p>Vous \u00eates les bienvenus!<\/p>\n<p>Collectif Russie-France: m\u00e9moire commune,<\/p>\n<p>Association R\u00e9publicaine des Anciens Combattants,<\/p>\n<p>Collectif citoyen pour la paix en Ukraine<\/p>\n<p><a href=\"https:\/\/dub127.mail.live.com\/mail\/www.frudialogue.wordpress.com\" target=\"_blank\">www.frudialogue.wordpress.com<\/a><\/p>\n<p>mail: <a href=\"mailto:Russie_Ukraine_Dialogue@yahoo.fr\" target=\"_blank\">Russie_Ukraine_Dialogue@yahoo.fr<\/a> t\u00e9l. 06.26.94.65.47<\/p>\n<p>Facebook: <a href=\"https:\/\/www.facebook.com\/events\/1584257455185341\/\" target=\"_blank\">https:\/\/www.facebook.com\/events\/1584257455185341\/<\/a><\/p>\n<p>&nbsp;<\/p>\n<p><b>Autres \u00e9v\u00e9nements comm\u00e9moratifs \u00e0 Paris et aux alentours.<\/b><\/p>\n<p>6 mai 10.30 Le Bourget, mus\u00e9e de l\u2019aviation. C\u00e9r\u00e9monie en m\u00e9moire des pilotes de l\u2019escadrille \u00ab\u00a0Normandie-Ni\u00e9men\u00a0\u00bb.<\/p>\n<p>8 mai 11.00 Sainte-Genevi\u00e8ve-des-Bois (91700). Cimeti\u00e8re russe, d\u00e9pose des fleurs sur les tombes des combattants russes de la R\u00e9sistance fran\u00e7aise.<\/p>\n<p>8 mai 19.00 Soir\u00e9e de l\u2019association \u00ab\u00a0Glagol\u00a0\u00bb\u00a0: rencontre avec des anciens combattants, concert. 37, rue Tournefort \/M.Place Monge, RER Luxembourg\/.<\/p>\n<p>14 mai Soir\u00e9e \u00ab\u00a0Victoire\u00a0: la f\u00eate les larmes aux yeux\u00a0\u00bb au <em>Centre<\/em><i> <\/i>de<i> <\/i><em>Russie<\/em> pour la science et la culture \u00e0 Paris.<\/p>\n<p>17.00\u00a0: film \u00ab\u00a0Quand passent les cigognes\u00a0\u00bb. 19.00\u00a0: ouverture de l\u2019exposition \u00ab\u00a01941&mdash;1945. A l\u2019Est, la guerre. Photographies inconnues\u00a0\u00bb. Pr\u00e9sentations des historiens Gueorgui Chepelev (Paris) \u00ab\u00a0Nouvelles sources photographiques sur la Grande guerre patriotique\u00a0\u00bb et Dimitri Stratievski (Berlin) \u00ab\u00a0Les m\u00e9moires de la guerre en ex-URSS et en Allemagne\u00a0\u00bb. Discussion. 61 Rue Boissi\u00e8re, 75116 Paris t\u00e9l. 01 44 34 79 79<\/p>\n","protected":false},"excerpt":{"rendered":"<p>Mesdames, Messieurs, f\u00eatons les 70 ans de la victoire contre le nazisme\u00a0! Nous voudrions vous inviter le 8 mai 2015\u2026<\/p>\n","protected":false},"author":2,"featured_media":23507,"comment_status":"open","ping_status":"open","sticky":false,"template":"","format":"standard","meta":[],"categories":[7],"tags":[],"aioseo_notices":[],"_links":{"self":[{"href":"https:\/\/rusoch.fr\/fr\/wp-json\/wp\/v2\/posts\/23506"}],"collection":[{"href":"https:\/\/rusoch.fr\/fr\/wp-json\/wp\/v2\/posts"}],"about":[{"href":"https:\/\/rusoch.fr\/fr\/wp-json\/wp\/v2\/types\/post"}],"author":[{"embeddable":true,"href":"https:\/\/rusoch.fr\/fr\/wp-json\/wp\/v2\/users\/2"}],"replies":[{"embeddable":true,"href":"https:\/\/rusoch.fr\/fr\/wp-json\/wp\/v2\/comments?post=23506"}],"version-history":[{"count":0,"href":"https:\/\/rusoch.fr\/fr\/wp-json\/wp\/v2\/posts\/23506\/revisions"}],"wp:featuredmedia":[{"embeddable":true,"href":"https:\/\/rusoch.fr\/fr\/wp-json\/wp\/v2\/media\/23507"}],"wp:attachment":[{"href":"https:\/\/rusoch.fr\/fr\/wp-json\/wp\/v2\/media?parent=23506"}],"wp:term":[{"taxonomy":"category","embeddable":true,"href":"https:\/\/rusoch.fr\/fr\/wp-json\/wp\/v2\/categories?post=23506"},{"taxonomy":"post_tag","embeddable":true,"href":"https:\/\/rusoch.fr\/fr\/wp-json\/wp\/v2\/tags?post=23506"}],"curies":[{"name":"wp","href":"https:\/\/api.w.org\/{rel}","templated":true}]}}