{"id":24585,"date":"2015-09-04T11:20:48","date_gmt":"2015-09-04T10:20:48","guid":{"rendered":"http:\/\/rusoch.fr\/?p=24585"},"modified":"2015-09-11T11:37:41","modified_gmt":"2015-09-11T10:37:41","slug":"beslan-franciya-ne-zabyla-beslan-la-france-noublie-pas","status":"publish","type":"post","link":"https:\/\/rusoch.fr\/fr\/tour\/beslan-franciya-ne-zabyla-beslan-la-france-noublie-pas.html","title":{"rendered":" Beslan, la France n\u2019oublie pas"},"content":{"rendered":"\n<div class=\"hidden_text\">\u0412 \u041f\u0430\u0440\u0438\u0436\u0435 \u0432\u0441\u043f\u043e\u043c\u043d\u0438\u043b\u0438 \u0434\u0435\u043d\u044c \u043f\u0435\u0440\u0432\u043e\u0433\u043e \u0441\u0435\u043d\u0442\u044f\u0431\u0440\u044f 2004 \u0433\u043e\u0434\u0430.<\/div>\n<p>La France a comm\u00e9mor\u00e9 l\u2019anniversaire de l\u2019attentat du 1 septembre 2004.<\/p>\n<p><div id=\"attachment_24586\" style=\"width: 610px\" class=\"wp-caption alignnone\"><a href=\"http:\/\/rusoch.fr\/files\/2015\/09\/IMG_9696.jpg\"><img aria-describedby=\"caption-attachment-24586\" loading=\"lazy\" class=\"wp-image-24586 size-large\" src=\"http:\/\/rusoch.fr\/files\/2015\/09\/IMG_9696-600x395.jpg\" alt=\"\" width=\"600\" height=\"395\" \/><\/a><p id=\"caption-attachment-24586\" class=\"wp-caption-text\">\u041f\u0430\u043d\u0438\u0445\u0438\u0434\u0430 \u043f\u043e \u043f\u043e\u0433\u0438\u0431\u0448\u0438\u043c | L&#39;office des morts Photo: Boris Guessel<\/p><\/div><\/p>\n<p><!--more--><\/p>\n<div class=\"hidden_text\">\u0422\u043e\u0433\u0434\u0430 \u0442\u0435\u0440\u0440\u043e\u0440\u0438\u0441\u0442\u044b \u0432\u0437\u044f\u043b\u0438 \u0432 \u0437\u0430\u043b\u043e\u0436\u043d\u0438\u043a\u0438 1125 \u0434\u0435\u0442\u0435\u0439 \u0448\u043a\u043e\u043b\u044b \u0433. \u0411\u0435\u0441\u043b\u0430\u043d\u0430 \u0432 \u0421\u0435\u0432\u0435\u0440\u043d\u043e\u0439 \u041e\u0441\u0435\u0442\u0438\u0438.<br \/>\n\u0412\u0447\u0435\u0440\u0430, 3 \u0441\u0435\u043d\u0442\u044f\u0431\u0440\u044f \u0432 \u043f\u0440\u0430\u0432\u043e\u0441\u043b\u0430\u0432\u043d\u043e\u043c \u0445\u0440\u0430\u043c\u0435 \u0422\u0440\u0435\u0445 \u0421\u0432\u044f\u0442\u0438\u0442\u0435\u043b\u0435\u0439, \u0447\u0442\u043e \u0441\u0442\u043e\u0438\u0442 \u043d\u0430 \u043f\u0430\u0440\u0438\u0436\u0441\u043a\u043e\u0439 \u0443\u043b.\u041f\u0435\u0442\u0435\u043b\u044c \u043e\u0442\u0441\u043b\u0443\u0436\u0438\u043b\u0438 \u043f\u0430\u043d\u0438\u0445\u0438\u0434\u0443 \u043f\u043e \u043d\u0435\u0432\u0438\u043d\u043d\u044b\u043c \u0436\u0435\u0440\u0442\u0432\u0430\u043c, \u043f\u043e\u0433\u0438\u0431\u0448\u0438\u043c \u043e\u0442 \u0440\u0443\u043a \u043d\u0435\u043b\u044e\u0434\u0435\u0439.<\/div>\n<p>La France a comm\u00e9mor\u00e9 \u00e0 nouveau l\u2019anniversaire de l\u2019attentat des terroristes islamistes, ciblant les 1125 enfants des \u00e9coles de Beslan, Oss\u00e9tie du Nord F\u00e9d\u00e9ration de Russie, le 1 septembre 2004.<\/p>\n<p>Un hommage a \u00e9t\u00e9 rendu aux innocentes victimes de ce drame, lors d\u2019un office religieux, jeudi 3 septembre 2015 dans la cath\u00e9drale orthodoxe des Trois-Saints-Docteurs, 5 rue P\u00e9tel, 15e arrondissement de Paris.<\/p>\n<p><div id=\"attachment_24589\" style=\"width: 610px\" class=\"wp-caption alignnone\"><a href=\"http:\/\/rusoch.fr\/files\/2015\/09\/IMG_9710.jpg\"><img aria-describedby=\"caption-attachment-24589\" loading=\"lazy\" class=\"wp-image-24589 size-large\" src=\"http:\/\/rusoch.fr\/files\/2015\/09\/IMG_9710-600x400.jpg\" alt=\"\" width=\"600\" height=\"400\" srcset=\"https:\/\/rusoch.fr\/files\/2015\/09\/IMG_9710-600x399.jpg 600w, https:\/\/rusoch.fr\/files\/2015\/09\/IMG_9710.jpg 1181w\" sizes=\"(max-width: 600px) 100vw, 600px\" \/><\/a><p id=\"caption-attachment-24589\" class=\"wp-caption-text\">\u0422\u0435\u043c \u0432\u0440\u0435\u043c\u0435\u043d\u0435\u043c \u043f\u0435\u0440\u0435\u0434 \u0445\u0440\u0430\u043c\u043e\u043c | Entre temps devant l&#39;\u00e9glise Photo: Boris Guessel<\/p><\/div><\/p>\n<div class=\"hidden_text\">\u0424\u0440\u0430\u043d\u0446\u0438\u044f \u043f\u0435\u0440\u0435\u0436\u0438\u043b\u0430 \u0432 \u044d\u0442\u043e\u043c \u0433\u043e\u0434\u0443 \u0432\u043e\u043b\u043d\u0443 \u0442\u0435\u0440\u0440\u043e\u0440\u0438\u0441\u0442\u0438\u0447\u0435\u0441\u043a\u0438\u0445 \u0430\u0442\u0430\u043a. \u041f\u0430\u043c\u044f\u0442\u044c \u043e \u0441\u0430\u043c\u043e\u043c \u0441\u0442\u0440\u0430\u0448\u043d\u043e\u043c \u0442\u0435\u0440\u0430\u043a\u0442\u0435 XXI \u0432\u0435\u043a\u0430 \u043a\u0430\u043a \u043d\u0438\u043a\u043e\u0433\u0434\u0430 \u0430\u043a\u0442\u0443\u0430\u043b\u044c\u043d\u0430 \u0438 \u043f\u0440\u0438\u043e\u0431\u0440\u0435\u0442\u0430\u0435\u0442 \u0441\u0435\u0433\u043e\u0434\u043d\u044f \u043e\u0441\u043e\u0431\u043e\u0435 \u0437\u043d\u0430\u0447\u0435\u043d\u0438\u0435.<br \/>\n\u041f\u043e\u0434\u0440\u043e\u0431\u043d\u0435\u0435: www.solidarite-enfantsdebeslan.org<\/div>\n<p>Alors que la France connait \u00e0 son tour une vague de terrorisme islamique,<br \/>\nCette comm\u00e9moration de l\u2019attentat le plus cruel du d\u00e9but de ce si\u00e8cle, rev\u00eat une actualit\u00e9 et une signification particuli\u00e8res.<\/p>\n<p>Toute l&#39;information: www.solidarite-enfantsdebeslan.org<\/p>\n<p>&nbsp;<\/p>\n","protected":false},"excerpt":{"rendered":"<p>La France a comm\u00e9mor\u00e9 l\u2019anniversaire de l\u2019attentat du 1 septembre 2004. [caption id=\"attachment_24586\" align=\"alignnone\" width=\"600\"] \u041f\u0430\u043d\u0438\u0445\u0438\u0434\u0430 \u043f\u043e \u043f\u043e\u0433\u0438\u0431\u0448\u0438\u043c | L&#39;office\u2026<\/p>\n","protected":false},"author":2,"featured_media":24589,"comment_status":"open","ping_status":"open","sticky":false,"template":"","format":"standard","meta":[],"categories":[7],"tags":[],"aioseo_notices":[],"_links":{"self":[{"href":"https:\/\/rusoch.fr\/fr\/wp-json\/wp\/v2\/posts\/24585"}],"collection":[{"href":"https:\/\/rusoch.fr\/fr\/wp-json\/wp\/v2\/posts"}],"about":[{"href":"https:\/\/rusoch.fr\/fr\/wp-json\/wp\/v2\/types\/post"}],"author":[{"embeddable":true,"href":"https:\/\/rusoch.fr\/fr\/wp-json\/wp\/v2\/users\/2"}],"replies":[{"embeddable":true,"href":"https:\/\/rusoch.fr\/fr\/wp-json\/wp\/v2\/comments?post=24585"}],"version-history":[{"count":0,"href":"https:\/\/rusoch.fr\/fr\/wp-json\/wp\/v2\/posts\/24585\/revisions"}],"wp:featuredmedia":[{"embeddable":true,"href":"https:\/\/rusoch.fr\/fr\/wp-json\/wp\/v2\/media\/24589"}],"wp:attachment":[{"href":"https:\/\/rusoch.fr\/fr\/wp-json\/wp\/v2\/media?parent=24585"}],"wp:term":[{"taxonomy":"category","embeddable":true,"href":"https:\/\/rusoch.fr\/fr\/wp-json\/wp\/v2\/categories?post=24585"},{"taxonomy":"post_tag","embeddable":true,"href":"https:\/\/rusoch.fr\/fr\/wp-json\/wp\/v2\/tags?post=24585"}],"curies":[{"name":"wp","href":"https:\/\/api.w.org\/{rel}","templated":true}]}}