{"id":24628,"date":"2015-09-05T08:43:31","date_gmt":"2015-09-05T07:43:31","guid":{"rendered":"http:\/\/rusoch.fr\/?p=24628"},"modified":"2015-09-11T11:40:56","modified_gmt":"2015-09-11T10:40:56","slug":"panixida-po-beslanu-na-svyato-sergievskom-podvore-v-parizhe-a-la-paroisse-saint-serge-a-paris-vont-prier-pour-les-defunts-de-beslan","status":"publish","type":"post","link":"https:\/\/rusoch.fr\/fr\/events\/panixida-po-beslanu-na-svyato-sergievskom-podvore-v-parizhe-a-la-paroisse-saint-serge-a-paris-vont-prier-pour-les-defunts-de-beslan.html","title":{"rendered":"A la paroisse Saint-Serge \u00e0 Paris vont prier pour les d\u00e9funts de Beslan"},"content":{"rendered":"\n<div class=\"hidden_text\">\u041a 11-\u0439 \u0433\u043e\u0434\u043e\u0432\u0449\u0438\u043d\u0435 \u0442\u0435\u0440\u0430\u043a\u0442\u0430 \u0432 \u0411\u0435\u0441\u043b\u0430\u043d\u0435.<br \/>\n\u041f\u0430\u043d\u0438\u0445\u0438\u0434\u0430 \u043f\u043e \u0443\u0431\u0438\u0435\u043d\u043d\u044b\u043c \u043d\u0430 \u0444\u0440\u0430\u043d\u0446\u0443\u0437\u0441\u043a\u043e\u043c \u0438 \u0441\u0442\u0430\u0440\u043e\u0441\u043b\u0430\u0432\u044f\u043d\u0441\u043a\u043e\u043c \u044f\u0437\u044b\u043a\u0430\u0445 \u043f\u0440\u043e\u0439\u0434\u0435\u0442 \u043d\u0430 <a href=\"http:\/\/rusoch.fr\/lang\/ru\/rus\/prazdnovanie-700-letiya-so-dnya-rozhdeniya-sergiya-radonezhskogo.html\">\u0421\u0435\u0440\u0433\u0438\u0435\u0432\u043e\u043c \u043f\u043e\u0434\u0432\u043e\u0440\u044c\u0435 <\/a>\u0432 \u041f\u0430\u0440\u0438\u0436\u0435.<\/div>\n<p>Office des d\u00e9funts \u00e0 la paroisse <a href=\"http:\/\/rusoch.fr\/lang\/fr\/rus\/prazdnovanie-700-letiya-so-dnya-rozhdeniya-sergiya-radonezhskogo.html\">Saint-Serge <\/a>\u00e0 Paris<!--more--><\/p>\n<p><a href=\"http:\/\/rusoch.fr\/files\/2015\/09\/Beslan.jpg\"><img loading=\"lazy\" class=\"alignnone size-large wp-image-24629\" src=\"http:\/\/rusoch.fr\/files\/2015\/09\/Beslan-412x400.jpg\" alt=\"Beslan\" width=\"412\" height=\"400\" \/><\/a><\/p>\n<p>&nbsp;<\/p>\n<p>&nbsp;<\/p>\n","protected":false},"excerpt":{"rendered":"<p>Office des d\u00e9funts \u00e0 la paroisse Saint-Serge \u00e0 Paris<\/p>\n","protected":false},"author":2,"featured_media":24629,"comment_status":"open","ping_status":"open","sticky":false,"template":"","format":"standard","meta":[],"categories":[6],"tags":[],"aioseo_notices":[],"_links":{"self":[{"href":"https:\/\/rusoch.fr\/fr\/wp-json\/wp\/v2\/posts\/24628"}],"collection":[{"href":"https:\/\/rusoch.fr\/fr\/wp-json\/wp\/v2\/posts"}],"about":[{"href":"https:\/\/rusoch.fr\/fr\/wp-json\/wp\/v2\/types\/post"}],"author":[{"embeddable":true,"href":"https:\/\/rusoch.fr\/fr\/wp-json\/wp\/v2\/users\/2"}],"replies":[{"embeddable":true,"href":"https:\/\/rusoch.fr\/fr\/wp-json\/wp\/v2\/comments?post=24628"}],"version-history":[{"count":0,"href":"https:\/\/rusoch.fr\/fr\/wp-json\/wp\/v2\/posts\/24628\/revisions"}],"wp:featuredmedia":[{"embeddable":true,"href":"https:\/\/rusoch.fr\/fr\/wp-json\/wp\/v2\/media\/24629"}],"wp:attachment":[{"href":"https:\/\/rusoch.fr\/fr\/wp-json\/wp\/v2\/media?parent=24628"}],"wp:term":[{"taxonomy":"category","embeddable":true,"href":"https:\/\/rusoch.fr\/fr\/wp-json\/wp\/v2\/categories?post=24628"},{"taxonomy":"post_tag","embeddable":true,"href":"https:\/\/rusoch.fr\/fr\/wp-json\/wp\/v2\/tags?post=24628"}],"curies":[{"name":"wp","href":"https:\/\/api.w.org\/{rel}","templated":true}]}}