{"id":16205,"date":"2013-12-04T14:24:45","date_gmt":"2013-12-04T13:24:45","guid":{"rendered":"http:\/\/rusoch.fr\/?p=16205"},"modified":"2013-12-23T15:23:53","modified_gmt":"2013-12-23T14:23:53","slug":"action-de-grace-pour-le-commencement-des-travaux-de-la-construction-de-l-eglise-orthodoxe-russe-a-strasbourg","status":"publish","type":"post","link":"https:\/\/rusoch.fr\/ru\/news\/action-de-grace-pour-le-commencement-des-travaux-de-la-construction-de-l-eglise-orthodoxe-russe-a-strasbourg.html","title":{"rendered":"Action de gr\u00e2ce pour le commencement  des travaux  de la construction de l\u2019\u00e9glise orthodoxe russe \u00e0 Strasbourg"},"content":{"rendered":"<p><br class=\"spacer_\" \/><\/p>\n<p class=\"MsoNormal\" style=\"mso-margin-top-alt: auto; mso-margin-bottom-alt: auto; text-align: justify; text-indent: 45.0pt;\"><span style=\"font-family: Arial;\">La Paroisse<\/span><span style=\"font-family: Arial;\"> orthodoxe russe de <strong>Tous les Saints \u00e0 Strasbourg<\/strong> convie chaleureusement toux ceux qui le souhaitent \u00e0 l\u2019action de gr\u00e2ce pour c\u00e9l\u00e9brer le d\u00e9but des travaux de la construction\u00a0 de l\u2019\u00e9glise de Tous les Saints et de la maison paroissiale et assister \u00e0 la b\u00e9n\u00e9diction du Calvaire en marbre qui deviendra le Sanctuaire de la Paroisse devant lequel une pri\u00e8re commune sera faite\u00a0 pour l\u2019aide de Dieu.<\/span><\/p>\n<p class=\"MsoNormal\" style=\"mso-margin-top-alt: auto; mso-margin-bottom-alt: auto; text-align: justify; text-indent: 45.0pt;\"><span style=\"font-family: Arial;\"><br \/>\n <\/span><\/p>\n<p class=\"MsoNormal\" style=\"mso-margin-top-alt: auto; mso-margin-bottom-alt: auto; text-align: justify; text-indent: 45.0pt;\"><span style=\"font-family: Arial;\"><!--more--><\/span><\/p>\n<p class=\"MsoNormal\" style=\"mso-margin-top-alt: auto; mso-margin-bottom-alt: auto; text-align: justify; text-indent: 45.0pt;\"><a href=\"http:\/\/rusoch.fr\/files\/2013\/12\/strasbourg.jpg\"><img class=\"shutterset\" title=\"strasbourg\" src=\"http:\/\/rusoch.fr\/files\/2013\/12\/strasbourg.jpg\" alt=\"strasbourg\" \/><\/a><\/p>\n<p class=\"MsoNormal\" style=\"mso-margin-top-alt: auto; mso-margin-bottom-alt: auto; text-align: justify; text-indent: 45.0pt;\">\u00a0<\/p>\n<p class=\"MsoNormal\" style=\"mso-margin-top-alt: auto; mso-margin-bottom-alt: auto; text-align: justify; text-indent: 45.0pt;\"><span style=\"font-family: Arial;\">La c\u00e9r\u00e9monie aura lieu le Samedi 7 d\u00e9cembre 2013 \u00e0 14h sur le terrain mis \u00e0 la disposition de la Paroisse par la Ville de Strasbourg. Il est situ\u00e9 rue Boussingault, au bord du Canal de la Marne au Rhin,\u00a0 dans le quartier du Conseil des Quinze.<\/span><\/p>\n<p class=\"MsoNormal\" style=\"mso-margin-top-alt: auto; mso-margin-bottom-alt: auto; text-align: justify; text-indent: 45.0pt;\"><span style=\"font-family: Arial;\"> <\/span><\/p>\n<p class=\"MsoNormal\" style=\"mso-margin-top-alt: auto; mso-margin-bottom-alt: auto; text-align: justify; text-indent: 45.0pt;\"><span style=\"text-decoration: underline;\"><span style=\"font-family: Arial;\">D\u00e9roulement :<\/span><\/span><\/p>\n<p class=\"MsoNormal\" style=\"mso-margin-top-alt: auto; mso-margin-bottom-alt: auto; text-align: justify; text-indent: 45.0pt;\"><span style=\"font-family: Arial;\">14h\u00a0\u00a0\u00a0\u00a0\u00a0\u00a0\u00a0\u00a0\u00a0\u00a0\u00a0\u00a0&nbsp;&mdash; Action de gr\u00e2ce<\/span><\/p>\n<p class=\"MsoNormal\" style=\"mso-margin-top-alt: auto; mso-margin-bottom-alt: auto; text-align: justify; text-indent: 45.0pt;\"><span style=\"font-family: Arial;\">14h30\u00a0\u00a0\u00a0\u00a0\u00a0\u00a0\u00a0\u00a0&nbsp;&mdash; B\u00e9n\u00e9diction du Calvaire <\/span><\/p>\n<p class=\"MsoNormal\" style=\"mso-margin-top-alt: auto; mso-margin-bottom-alt: auto; text-align: justify; text-indent: 45.0pt;\"><span style=\"font-family: Arial;\">14h40 \u00a0\u00a0\u00a0\u00a0\u00a0\u00a0\u00a0&nbsp;&mdash; Allocutions des invit\u00e9s d&#39;honneur<\/span><\/p>\n<p class=\"MsoNormal\" style=\"mso-margin-top-alt: auto; mso-margin-bottom-alt: auto; text-align: justify; text-indent: 45.0pt;\"><span style=\"font-family: Arial;\"> <\/span><\/p>\n<p class=\"MsoNormal\" style=\"mso-margin-top-alt: auto; mso-margin-bottom-alt: auto; text-align: justify; text-indent: 45.0pt;\"><span style=\"font-family: Arial;\">La c\u00e9r\u00e9monie sera un moment important pour les croyants orthodoxes de Strasbourg qui attendent depuis longtemps l\u2019inauguration des travaux. En effet, durant plusieurs ann\u00e9es, un travail ardu a \u00e9t\u00e9 accompli au pr\u00e9alable pour obtenir la d\u00e9livrance des documents administratifs n\u00e9cessaires, ainsi que pour la r\u00e9alisation des plans architecturaux et des m\u00e9canismes juridiques. <\/span><\/p>\n<p class=\"MsoNormal\" style=\"mso-margin-top-alt: auto; mso-margin-bottom-alt: auto; text-align: justify; text-indent: 45.0pt;\"><span style=\"font-family: Arial;\">Par ailleurs, <strong>la paroisse de Tous les Saints<\/strong> continue en parall\u00e8le sa recherche de financement qui provient de sources priv\u00e9es afin de poursuivre les travaux. Des efforts consid\u00e9rables sont encore \u00e0 r\u00e9aliser pour rassembler la somme n\u00e9cessaire et les dons sont indispensables. <\/span><\/p>\n<p class=\"MsoNormal\" style=\"mso-margin-top-alt: auto; mso-margin-bottom-alt: auto; text-align: justify; text-indent: 45.0pt;\"><span style=\"font-family: Arial;\"><br \/>\n <\/span><\/p>\n<address> <span style=\"font-size: 12.0pt; font-family: Arial; mso-fareast-font-family: &quot;Times New Roman&quot;; mso-ansi-language: FR; mso-fareast-language: FR; mso-bidi-language: AR-SA;\">Ceux qui souhaitent aider la construction de l\u2019\u00e9glise peuvent prendre connaissance des possibilit\u00e9s sur <a href=\"http:\/\/ruhram.eu\/fr\" target=\"_blank\">http:\/\/ruhram.eu\/fr<\/a><\/span><\/address>\n<address><span style=\"font-size: 12.0pt; font-family: Arial; mso-fareast-font-family: &quot;Times New Roman&quot;; mso-ansi-language: FR; mso-fareast-language: FR; mso-bidi-language: AR-SA;\" lang=\"fr\"><br \/>\n <\/span><\/address>\n<p><br class=\"spacer_\" \/><\/p>\n","protected":false},"excerpt":{"rendered":"<p>La Paroisse orthodoxe russe de Tous les Saints \u00e0 Strasbourg convie chaleureusement toux ceux qui le souhaitent \u00e0 l\u2019action de&hellip;<\/p>\n","protected":false},"author":2,"featured_media":0,"comment_status":"open","ping_status":"open","sticky":false,"template":"","format":"standard","meta":[],"categories":[1],"tags":[],"aioseo_notices":[],"_links":{"self":[{"href":"https:\/\/rusoch.fr\/ru\/wp-json\/wp\/v2\/posts\/16205"}],"collection":[{"href":"https:\/\/rusoch.fr\/ru\/wp-json\/wp\/v2\/posts"}],"about":[{"href":"https:\/\/rusoch.fr\/ru\/wp-json\/wp\/v2\/types\/post"}],"author":[{"embeddable":true,"href":"https:\/\/rusoch.fr\/ru\/wp-json\/wp\/v2\/users\/2"}],"replies":[{"embeddable":true,"href":"https:\/\/rusoch.fr\/ru\/wp-json\/wp\/v2\/comments?post=16205"}],"version-history":[{"count":0,"href":"https:\/\/rusoch.fr\/ru\/wp-json\/wp\/v2\/posts\/16205\/revisions"}],"wp:attachment":[{"href":"https:\/\/rusoch.fr\/ru\/wp-json\/wp\/v2\/media?parent=16205"}],"wp:term":[{"taxonomy":"category","embeddable":true,"href":"https:\/\/rusoch.fr\/ru\/wp-json\/wp\/v2\/categories?post=16205"},{"taxonomy":"post_tag","embeddable":true,"href":"https:\/\/rusoch.fr\/ru\/wp-json\/wp\/v2\/tags?post=16205"}],"curies":[{"name":"wp","href":"https:\/\/api.w.org\/{rel}","templated":true}]}}