{"id":17331,"date":"2014-02-19T09:13:19","date_gmt":"2014-02-19T08:13:19","guid":{"rendered":"http:\/\/rusoch.fr\/?p=17331"},"modified":"2021-03-16T14:11:19","modified_gmt":"2021-03-16T13:11:19","slug":"v-parizhe-umer-xudozhnik-aleksej-begov-peintre-russe-alexey-begov-est-mort-a-paris","status":"publish","type":"post","link":"https:\/\/rusoch.fr\/ru\/news\/v-parizhe-umer-xudozhnik-aleksej-begov-peintre-russe-alexey-begov-est-mort-a-paris.html","title":{"rendered":"\u0412 \u041f\u0430\u0440\u0438\u0436\u0435 \u0443\u043c\u0435\u0440 \u0445\u0443\u0434\u043e\u0436\u043d\u0438\u043a \u0410\u043b\u0435\u043a\u0441\u0435\u0439 \u0411\u0435\u0433\u043e\u0432 "},"content":{"rendered":"<p>Mme Tatiana Begov, son \u00e9pouse<\/p>\n<p>Begov Ivan, son fils<\/p>\n<p>L&#39;ensemble de la famille, tous les proches et alli\u00e9s, ont la profonde douleur de vous faire-part du d\u00e9c\u00e8s de\u00a0:<\/p>\n<p><strong>Monsieur Alexey Begov,<\/strong><\/p>\n<p>Survenu le 16 F\u00e9vrier 2014, \u00e0 Clichy \u00e0 l&#39;\u00e2ge de 62 ans.<\/p>\n<p>La c\u00e9r\u00e9monie religieuse aura lieu le vendredi 21 F\u00e9vrier 2014 \u00e0 13h00, \u00e0 la Cath\u00e9drale Saint-Alexandre-Nevsky, 12, rue Daru 75008 Paris.<\/p>\n<p>L&#39;inhumation aura lieu au cimeti\u00e8re de Sainte-Genevieve-des-Bois.<\/p>\n<p>D&#39;ores et d\u00e9j\u00e0 merci de vos t\u00e9moignages d&#39;affection et de votre soutien.<\/p>\n<div class=\"hidden_text\">Mme Tatiana Begov,<\/div>\n<div class=\"hidden_text\">son \u00e9pouse<\/div>\n<div class=\"hidden_text\">Begov Ivan,<\/div>\n<div class=\"hidden_text\">son fils<\/div>\n<div class=\"hidden_text\">L&#39;ensemble de la famille, tous les proches et alli\u00e9s,<\/div>\n<div class=\"hidden_text\">ont la profonde douleur de vous faire-part du d\u00e9c\u00e8s de\u00a0:<\/div>\n<div class=\"hidden_text\"><strong>Monsieur Alexey Begov,<\/strong><\/div>\n<div class=\"hidden_text\">Survenu le 16 F\u00e9vrier 2014, \u00e0 Clichy \u00e0 l&#39;\u00e2ge de 62 ans.<\/div>\n<div class=\"hidden_text\">La c\u00e9remonie religieuse aura lieu le vendredi 21 F\u00e9vrier 2014 \u00e0 13h00,<\/div>\n<div class=\"hidden_text\">\u00e0 la Cath\u00e9drale Saint-Alexandre-Nevsky, 12, rue Daru 75008 Paris.<\/div>\n<div class=\"hidden_text\">L&#39;inhumation aura lieu au cimeti\u00e8re de Sainte-Genevieve-des-Bois.<\/div>\n<div class=\"hidden_text\">D&#39;ores et d\u00e9j\u00e0 merci de vos t\u00e9moignages d&#39;affection et de votre soutien.<\/div>\n<p><\/p>","protected":false},"excerpt":{"rendered":"<p>Mme Tatiana Begov, son \u00e9pouse Begov Ivan, son fils L&#39;ensemble de la famille, tous les proches et alli\u00e9s, ont la&hellip;<\/p>\n","protected":false},"author":2,"featured_media":0,"comment_status":"open","ping_status":"open","sticky":false,"template":"","format":"standard","meta":[],"categories":[1],"tags":[],"aioseo_notices":[],"_links":{"self":[{"href":"https:\/\/rusoch.fr\/ru\/wp-json\/wp\/v2\/posts\/17331"}],"collection":[{"href":"https:\/\/rusoch.fr\/ru\/wp-json\/wp\/v2\/posts"}],"about":[{"href":"https:\/\/rusoch.fr\/ru\/wp-json\/wp\/v2\/types\/post"}],"author":[{"embeddable":true,"href":"https:\/\/rusoch.fr\/ru\/wp-json\/wp\/v2\/users\/2"}],"replies":[{"embeddable":true,"href":"https:\/\/rusoch.fr\/ru\/wp-json\/wp\/v2\/comments?post=17331"}],"version-history":[{"count":1,"href":"https:\/\/rusoch.fr\/ru\/wp-json\/wp\/v2\/posts\/17331\/revisions"}],"predecessor-version":[{"id":221859,"href":"https:\/\/rusoch.fr\/ru\/wp-json\/wp\/v2\/posts\/17331\/revisions\/221859"}],"wp:attachment":[{"href":"https:\/\/rusoch.fr\/ru\/wp-json\/wp\/v2\/media?parent=17331"}],"wp:term":[{"taxonomy":"category","embeddable":true,"href":"https:\/\/rusoch.fr\/ru\/wp-json\/wp\/v2\/categories?post=17331"},{"taxonomy":"post_tag","embeddable":true,"href":"https:\/\/rusoch.fr\/ru\/wp-json\/wp\/v2\/tags?post=17331"}],"curies":[{"name":"wp","href":"https:\/\/api.w.org\/{rel}","templated":true}]}}