{"id":18336,"date":"2014-04-10T00:55:53","date_gmt":"2014-04-09T23:55:53","guid":{"rendered":"http:\/\/rusoch.fr\/?p=18336"},"modified":"2015-07-06T10:30:16","modified_gmt":"2015-07-06T09:30:16","slug":"rossiya-vo-francii","status":"publish","type":"post","link":"https:\/\/rusoch.fr\/ru\/events\/rossiya-vo-francii.html","title":{"rendered":"\u0420\u043e\u0441\u0441\u0438\u044f \u0432\u043e \u0424\u0440\u0430\u043d\u0446\u0438\u0438 "},"content":{"rendered":"<p>\u0420\u0443\u0441\u0441\u043a\u0438\u0435 \u043d\u0430\u0437\u0432\u0430\u043d\u0438\u044f \u0443\u043b\u0438\u0446\u0430\u043c \u0432\u043e \u0424\u0440\u0430\u043d\u0446\u0438\u0438 \u043d\u0430\u0447\u0430\u043b\u0438 \u043f\u0440\u0438\u0441\u0432\u0430\u0438\u0432\u0430\u0442\u044c \u0435\u0449\u0435 \u0432 XIX \u0432\u0435\u043a\u0435.<\/p>\n<p>\u0412 \u041f\u0430\u0440\u0438\u0436\u0435 \u0431\u043e\u043b\u0435\u0435 50 \u0443\u043b\u0438\u0446, \u0431\u0443\u043b\u044c\u0432\u0430\u0440\u043e\u0432, \u043f\u043b\u043e\u0449\u0430\u0434\u0435\u0439 \u0438 \u043c\u043e\u0441\u0442\u043e\u0432 \u043f\u043e\u043b\u0443\u0447\u0438\u043b\u0438 \u043d\u0430\u0437\u0432\u0430\u043d\u0438\u044f, \u0441\u0432\u044f\u0437\u0430\u043d\u043d\u044b\u0435 \u0441 \u0420\u043e\u0441\u0441\u0438\u0435\u0439.<\/p>\n<p>Rue de Crim\u00e9e (\u041a\u0440\u044b\u043c\u0441\u043a\u0430\u044f \u0443\u043b\u0438\u0446\u0430) \u2013 \u0431\u044b\u043b\u0430 \u043e\u0442\u043a\u0440\u044b\u0442\u0430 \u0435\u0449\u0435 \u0432 1868 \u0433\u043e\u0434\u0443, \u043f\u043e\u043b\u0443\u0447\u0438\u0432 \u043d\u0430\u0437\u0432\u0430\u043d\u0438\u0435 \u043f\u043e\u043b\u0443\u043e\u0441\u0442\u0440\u043e\u0432\u0430 \u041a\u0440\u044b\u043c, \u043f\u043e\u0441\u043b\u0435 \u041a\u0440\u044b\u043c\u0441\u043a\u043e\u0439 \u0432\u043e\u0439\u043d\u044b. \u0415\u0435 \u0434\u043b\u0438\u043d\u0430 \u2013 2540 \u043c\u0435\u0442\u0440\u043e\u0432, \u0448\u0438\u0440\u0438\u043d\u0430 \u2013 12-20 \u043c\u0435\u0442\u0440\u043e\u0432.<\/p>\n<div class=\"hidden_text\">D\u00e8s le XIX\u00e8me si\u00e8cle des noms d&#39;inspiration russe furent attribu\u00e9s aux rues de France.\u00a0 Il s&#39;agit, rien qu&#39;\u00e0 Paris, d&#39;un total de plus de 50 rues, boulevards, places et m\u00eame ponts.<\/div>\n<div class=\"hidden_text\">La Rue de Crim\u00e9e est ainsi nomm\u00e9e en 1868 en m\u00e9moire de la guerre \u00e9ponyme (1853&mdash;1856).<\/div>\n<div class=\"hidden_text\">Longueur : 2540m, Largeur\u00a0:12 \u00e0 20m<\/div>\n<p><!--more--><\/p>\n<p><div id=\"attachment_18337\" style=\"width: 610px\" class=\"wp-caption alignnone\"><a href=\"http:\/\/rusoch.fr\/files\/2014\/04\/001.jpg\"><img aria-describedby=\"caption-attachment-18337\" loading=\"lazy\" class=\"size-large wp-image-18337\" src=\"http:\/\/rusoch.fr\/files\/2014\/04\/001-600x400.jpg\" alt=\"\" width=\"600\" height=\"400\" srcset=\"https:\/\/rusoch.fr\/files\/2014\/04\/001-600x400.jpg 600w, https:\/\/rusoch.fr\/files\/2014\/04\/001.jpg 1000w\" sizes=\"(max-width: 600px) 100vw, 600px\" \/><\/a><p id=\"caption-attachment-18337\" class=\"wp-caption-text\">\u00a9Boris Guessel<\/p><\/div><\/p>\n<p>Avenue de Malakoff \u2013 \u043d\u0430\u0437\u0432\u0430\u043d\u0438\u0435 \u041c\u0430\u043b\u0430\u0445\u043e\u0432 \u043f\u0440\u0438\u0441\u0432\u043e\u0435\u043d\u043e \u0432 1864 \u0433\u043e\u0434\u0443 \u0432 \u0447\u0435\u0441\u0442\u044c \u0432\u0437\u044f\u0442\u0438\u044f \u0444\u0440\u0430\u043d\u0446\u0443\u0437\u0441\u043a\u0438\u043c\u0438 \u0432\u043e\u0439\u0441\u043a\u0430\u043c\u0438 \u0431\u0430\u0441\u0442\u0438\u043e\u043d\u0430 \u043d\u0430 \u041c\u0430\u043b\u0430\u0445\u043e\u0432\u043e\u043c \u043a\u0443\u0440\u0433\u0430\u043d\u0435 \u0432 1855 \u0433\u043e\u0434\u0443, \u043f\u043e\u0441\u043b\u0435 \u0447\u0435\u0433\u043e \u0440\u0443\u0441\u0441\u043a\u0438\u0435 \u0432\u043e\u0439\u0441\u043a\u0430 \u0441\u0434\u0430\u043b\u0438 \u0421\u0435\u0432\u0430\u0441\u0442\u043e\u043f\u043e\u043b\u044c. \u0414\u043b\u0438\u043d\u0430 \u0443\u043b\u0438\u0446\u044b \u2013 410 \u043c\u0435\u0442\u0440\u043e\u0432, \u0448\u0438\u0440\u0438\u043d\u0430 \u2013 23, 5 \u043c.<\/p>\n<div class=\"hidden_text\">L&#39;avenue de Malakoff porte d\u00e8s 1864 le nom d&#39;un bastion pr\u00e8s de S\u00e9bastopol, dont la prise par l&#39;arm\u00e9e fran\u00e7aise en 1855 a permis par la suite celle de la ville elle-m\u00eame.<\/div>\n<div class=\"hidden_text\">Longueur : 410m, Largeur\u00a0: 23,5m.<\/div>\n<p><div id=\"attachment_18338\" style=\"width: 610px\" class=\"wp-caption alignnone\"><a href=\"http:\/\/rusoch.fr\/files\/2014\/04\/002.jpg\"><img aria-describedby=\"caption-attachment-18338\" loading=\"lazy\" class=\"size-large wp-image-18338\" src=\"http:\/\/rusoch.fr\/files\/2014\/04\/002-600x400.jpg\" alt=\"\" width=\"600\" height=\"400\" srcset=\"https:\/\/rusoch.fr\/files\/2014\/04\/002-600x400.jpg 600w, https:\/\/rusoch.fr\/files\/2014\/04\/002.jpg 1000w\" sizes=\"(max-width: 600px) 100vw, 600px\" \/><\/a><p id=\"caption-attachment-18338\" class=\"wp-caption-text\">\u00a9Boris Guessel<\/p><\/div><\/p>\n<p>\u00a0Rue de Traktir (XVI \u043e\u043a\u0440\u0443\u0433) \u043f\u043e\u043b\u0443\u0447\u0438\u043b\u0430 \u043d\u0430\u0437\u0432\u0430\u043d\u0438\u0435 \u0432 \u0447\u0435\u0441\u0442\u044c \u043f\u043e\u0431\u0435\u0434\u044b \u0444\u0440\u0430\u043d\u0446\u0443\u0437\u0441\u043a\u0438\u0445 \u0432\u043e\u0439\u0441\u043a \u043d\u0430\u0434 \u0440\u0443\u0441\u0441\u043a\u0438\u043c\u0438 \u0432\u043e\u0439\u0441\u043a\u0430\u043c\u0438 16 \u0430\u0432\u0433\u0443\u0441\u0442\u0430 1855 \u0433\u043e\u0434\u0430 \u0443 \u043c\u043e\u0441\u0442\u0430 \u0422\u0440\u0430\u043a\u0442\u0438\u0440 \u043d\u0430 \u0440\u0435\u043a\u0435 \u0427\u0435\u0440\u043d\u043e\u0439 \u043f\u043e\u0434 \u0421\u0435\u0432\u0430\u0441\u0442\u043e\u043f\u043e\u043b\u0435\u043c. \u0414\u043b\u0438\u043d\u0430 \u2013 50 \u043c\u0435\u0442\u0440\u043e\u0432, \u0448\u0438\u0440\u0438\u043d\u0430 \u2013 10 \u043c.<\/p>\n<div class=\"hidden_text\">La rue de Traktir ( XVI\u00e8me arrondissement ) fait r\u00e9f\u00e9rence au pont Traktir sur la rivi\u00e8re Tchiorna\u00efa pr\u00e8s de S\u00e9bastopol, o\u00f9 les troupes fran\u00e7aises ont triomph\u00e9 des troupes russes le 16 ao\u00fbt 1855.<\/div>\n<div class=\"hidden_text\">Longueur: 50m, Largeur\u00a0: 10m.<\/div>\n<p><div id=\"attachment_18339\" style=\"width: 610px\" class=\"wp-caption alignnone\"><a href=\"http:\/\/rusoch.fr\/files\/2014\/04\/3.jpg\"><img aria-describedby=\"caption-attachment-18339\" loading=\"lazy\" class=\"size-large wp-image-18339\" src=\"http:\/\/rusoch.fr\/files\/2014\/04\/3-600x400.jpg\" alt=\"\" width=\"600\" height=\"400\" srcset=\"https:\/\/rusoch.fr\/files\/2014\/04\/3-600x400.jpg 600w, https:\/\/rusoch.fr\/files\/2014\/04\/3.jpg 1000w\" sizes=\"(max-width: 600px) 100vw, 600px\" \/><\/a><p id=\"caption-attachment-18339\" class=\"wp-caption-text\">\u00a9Boris Guessel<\/p><\/div><\/p>\n<p>\u00a0Boulevard de S\u00e9bastopol (\u0421\u0435\u0432\u0430\u0441\u0442\u043e\u043f\u043e\u043b\u044c\u0441\u043a\u0438\u0439 \u0431\u0443\u043b\u044c\u0432\u0430\u0440, I, II, III \u0438 IV \u043e\u043a\u0440\u0443\u0433\u0430) \u0431\u044b\u043b \u0442\u043e\u0440\u0436\u0435\u0441\u0442\u0432\u0435\u043d\u043d\u043e \u043e\u0442\u043a\u0440\u044b\u0442 5 \u0430\u043f\u0440\u0435\u043b\u044f 1858 \u0433. \u0438\u043c\u043f\u0435\u0440\u0430\u0442\u043e\u0440\u043e\u043c \u041d\u0430\u043f\u043e\u043b\u0435\u043e\u043d\u043e\u043c III. \u0411\u0443\u043b\u044c\u0432\u0430\u0440 \u0443\u0432\u0435\u043a\u043e\u0432\u0435\u0447\u0438\u043b \u0441\u043e\u0431\u044b\u0442\u0438\u044f \u041a\u0440\u044b\u043c\u0441\u043a\u043e\u0439 \u0432\u043e\u0439\u043d\u044b 1854&mdash;1856 \u0433\u0433. \u0415\u0433\u043e \u0434\u043b\u0438\u043d\u0430&nbsp;&mdash; 1332 \u043c., \u0448\u0438\u0440\u0438\u043d\u0430 \u2013 30 \u043c.<\/p>\n<div class=\"hidden_text\">Le Boulevard de S\u00e9bastopol (Ier, II\u00e8me, III\u00e8me et IV\u00e8me arrondissements) fut solennellement inaugur\u00e9 le 5 avril 1858 par Napol\u00e9on III, en m\u00e9moire de la guerre de Crim\u00e9e (1853&mdash;1856).<\/div>\n<div class=\"hidden_text\">Longueur : 1332m, Largeur\u00a0:30m.<\/div>\n<p><div id=\"attachment_18341\" style=\"width: 610px\" class=\"wp-caption alignnone\"><a href=\"http:\/\/rusoch.fr\/files\/2014\/04\/4.jpg\"><img aria-describedby=\"caption-attachment-18341\" loading=\"lazy\" class=\"size-large wp-image-18341\" src=\"http:\/\/rusoch.fr\/files\/2014\/04\/4-600x400.jpg\" alt=\"\" width=\"600\" height=\"400\" srcset=\"https:\/\/rusoch.fr\/files\/2014\/04\/4-600x400.jpg 600w, https:\/\/rusoch.fr\/files\/2014\/04\/4.jpg 1000w\" sizes=\"(max-width: 600px) 100vw, 600px\" \/><\/a><p id=\"caption-attachment-18341\" class=\"wp-caption-text\">\u00a9Boris Guessel<\/p><\/div><\/p>\n<p>\u00a0Pont de l\u2019Alma (\u041c\u043e\u0441\u0442 \u0410\u043b\u044c\u043c\u0430) \u2013 \u043f\u043e\u0441\u0442\u0440\u043e\u0435\u043d \u0432 1854&mdash;1856 \u0433\u0433., \u0430\u0440\u0445\u0438\u0442\u0435\u043a\u0442\u043e\u0440 \u0413\u0430\u0440\u0438\u044d\u043b\u044c. \u041d\u0430\u0437\u0432\u0430\u043d \u0432 \u0447\u0435\u0441\u0442\u044c \u043f\u043e\u0431\u0435\u0434\u044b \u0430\u043d\u0433\u043b\u043e-\u0444\u0440\u0430\u043d\u0446\u0443\u0437\u0441\u043a\u0438\u0445 \u0432\u043e\u0439\u0441\u043a \u043d\u0430\u0434 \u0440\u0443\u0441\u0441\u043a\u0438\u043c\u0438 \u0432\u043e\u0439\u0441\u043a\u0430\u043c\u0438 \u043d\u0430 \u0440\u0435\u043a\u0435 \u0410\u043b\u044c\u043c\u0430 \u0432 \u041a\u0440\u044b\u043c\u0443 20 \u0441\u0435\u043d\u0442\u044f\u0431\u0440\u044f 1854 \u0433. \u041e\u0442\u043a\u0440\u044b\u0442 2 \u0430\u043f\u0440\u0435\u043b\u044f 1856 \u0433. \u0438\u043c\u043f\u0435\u0440\u0430\u0442\u043e\u0440\u043e\u043c \u041d\u0430\u043f\u043e\u043b\u0435\u043e\u043d\u043e\u043c III. \u0414\u043b\u0438\u043d\u0430 \u043c\u043e\u0441\u0442\u0430 \u2013 153 \u043c\u0435\u0442\u0440\u0430, \u0448\u0438\u0440\u0438\u043d\u0430 \u2013 42 \u043c.<\/p>\n<div class=\"hidden_text\">Le Pont de l&#39;Alma, construit de 1854 \u00e0 1856 sous la direction de l&#39;architecte Gariel, porte le nom du fleuve Alma en Crim\u00e9e o\u00f9 les forces anglo-fran\u00e7aises furent victorieuses face aux forces russes le 20 septembre 1854. Il fut inaugur\u00e9 par Napol\u00e9on III le 2 avril 1856.<\/div>\n<div class=\"hidden_text\">Longueur : 153m, Largeur\u00a0:42m.<\/div>\n<p><div id=\"attachment_18343\" style=\"width: 610px\" class=\"wp-caption alignnone\"><a href=\"http:\/\/rusoch.fr\/files\/2014\/04\/pont-alexandre-3alma-028.jpg\"><img aria-describedby=\"caption-attachment-18343\" loading=\"lazy\" class=\"size-large wp-image-18343\" src=\"http:\/\/rusoch.fr\/files\/2014\/04\/pont-alexandre-3alma-028-600x400.jpg\" alt=\"\" width=\"600\" height=\"400\" srcset=\"https:\/\/rusoch.fr\/files\/2014\/04\/pont-alexandre-3alma-028-600x400.jpg 600w, https:\/\/rusoch.fr\/files\/2014\/04\/pont-alexandre-3alma-028.jpg 1073w\" sizes=\"(max-width: 600px) 100vw, 600px\" \/><\/a><p id=\"caption-attachment-18343\" class=\"wp-caption-text\">\u00a9Boris Guessel<\/p><\/div><\/p>\n<p>\u00a0Rue Pierre le Grand (\u0443\u043b\u0438\u0446\u0430 \u041f\u0435\u0442\u0440\u0430 \u0412\u0435\u043b\u0438\u043a\u043e\u0433\u043e) \u043e\u0442\u043a\u0440\u044b\u0442\u0430 \u0432 1880 \u0433\u043e\u0434\u0443. 30 \u0430\u0432\u0433\u0443\u0441\u0442\u0430 1884 \u0433\u043e\u0434\u0430 \u043d\u0430\u0437\u0432\u0430\u043d\u0430 \u0432 \u0447\u0435\u0441\u0442\u044c \u041f\u0435\u0442\u0440\u0430 I, \u043a\u043e\u0442\u043e\u0440\u044b\u0439 7 \u043c\u0430\u044f \u2013 20 \u0438\u044e\u043d\u044f 1717 \u0433. \u043f\u0435\u0440\u0432\u044b\u043c \u0438\u0437 \u0440\u0443\u0441\u0441\u043a\u0438\u0445 \u0446\u0430\u0440\u0435\u0439 \u043f\u043e\u0441\u0435\u0442\u0438\u043b \u0424\u0440\u0430\u043d\u0446\u0438\u044e. \u0414\u043b\u0438\u043d\u0430 \u0443\u043b\u0438\u0446\u044b \u2013 83 \u043c\u0435\u0442\u0440\u0430, \u0448\u0438\u0440\u0438\u043d\u0430 \u2013 12 \u043c.<\/p>\n<div class=\"hidden_text\">La rue Pierre le Grand est ainsi nomm\u00e9e depuis le 30 ao\u00fbt 1884 en l&#39;honneur de Pierre I, qui du 7 mai au 20 juin 1717 fut le premier tsar russe \u00e0 se rendre en France.<\/div>\n<div class=\"hidden_text\">Longueur : 83m, Largeur\u00a0:12m.<\/div>\n<p><div id=\"attachment_18345\" style=\"width: 610px\" class=\"wp-caption alignnone\"><a href=\"http:\/\/rusoch.fr\/files\/2014\/04\/006.jpg\"><img aria-describedby=\"caption-attachment-18345\" loading=\"lazy\" class=\"size-large wp-image-18345\" src=\"http:\/\/rusoch.fr\/files\/2014\/04\/006-600x400.jpg\" alt=\"\" width=\"600\" height=\"400\" srcset=\"https:\/\/rusoch.fr\/files\/2014\/04\/006-600x400.jpg 600w, https:\/\/rusoch.fr\/files\/2014\/04\/006.jpg 1000w\" sizes=\"(max-width: 600px) 100vw, 600px\" \/><\/a><p id=\"caption-attachment-18345\" class=\"wp-caption-text\">\u00a9Boris Guessel<\/p><\/div><\/p>\n<p>\u00a0Rue de la Moscova (\u0443\u043b\u0438\u0446\u0430 \u041c\u043e\u0441\u043a\u0432\u044b-\u0440\u0435\u043a\u0438) \u043d\u0430\u0437\u0432\u0430\u043d\u0430 \u0432 \u0447\u0435\u0441\u0442\u044c \u0441\u0440\u0430\u0436\u0435\u043d\u0438\u044f \u043d\u0430 \u041c\u043e\u0441\u043a\u0432\u0435-\u0440\u0435\u043a\u0435 \u043c\u0435\u0436\u0434\u0443 \u0440\u0443\u0441\u0441\u043a\u043e\u0439 \u0438 \u0444\u0440\u0430\u043d\u0446\u0443\u0437\u0441\u043a\u043e\u0439 \u0430\u0440\u043c\u0438\u044f\u043c\u0438 7 \u0441\u0435\u043d\u0442\u044f\u0431\u0440\u044f 1812 \u0433\u043e\u0434\u0430, \u043f\u043e\u043b\u0443\u0447\u0438\u0432\u0448\u0435\u043c \u0432 \u0420\u043e\u0441\u0441\u0438\u0438 \u043d\u0430\u0437\u0432\u0430\u043d\u0438\u0435 \u00ab\u0411\u043e\u0440\u043e\u0434\u0438\u043d\u0441\u043a\u043e\u0435 \u0441\u0440\u0430\u0436\u0435\u043d\u0438\u0435\u00bb, \u0430 \u0432\u043e \u0424\u0440\u0430\u043d\u0446\u0438\u0438 \u00ab\u0411\u0438\u0442\u0432\u0430 \u043d\u0430 \u041c\u043e\u0441\u043a\u0432\u0435-\u0440\u0435\u043a\u0435\u00bb (Bataille de Moscova).<\/p>\n<div class=\"hidden_text\">La rue de la Moscova porte le nom du fleuve pr\u00e8s duquel s&#39;est d\u00e9roul\u00e9e la bataille entre troupes russes et fran\u00e7aises du 7 septembre 1812. En Russie on l&#39;appelle \u00ab\u00a0la bataille de Borodino\u00a0\u00bb, en France\u00a0:\u00a0 \u00ab\u00a0la bataille de Moscova\u00a0\u00bb.<\/div>\n<div class=\"hidden_text\">Longueur : 143m, Largeur\u00a0:2m.<\/div>\n<p><div id=\"attachment_18346\" style=\"width: 553px\" class=\"wp-caption alignnone\"><a href=\"http:\/\/rusoch.fr\/files\/2014\/04\/007.jpg\"><img aria-describedby=\"caption-attachment-18346\" loading=\"lazy\" class=\" wp-image-18346\" src=\"http:\/\/rusoch.fr\/files\/2014\/04\/007-543x400.jpg\" alt=\"\" width=\"543\" height=\"400\" srcset=\"https:\/\/rusoch.fr\/files\/2014\/04\/007-543x400.jpg 543w, https:\/\/rusoch.fr\/files\/2014\/04\/007.jpg 1000w\" sizes=\"(max-width: 543px) 100vw, 543px\" \/><\/a><p id=\"caption-attachment-18346\" class=\"wp-caption-text\">\u00a9Boris Guessel<\/p><\/div><\/p>\n<p>\u00a0\u041f\u0430\u043c\u044f\u0442\u043d\u0438\u043a \u043c\u0430\u0440\u0448\u0430\u043b\u0443 \u041d\u0435\u044e \u0441\u043a\u0443\u043b\u044c\u043f\u0442\u043e\u0440\u0430 \u0424\u0440\u0430\u043d\u0441\u0443\u0430 \u0420\u044e\u0434\u0430 \u0431\u044b\u043b \u043e\u0442\u043a\u0440\u044b\u0442 7 \u0434\u0435\u043a\u0430\u0431\u0440\u044f 1853 \u0433\u043e\u0434\u0430 \u043d\u0430 \u0430\u0432\u0435\u043d\u044e \u0434\u0435 \u043b&#39;\u041e\u0431\u0441\u0435\u0440\u0432\u0430\u0442\u0443\u0430\u0440. \u041d\u0430 \u043f\u043e\u0441\u0442\u0430\u043c\u0435\u043d\u0442\u0435 \u043d\u0430\u0434\u043f\u0438\u0441\u044c \u00ab\u041f\u0430\u043c\u044f\u0442\u0438 \u043c\u0430\u0440\u0448\u0430\u043b\u0430 \u041d\u0435\u044f, \u0433\u0435\u0440\u0446\u043e\u0433\u0430 \u042d\u043b\u044c\u0445\u0438\u043d\u0433\u0435\u043d\u0441\u043a\u043e\u0433\u043e \u0438 \u043a\u043d\u044f\u0437\u044f \u041c\u043e\u0441\u043a\u0432\u043e\u0440\u0435\u0446\u043a\u043e\u0433\u043e\u00bb.<\/p>\n<div class=\"hidden_text\">La statue du mar\u00e9chal Ney du sculpteur Fran\u00e7ois Rude fut inaugur\u00e9e le 7 d\u00e9cembre 1853 sur l&#39;avenue de l&#39;Observatoire. Sur son socle, on peut lire\u00a0:\u00a0\u00ab\u00a0en m\u00e9moire du mar\u00e9chal Ney, duc d&#39;Elchingen et prince de la Moscowa\u00a0\u00bb.<\/div>\n<p><div id=\"attachment_18348\" style=\"width: 610px\" class=\"wp-caption alignnone\"><a href=\"http:\/\/rusoch.fr\/files\/2014\/04\/008.jpg\"><img aria-describedby=\"caption-attachment-18348\" loading=\"lazy\" class=\" wp-image-18348\" src=\"http:\/\/rusoch.fr\/files\/2014\/04\/008-600x400.jpg\" alt=\"\" width=\"600\" height=\"400\" srcset=\"https:\/\/rusoch.fr\/files\/2014\/04\/008-600x400.jpg 600w, https:\/\/rusoch.fr\/files\/2014\/04\/008.jpg 1000w\" sizes=\"(max-width: 600px) 100vw, 600px\" \/><\/a><p id=\"caption-attachment-18348\" class=\"wp-caption-text\">\u00a9Boris Guessel<\/p><\/div><\/p>\n<p>\u00a0Stalingrad \u2013 \u0441\u0442\u0430\u043d\u0446\u0438\u044f \u043c\u0435\u0442\u0440\u043e \u0438 \u043f\u043b\u043e\u0449\u0430\u0434\u044c \u0421\u0442\u0430\u043b\u0438\u043d\u0433\u0440\u0430\u0434\u0441\u043a\u043e\u0439 \u0431\u0438\u0442\u0432\u044b. \u041d\u0430\u0437\u0432\u0430\u043d\u044b \u0432 \u0447\u0435\u0441\u0442\u044c \u0433. \u0421\u0442\u0430\u043b\u0438\u043d\u0433\u0440\u0430\u0434, \u0433\u0434\u0435 \u0441\u043e\u0432\u0435\u0442\u0441\u043a\u0438\u0435 \u0432\u043e\u0439\u0441\u043a\u0430 \u043e\u0434\u0435\u0440\u0436\u0430\u043b\u0438 \u0440\u0435\u0448\u0430\u044e\u0449\u0443\u044e \u043f\u043e\u0431\u0435\u0434\u0443 \u043d\u0430\u0434 \u043d\u0435\u043c\u0435\u0446\u043a\u043e-\u0444\u0430\u0448\u0438\u0441\u0442\u0441\u043a\u043e\u0439 \u0430\u0440\u043c\u0438\u0435\u0439, \u0441\u0442\u0430\u0432\u0448\u0443\u044e \u043f\u0435\u0440\u0435\u043b\u043e\u043c\u043e\u043c \u0432 \u0412\u0435\u043b\u0438\u043a\u043e\u0439 \u041e\u0442\u0435\u0447\u0435\u0441\u0442\u0432\u0435\u043d\u043d\u043e\u0439 \u0432\u043e\u0439\u043d\u0435. \u041d\u0430\u0437\u0432\u0430\u043d\u0438\u0435 \u043f\u043b\u043e\u0449\u0430\u0434\u044c \u043f\u043e\u043b\u0443\u0447\u0438\u043b\u0430 7 \u0438\u044e\u043b\u044f 1945 \u0433.<\/p>\n<div class=\"hidden_text\">La station de m\u00e9tro Stalingrad et la place de la bataille du m\u00eame nom font r\u00e9f\u00e9rence \u00e0 la ville \u00e9ponyme, o\u00f9 les forces sovi\u00e9tiques ont obtenu une victoire d\u00e9cisive face \u00e0 l&#39;arm\u00e9e germano-fasciste, qui dicta la suite des \u00e9v\u00e9nements de la Seconde Guerre Mondiale.<\/div>\n<div class=\"hidden_text\">La place porte ce nom d\u00e8s le 7 juillet 1945.<\/div>\n<p><div id=\"attachment_18349\" style=\"width: 610px\" class=\"wp-caption alignnone\"><a href=\"http:\/\/rusoch.fr\/files\/2014\/04\/009.jpg\"><img aria-describedby=\"caption-attachment-18349\" loading=\"lazy\" class=\"size-large wp-image-18349\" src=\"http:\/\/rusoch.fr\/files\/2014\/04\/009-600x400.jpg\" alt=\"\" width=\"600\" height=\"400\" srcset=\"https:\/\/rusoch.fr\/files\/2014\/04\/009-600x400.jpg 600w, https:\/\/rusoch.fr\/files\/2014\/04\/009.jpg 1000w\" sizes=\"(max-width: 600px) 100vw, 600px\" \/><\/a><p id=\"caption-attachment-18349\" class=\"wp-caption-text\">\u00a9Boris Guessel<\/p><\/div><\/p>\n<p>\u00a0Place de l\u2019Escadrille Normandie-Niemen \u2013 \u043f\u043b\u043e\u0449\u0430\u0434\u044c \u043d\u0430\u0437\u0432\u0430\u043d\u0430 \u0432 1990 \u0433\u043e\u0434\u0443 \u0432 \u0447\u0435\u0441\u0442\u044c \u044d\u0441\u043a\u0430\u0434\u0440\u0438\u043b\u044c\u0438 \u041d\u043e\u0440\u043c\u0430\u043d\u0434\u0438\u044f-\u041d\u0435\u043c\u0430\u043d, \u0441\u043e\u0437\u0434\u0430\u043d\u043d\u043e\u0439 \u0432 \u0433\u043e\u0434\u044b \u0412\u0442\u043e\u0440\u043e\u0439 \u043c\u0438\u0440\u043e\u0432\u043e\u0439 \u0432\u043e\u0439\u043d\u044b \u043d\u0430 \u0442\u0435\u0440\u0440\u0438\u0442\u043e\u0440\u0438\u0438 \u0421\u0421\u0421\u0420.<\/p>\n<div class=\"hidden_text\">La Place de l\u2019Escadrille Normandie-Niemen, nomm\u00e9e en 1990 en m\u00e9moire de l&#39;escadrille cr\u00e9e lors de la Seconde Guerre Mondiale sur le territoire de l&#39;URSS.<\/div>\n<p><div id=\"attachment_18350\" style=\"width: 610px\" class=\"wp-caption alignnone\"><a href=\"http:\/\/rusoch.fr\/files\/2014\/04\/0010.jpg\"><img aria-describedby=\"caption-attachment-18350\" loading=\"lazy\" class=\" wp-image-18350\" src=\"http:\/\/rusoch.fr\/files\/2014\/04\/0010-600x400.jpg\" alt=\"\" width=\"600\" height=\"400\" srcset=\"https:\/\/rusoch.fr\/files\/2014\/04\/0010-600x400.jpg 600w, https:\/\/rusoch.fr\/files\/2014\/04\/0010.jpg 1000w\" sizes=\"(max-width: 600px) 100vw, 600px\" \/><\/a><p id=\"caption-attachment-18350\" class=\"wp-caption-text\">\u00a9Boris Guessel<\/p><\/div><\/p>\n<p>&nbsp;<\/p>\n","protected":false},"excerpt":{"rendered":"<p>\u0420\u0443\u0441\u0441\u043a\u0438\u0435 \u043d\u0430\u0437\u0432\u0430\u043d\u0438\u044f \u0443\u043b\u0438\u0446\u0430\u043c \u0432\u043e \u0424\u0440\u0430\u043d\u0446\u0438\u0438 \u043d\u0430\u0447\u0430\u043b\u0438 \u043f\u0440\u0438\u0441\u0432\u0430\u0438\u0432\u0430\u0442\u044c \u0435\u0449\u0435 \u0432 XIX \u0432\u0435\u043a\u0435. \u0412 \u041f\u0430\u0440\u0438\u0436\u0435 \u0431\u043e\u043b\u0435\u0435 50 \u0443\u043b\u0438\u0446, \u0431\u0443\u043b\u044c\u0432\u0430\u0440\u043e\u0432, \u043f\u043b\u043e\u0449\u0430\u0434\u0435\u0439 \u0438 \u043c\u043e\u0441\u0442\u043e\u0432&hellip;<\/p>\n","protected":false},"author":2,"featured_media":18350,"comment_status":"open","ping_status":"open","sticky":false,"template":"","format":"standard","meta":[],"categories":[6],"tags":[],"aioseo_notices":[],"_links":{"self":[{"href":"https:\/\/rusoch.fr\/ru\/wp-json\/wp\/v2\/posts\/18336"}],"collection":[{"href":"https:\/\/rusoch.fr\/ru\/wp-json\/wp\/v2\/posts"}],"about":[{"href":"https:\/\/rusoch.fr\/ru\/wp-json\/wp\/v2\/types\/post"}],"author":[{"embeddable":true,"href":"https:\/\/rusoch.fr\/ru\/wp-json\/wp\/v2\/users\/2"}],"replies":[{"embeddable":true,"href":"https:\/\/rusoch.fr\/ru\/wp-json\/wp\/v2\/comments?post=18336"}],"version-history":[{"count":0,"href":"https:\/\/rusoch.fr\/ru\/wp-json\/wp\/v2\/posts\/18336\/revisions"}],"wp:featuredmedia":[{"embeddable":true,"href":"https:\/\/rusoch.fr\/ru\/wp-json\/wp\/v2\/media\/18350"}],"wp:attachment":[{"href":"https:\/\/rusoch.fr\/ru\/wp-json\/wp\/v2\/media?parent=18336"}],"wp:term":[{"taxonomy":"category","embeddable":true,"href":"https:\/\/rusoch.fr\/ru\/wp-json\/wp\/v2\/categories?post=18336"},{"taxonomy":"post_tag","embeddable":true,"href":"https:\/\/rusoch.fr\/ru\/wp-json\/wp\/v2\/tags?post=18336"}],"curies":[{"name":"wp","href":"https:\/\/api.w.org\/{rel}","templated":true}]}}