{"id":19250,"date":"2014-06-23T00:33:55","date_gmt":"2014-06-22T23:33:55","guid":{"rendered":"http:\/\/rusoch.fr\/?p=19250"},"modified":"2020-09-27T19:35:22","modified_gmt":"2020-09-27T18:35:22","slug":"russkie-medona","status":"publish","type":"post","link":"https:\/\/rusoch.fr\/ru\/events\/russkie-medona.html","title":{"rendered":"\u0420\u0443\u0441\u0441\u043a\u0438\u0435 \u041c\u0435\u0434\u043e\u043d\u0430 "},"content":{"rendered":"<p>21 \u0438\u044e\u043d\u044f 2014 \u0433. \u0432 \u0433. \u041c\u0435\u0434\u043e\u043d\u0435 \u043f\u0440\u043e\u0448\u043b\u0438 \u043f\u0440\u0430\u0437\u0434\u043d\u0435\u0441\u0442\u0432\u0430, \u043f\u043e\u0441\u0432\u044f\u0449\u0435\u043d\u043d\u044b\u0435 \u0432\u044b\u0434\u0430\u044e\u0449\u0435\u043c\u0443\u0441\u044f \u0440\u0443\u0441\u0441\u043a\u043e\u043c\u0443 \u043a\u043e\u043c\u043f\u043e\u0437\u0438\u0442\u043e\u0440\u0443 \u0438 \u043f\u0438\u0430\u043d\u0438\u0441\u0442\u0443 \u041d\u0438\u043a\u043e\u043b\u0430\u044e \u041a\u0430\u0440\u043b\u043e\u0432\u0438\u0447\u0443 \u041c\u0435\u0442\u043d\u0435\u0440\u0443.<\/p>\n<div class=\"hidden_text\">Festivit\u00e9s consacr\u00e9es au compositeur et pianiste russe Nicolas Medtner se sont tenu le 21 juin 2014 \u00e0 Meudon<\/div>\n<p><!--more--><\/p>\n<p><a href=\"http:\/\/rusoch.fr\/files\/2014\/06\/03.jpg\"><img loading=\"lazy\" class=\"alignnone size-large wp-image-19251\" src=\"http:\/\/rusoch.fr\/files\/2014\/06\/03-501x400.jpg\" alt=\"03\" width=\"501\" height=\"400\" srcset=\"https:\/\/rusoch.fr\/files\/2014\/06\/03-501x400.jpg 501w, https:\/\/rusoch.fr\/files\/2014\/06\/03.jpg 1181w\" sizes=\"(max-width: 501px) 100vw, 501px\" \/><\/a><\/p>\n<p>\u041d\u0430 \u0434\u043e\u043c\u0435 \u041d.\u041a. \u041c\u0435\u0442\u043d\u0435\u0440\u0430 \u0432 \u041c\u0435\u0434\u043e\u043d\u0435 (20,\u00a0avenue du Chateau) \u0431\u044b\u043b\u0430 \u043e\u0442\u043a\u0440\u044b\u0442\u0430 \u043c\u0435\u043c\u043e\u0440\u0438\u0430\u043b\u044c\u043d\u0430\u044f \u0434\u043e\u0441\u043a\u0430.<\/p>\n<div class=\"hidden_text\">A la demeure de N.Medtner \u00e0 Meudon (20 de l\u2019avenue du Ch\u00e2teau) a \u00e9t\u00e9 inaugur\u00e9 la plaque comm\u00e9morative.<\/div>\n<p><a href=\"http:\/\/rusoch.fr\/files\/2014\/06\/04.jpg\"><img loading=\"lazy\" class=\"alignnone size-large wp-image-19262\" src=\"http:\/\/rusoch.fr\/files\/2014\/06\/04-600x400.jpg\" alt=\"04\" width=\"600\" height=\"400\" srcset=\"https:\/\/rusoch.fr\/files\/2014\/06\/04-600x400.jpg 600w, https:\/\/rusoch.fr\/files\/2014\/06\/04.jpg 1181w\" sizes=\"(max-width: 600px) 100vw, 600px\" \/><\/a><\/p>\n<p>\u041d\u0438\u043a\u043e\u043b\u0430\u0439 \u041a\u0430\u0440\u043b\u043e\u0432\u0438\u0447 \u041c\u0435\u0442\u043d\u0435\u0440 \u0440\u0443\u0441\u0441\u043a\u0438\u0439 \u043a\u043e\u043c\u043f\u043e\u0437\u0438\u0442\u043e\u0440 \u0438 \u043f\u0438\u0430\u043d\u0438\u0441\u0442 \u0440\u043e\u0434\u0438\u043b\u0441\u044f \u0432 \u041c\u043e\u0441\u043a\u0432\u0435 \u0432 1879 \u0433 \u0438 \u0443\u043c\u0435\u0440 \u0432 \u041b\u043e\u043d\u0434\u043e\u043d\u0435 \u0432 1951 \u0433\u043e\u0434\u0443.<\/p>\n<p>\u041d.\u041a. \u041c\u0435\u0442\u043d\u0435\u0440&nbsp;&mdash; \u043e\u0434\u0438\u043d \u0438\u0437 \u043f\u043e\u0441\u043b\u0435\u0434\u043d\u0438\u0445 \u043a\u043e\u043c\u043f\u043e\u0437\u0438\u0442\u043e\u0440\u043e\u0432-\u0440\u043e\u043c\u0430\u043d\u0442\u0438\u043a\u043e\u0432&nbsp;&mdash; \u0437\u0430\u043d\u0438\u043c\u0430\u0435\u0442 \u0432\u0430\u0436\u043d\u0435\u0439\u0448\u0435\u0435 \u043c\u0435\u0441\u0442\u043e \u0432 \u0438\u0441\u0442\u043e\u0440\u0438\u0438 \u0440\u0443\u0441\u0441\u043a\u043e\u0439 \u043c\u0443\u0437\u044b\u043a\u0438, \u043d\u0430\u0440\u044f\u0434\u0443 \u0441 \u0410\u043b\u0435\u043a\u0441\u0430\u043d\u0434\u0440\u043e\u043c \u0421\u043a\u0440\u044f\u0431\u0438\u043d\u044b\u043c, \u0421\u0435\u0440\u0433\u0435\u0435\u043c \u0420\u0430\u0445\u043c\u0430\u043d\u0438\u043d\u043e\u0432\u044b\u043c \u0438 \u0421\u0435\u0440\u0433\u0435\u0435\u043c \u041f\u0440\u043e\u043a\u043e\u0444\u044c\u0435\u0432\u044b\u043c.<\/p>\n<div class=\"hidden_text\">Nicolas K. Medtner,\u00a0n\u00e9 \u00e0 Moscou en\u00a01879\/1880&mdash;1951 (Londres), compositeur, pianiste, p\u00e9dagogue et penseur russe est consid\u00e9r\u00e9 comme l\u2019une des figures principales de la p\u00e9riode de l\u2019Age d\u2019Argent russe, tant par son \u0153uvre que par son h\u00e9ritage philosophique.\u00a0Il peut \u00eatre consid\u00e9r\u00e9 comme le dernier repr\u00e9sentant des grands compositeurs post-romantiques.<\/div>\n<p><a href=\"http:\/\/rusoch.fr\/files\/2014\/06\/05.jpg\"><img loading=\"lazy\" class=\"alignnone size-large wp-image-19252\" src=\"http:\/\/rusoch.fr\/files\/2014\/06\/05-600x400.jpg\" alt=\"05\" width=\"600\" height=\"400\" srcset=\"https:\/\/rusoch.fr\/files\/2014\/06\/05-600x400.jpg 600w, https:\/\/rusoch.fr\/files\/2014\/06\/05.jpg 1181w\" sizes=\"(max-width: 600px) 100vw, 600px\" \/><\/a><\/p>\n<p>\u041d.\u041a.\u041c\u0435\u0442\u043d\u0435\u0440 \u0431\u044b\u043b \u043e\u0434\u043d\u0438\u043c \u0438\u0437 \u0431\u043b\u0438\u0436\u0430\u0439\u0448\u0438\u0445 \u0434\u0440\u0443\u0437\u0435\u0439 \u0440\u0435\u043b\u0438\u0433\u0438\u043e\u0437\u043d\u043e\u0433\u043e \u0444\u0438\u043b\u043e\u0441\u043e\u0444\u0430 \u0418\u0432\u0430\u043d\u0430 \u0418\u043b\u044c\u0438\u043d\u0430 \u0438 \u043a\u043e\u043c\u043f\u043e\u0437\u0438\u0442\u043e\u0440\u0430 \u0421\u0435\u0440\u0433\u0435\u044f \u0420\u0430\u0445\u043c\u0430\u043d\u0438\u043d\u043e\u0432\u0430.<\/p>\n<p>\u041e\u043d \u043f\u043e\u043a\u0438\u043d\u0443\u043b \u0420\u043e\u0441\u0441\u0438\u044e \u0432 1921 \u0433\u043e\u0434\u0443. \u0416\u0438\u043b \u0441\u043d\u0430\u0447\u0430\u043b\u0430 \u0432 \u0413\u0435\u0440\u043c\u0430\u043d\u0438\u0438, \u043f\u043e\u0442\u043e\u043c \u043e\u0434\u0438\u043d\u043d\u0430\u0434\u0446\u0430\u0442\u044c \u043b\u0435\u0442 \u0432\u043e \u0424\u0440\u0430\u043d\u0446\u0438\u0438. \u0421 1933 \u043f\u043e 1935 \u0433\u043e\u0434 \u043f\u0440\u043e\u0436\u0438\u0432\u0430\u043b \u0432 \u041c\u0435\u0434\u043e\u043d\u0435, \u043f\u043e\u0441\u043b\u0435 \u0447\u0435\u0433\u043e \u043f\u0435\u0440\u0435\u0431\u0440\u0430\u043b\u0441\u044f \u0432 \u041b\u043e\u043d\u0434\u043e\u043d \u043d\u0430\u0432\u0441\u0435\u0433\u0434\u0430.<\/p>\n<div class=\"hidden_text\">Ami de S. Rachmaninov et du philosophe religieux Ivan Ilyin, il quitta la Russie en 1921 et s\u00e9journa d\u2019abord bri\u00e8vement en Allemagne, mais a choisi finalement la France, o\u00f9 il a v\u00e9cu 11 ans (de 1933 \u00e0 1935 \u00e0 Meudon, \u00e0 c\u00f4t\u00e9 de son ami intime l\u2019organiste Marcel Dupr\u00e9). En 1935, il d\u00e9m\u00e9nagea en Angleterre o\u00f9 il restera jusqu\u2019\u00e0 sa mort. Il y deviendra membre honorifique de l\u2019Acad\u00e9mie Royale de la Grande Bretagne.<\/div>\n<p><div id=\"attachment_19253\" style=\"width: 610px\" class=\"wp-caption alignnone\"><a href=\"http:\/\/rusoch.fr\/files\/2014\/06\/01.jpg\"><img aria-describedby=\"caption-attachment-19253\" loading=\"lazy\" class=\" wp-image-19253 \" src=\"http:\/\/rusoch.fr\/files\/2014\/06\/01-600x400.jpg\" alt=\"\" width=\"600\" height=\"400\" srcset=\"https:\/\/rusoch.fr\/files\/2014\/06\/01-600x400.jpg 600w, https:\/\/rusoch.fr\/files\/2014\/06\/01.jpg 1181w\" sizes=\"(max-width: 600px) 100vw, 600px\" \/><\/a><p id=\"caption-attachment-19253\" class=\"wp-caption-text\">\u0414\u043e\u043c, \u0433\u0434\u0435 \u0441 1933 \u043f\u043e 1935 \u0433. \u0436\u0438\u043b \u041c\u0435\u0434\u0442\u043d\u0435\u0440 | La maison o\u00f9 v\u00e9cut Medtner<\/p><\/div><\/p>\n<p>\u0412 \u0441\u043e\u0441\u0442\u0430\u0432\u0435 \u0445\u043e\u0440\u0430 \u00ab\u041f\u043e\u043b\u0438\u0435\u043b\u0435\u0439\u00bb \u043f\u0440\u0435\u0434\u0441\u0442\u0430\u0432\u0438\u0442\u0435\u043b\u0438 \u0447\u0435\u0442\u0432\u0435\u0440\u0442\u043e\u0433\u043e \u043f\u043e\u043a\u043e\u043b\u0435\u043d\u0438\u044f \u043f\u0435\u0440\u0432\u043e\u0439 \u0432\u043e\u043b\u043d\u044b \u044d\u043c\u0438\u0433\u0440\u0430\u0446\u0438\u0438 \u0432\u043e \u0424\u0440\u0430\u043d\u0446\u0438\u044e. \u0425\u043e\u0440 \u0438\u0441\u043f\u043e\u043b\u043d\u0438\u043b \u043f\u0440\u043e\u0438\u0437\u0432\u0435\u0434\u0435\u043d\u0438\u044f \u0421.\u0420\u0430\u0445\u043c\u0430\u043d\u0438\u043d\u043e\u0432\u0430,\u00a0 \u0434\u0440\u0443\u0433\u0430 \u041d.\u041a.\u041c\u0435\u0442\u043d\u0435\u0440\u0430.<\/p>\n<div class=\"hidden_text\">La chorale Polyeleos (les participants sont d\u2019origine russe) a interpr\u00e9t\u00e9 des chants de Rachmaninov, grand ami de Medtner.<\/div>\n<p><a href=\"http:\/\/rusoch.fr\/files\/2014\/06\/02.jpg\"><img loading=\"lazy\" class=\"alignnone size-large wp-image-19254\" src=\"http:\/\/rusoch.fr\/files\/2014\/06\/02-600x400.jpg\" alt=\"02\" width=\"600\" height=\"400\" srcset=\"https:\/\/rusoch.fr\/files\/2014\/06\/02-600x400.jpg 600w, https:\/\/rusoch.fr\/files\/2014\/06\/02.jpg 1181w\" sizes=\"(max-width: 600px) 100vw, 600px\" \/><\/a><\/p>\n<p>\u041f\u0435\u0440\u0432\u044b\u0435 \u043c\u0435\u0442\u043d\u0435\u0440\u043e\u0432\u0441\u043a\u0438\u0435 \u043f\u0440\u0430\u0437\u0434\u043d\u0435\u0441\u0442\u0432\u0430 \u0432\u043e \u0424\u0440\u0430\u043d\u0446\u0438\u0438 \u043e\u0440\u0433\u0430\u043d\u0438\u0437\u043e\u0432\u0430\u043d\u044b \u0410\u0441\u0441\u043e\u0446\u0438\u0430\u0446\u0438\u0435\u0439 &laquo;\u0418\u043d\u0442\u0435\u0440-\u0430\u0440\u0442&raquo;, \u043a\u043e\u043c\u043f\u0430\u043d\u0438\u0435\u0439 \u00abInterFrance\u00bb, \u041a\u043e\u043d\u0441\u0435\u0440\u0432\u0430\u0442\u043e\u0440\u0438\u0435\u0439 \u0438\u043c. \u041c\u0430\u0440\u0441\u0435\u043b\u044f \u0414\u044e\u043f\u0440\u044d, \u043c\u0443\u0437\u044b\u043a\u043e\u0432\u0435\u0434\u043e\u043c \u0438 \u043f\u0438\u0430\u043d\u0438\u0441\u0442\u043a\u043e\u0439 \u0410\u043c\u0438\u043d\u0430\u0442\u043e\u0439 \u0410\u043b\u0435\u043d\u0441\u043a\u043e\u0439, \u043f\u0440\u0438 \u043f\u043e\u0434\u0434\u0435\u0440\u0436\u043a\u0435 \u043c\u044d\u0440\u0438\u0438 \u0433. \u041c\u0435\u0434\u043e\u043d\u0430.<\/p>\n<div class=\"hidden_text\">Les festivit\u00e9s en hommage \u00e0 Medtner ont \u00e9t\u00e9 organis\u00e9s par l\u2019association meudonnaise \u00ab\u00a0Inter-Arts\u00a0\u00bb, la pianiste et musicologue russe Aminata Alenska\u00efa, en partenariat avec le Conservatoire de Meudon et avec le soutien de la Ville de Meudon.<\/div>\n<p>&nbsp;<\/p>","protected":false},"excerpt":{"rendered":"<p>21 \u0438\u044e\u043d\u044f 2014 \u0433. \u0432 \u0433. \u041c\u0435\u0434\u043e\u043d\u0435 \u043f\u0440\u043e\u0448\u043b\u0438 \u043f\u0440\u0430\u0437\u0434\u043d\u0435\u0441\u0442\u0432\u0430, \u043f\u043e\u0441\u0432\u044f\u0449\u0435\u043d\u043d\u044b\u0435 \u0432\u044b\u0434\u0430\u044e\u0449\u0435\u043c\u0443\u0441\u044f \u0440\u0443\u0441\u0441\u043a\u043e\u043c\u0443 \u043a\u043e\u043c\u043f\u043e\u0437\u0438\u0442\u043e\u0440\u0443 \u0438 \u043f\u0438\u0430\u043d\u0438\u0441\u0442\u0443 \u041d\u0438\u043a\u043e\u043b\u0430\u044e \u041a\u0430\u0440\u043b\u043e\u0432\u0438\u0447\u0443 \u041c\u0435\u0442\u043d\u0435\u0440\u0443.<\/p>\n","protected":false},"author":2,"featured_media":19262,"comment_status":"open","ping_status":"open","sticky":false,"template":"","format":"standard","meta":[],"categories":[6],"tags":[3329,3330,3331],"aioseo_notices":[],"_links":{"self":[{"href":"https:\/\/rusoch.fr\/ru\/wp-json\/wp\/v2\/posts\/19250"}],"collection":[{"href":"https:\/\/rusoch.fr\/ru\/wp-json\/wp\/v2\/posts"}],"about":[{"href":"https:\/\/rusoch.fr\/ru\/wp-json\/wp\/v2\/types\/post"}],"author":[{"embeddable":true,"href":"https:\/\/rusoch.fr\/ru\/wp-json\/wp\/v2\/users\/2"}],"replies":[{"embeddable":true,"href":"https:\/\/rusoch.fr\/ru\/wp-json\/wp\/v2\/comments?post=19250"}],"version-history":[{"count":1,"href":"https:\/\/rusoch.fr\/ru\/wp-json\/wp\/v2\/posts\/19250\/revisions"}],"predecessor-version":[{"id":220588,"href":"https:\/\/rusoch.fr\/ru\/wp-json\/wp\/v2\/posts\/19250\/revisions\/220588"}],"wp:featuredmedia":[{"embeddable":true,"href":"https:\/\/rusoch.fr\/ru\/wp-json\/wp\/v2\/media\/19262"}],"wp:attachment":[{"href":"https:\/\/rusoch.fr\/ru\/wp-json\/wp\/v2\/media?parent=19250"}],"wp:term":[{"taxonomy":"category","embeddable":true,"href":"https:\/\/rusoch.fr\/ru\/wp-json\/wp\/v2\/categories?post=19250"},{"taxonomy":"post_tag","embeddable":true,"href":"https:\/\/rusoch.fr\/ru\/wp-json\/wp\/v2\/tags?post=19250"}],"curies":[{"name":"wp","href":"https:\/\/api.w.org\/{rel}","templated":true}]}}