{"id":19982,"date":"2014-09-20T10:05:48","date_gmt":"2014-09-20T09:05:48","guid":{"rendered":"http:\/\/rusoch.fr\/?p=19982"},"modified":"2021-02-19T14:31:00","modified_gmt":"2021-02-19T13:31:00","slug":"dni-nashego-naslediya","status":"publish","type":"post","link":"https:\/\/rusoch.fr\/ru\/events\/dni-nashego-naslediya.html","title":{"rendered":"\u0414\u043d\u0438 \u043d\u0430\u0448\u0435\u0433\u043e \u043d\u0430\u0441\u043b\u0435\u0434\u0438\u044f "},"content":{"rendered":"<p>\u0412\u043e \u0424\u0440\u0430\u043d\u0446\u0438\u0438 \u0435\u0436\u0435\u0433\u043e\u0434\u043d\u044b\u0435 <em>\u0414\u043d\u0438 \u043d\u0430\u0446\u0438\u043e\u043d\u0430\u043b\u044c\u043d\u043e\u0433\u043e \u043d\u0430\u0441\u043b\u0435\u0434\u0438\u044f<\/em> \u043f\u0440\u043e\u0445\u043e\u0434\u044f\u0442 \u0432 31 \u0440\u0430\u0437.<\/p>\n<p>\u0412 \u043f\u0440\u0435\u0434\u043f\u043e\u0441\u043b\u0435\u0434\u043d\u0438\u0435 \u0432\u044b\u0445\u043e\u0434\u043d\u044b\u0435 \u0441\u0435\u043d\u0442\u044f\u0431\u0440\u044f \u043e\u0442\u043a\u0440\u044b\u0432\u0430\u044e\u0442\u0441\u044f <a href=\"http:\/\/rusoch.fr\/tour\/dostoyanie-respubliki.html\">\u0434\u0432\u043e\u0440\u0446\u044b \u0438 \u0437\u0430\u043c\u043a\u0438<\/a>, \u043d\u0435\u0434\u043e\u0441\u0442\u0443\u043f\u043d\u044b\u0435 \u0432 \u043e\u0441\u0442\u0430\u043b\u044c\u043d\u043e\u0435 \u0432\u0440\u0435\u043c\u044f \u0433\u043e\u0434\u0430.<\/p>\n<p>\u00ab<em>\u0420\u0443\u0441\u0441\u043a\u0438\u0439 \u043e\u0447\u0435\u0432\u0438\u0434\u0435\u0446<\/em>\u00bb \u0438\u0437\u0443\u0447\u0430\u043b \u043d\u0430\u0448\u0435 \u043d\u0430\u0441\u043b\u0435\u0434\u0438\u0435 \u0432 <em>\u041f\u0430\u0440\u0438\u0436\u0435.<\/em><\/p>\n<div class=\"hidden_text\">En France, les Journ\u00e9es du Patrimoine, c\u00e9l\u00e9br\u00e9es une fois par an, ont lieu pour la 31\u00e8me fois.<\/div>\n<div class=\"hidden_text\">L&#39;avant-dernier week-end de septembre, s&#39;ouvrent les portes des palais et des ch\u00e2teaux, ferm\u00e9es au public le reste de l&#39;ann\u00e9e. \u00ab\u00a0<em>L&#39;Observateur russe\u00a0<\/em>\u00bb s&#39;est pench\u00e9 sur notre patrimoine \u00e0 Paris.<\/div>\n<p><!--more--><\/p>\n<p><div id=\"attachment_19987\" style=\"width: 610px\" class=\"wp-caption alignnone\"><img aria-describedby=\"caption-attachment-19987\" loading=\"lazy\" class=\"wp-image-19987 size-large\" src=\"http:\/\/rusoch.fr\/files\/2014\/09\/IMG_0620-600x400.jpg\" alt=\"\" width=\"600\" height=\"400\" srcset=\"https:\/\/rusoch.fr\/files\/2014\/09\/IMG_0620-600x400.jpg 600w, https:\/\/rusoch.fr\/files\/2014\/09\/IMG_0620.jpg 1181w\" sizes=\"(max-width: 600px) 100vw, 600px\" \/><p id=\"caption-attachment-19987\" class=\"wp-caption-text\">Photo: Boris Guessel<\/p><\/div><\/p>\n<p>\u0412 \u044d\u0442\u0438 \u0434\u043d\u0438 \u0436\u0430\u0436\u0434\u0443\u0449\u0438\u0435 \u0443\u0432\u0438\u0434\u0435\u0442\u044c \u043a\u0430\u0431\u0438\u043d\u0435\u0442 \u043f\u0440\u0435\u0437\u0438\u0434\u0435\u043d\u0442\u0430 \u0432 \u0415\u043b\u0438\u0441\u0435\u0439\u0441\u043a\u043e\u043c \u0434\u0432\u043e\u0440\u0446\u0435, <a href=\"http:\/\/rusoch.fr\/mond\/v-ochered-na-dni-naslediya.html\">\u0437\u0430\u043d\u0438\u043c\u0430\u044e\u0442 \u043e\u0447\u0435\u0440\u0435\u0434\u044c<\/a> \u0432 \u0441\u043f\u0435\u0446\u0438\u0430\u043b\u044c\u043d\u043e \u043e\u0433\u043e\u0440\u043e\u0436\u0435\u043d\u043d\u043e\u043c \u043d\u0430 \u0442\u0440\u043e\u0442\u0443\u0430\u0440\u0435 \u043a\u043e\u0440\u0438\u0434\u043e\u0440\u0435 \u0441 \u0442\u0440\u0435\u0445 \u0447\u0430\u0441\u043e\u0432 \u0443\u0442\u0440\u0430.\u00a0\u0422\u0430 \u0436\u0435 \u043a\u0430\u0440\u0442\u0438\u043d\u0430 \u043d\u0430\u0431\u043b\u044e\u0434\u0430\u0435\u0442\u0441\u044f \u0438 \u043f\u0435\u0440\u0435\u0434 <a href=\"http:\/\/rusoch.fr\/soc\/3018.html\">\u0440\u0430\u0431\u043e\u0447\u0435\u0439 \u0440\u0435\u0437\u0438\u0434\u0435\u043d\u0446\u0438\u0435\u0439 \u043f\u0440\u0435\u043c\u044c\u0435\u0440 \u043c\u0438\u043d\u0438\u0441\u0442\u0440\u0430, \u043f\u0435\u0440\u0435\u0434 \u0421\u0435\u043d\u0430\u0442\u043e\u043c \u0438 \u041d\u0430\u0446\u0438\u043e\u043d\u0430\u043b\u044c\u043d\u043e\u0439 \u0430\u0441\u0441\u0430\u043c\u0431\u043b\u0435\u0435<\/a> \u0439 \u0438 \u0442.\u0434.<\/p>\n<p>\u0412\u0441\u0435\u0433\u043e 17 \u0442\u044b\u0441\u044f\u0447 \u043e\u0431\u044a\u0435\u043a\u0442\u043e\u0432 \u043f\u043e \u0432\u0441\u0435\u0439 \u0441\u0442\u0440\u0430\u043d\u0435 \u043f\u0440\u0438\u043d\u0438\u043c\u0430\u044e\u0442 \u0433\u0440\u0430\u0436\u0434\u0430\u043d, \u0438\u043d\u0442\u0435\u0440\u0435\u0441\u0443\u044e\u0449\u0438\u0445\u0441\u044f \u0441\u0432\u043e\u0438\u043c \u043d\u0430\u0446\u0438\u043e\u043d\u0430\u043b\u044c\u043d\u044b\u043c \u0434\u043e\u0441\u0442\u043e\u044f\u043d\u0438\u0435\u043c.<\/p>\n<div class=\"hidden_text\">Au cours de ces Journ\u00e9es, ceux qui d\u00e9sirent voir le bureau du Pr\u00e9sident au Palais de l&#39;Elys\u00e9e font la queue sur un trottoir-couloir, sp\u00e9cialement cl\u00f4tur\u00e9 pour l&#39;occasion, d\u00e8s trois heures du matin. On peut \u00e9galement contempler ce m\u00eame tableau devant la r\u00e9sidence officielle du Premier Ministre, devant le S\u00e9nat et l&#39;Assembl\u00e9e Nationale, etc. En tout, dix-sept mille sites \u00e0 travers tout le pays accueillent les citoyens du pays int\u00e9ress\u00e9s par leurs biens nationaux.<\/div>\n<p><div id=\"attachment_19986\" style=\"width: 610px\" class=\"wp-caption alignnone\"><a href=\"http:\/\/rusoch.fr\/files\/2014\/09\/IMG_0599.jpg\"><img aria-describedby=\"caption-attachment-19986\" loading=\"lazy\" class=\"size-large wp-image-19986\" src=\"http:\/\/rusoch.fr\/files\/2014\/09\/IMG_0599-600x400.jpg\" alt=\"\" width=\"600\" height=\"400\" srcset=\"https:\/\/rusoch.fr\/files\/2014\/09\/IMG_0599-600x400.jpg 600w, https:\/\/rusoch.fr\/files\/2014\/09\/IMG_0599.jpg 1181w\" sizes=\"(max-width: 600px) 100vw, 600px\" \/><\/a><p id=\"caption-attachment-19986\" class=\"wp-caption-text\">Photo: Boris Guessel<\/p><\/div><\/p>\n<p>\u041d\u043e <em>\u041f\u0430\u0440\u0438\u0436<\/em> \u043c\u043e\u0436\u0435\u0442 \u043f\u043e\u0445\u0432\u0430\u043b\u0438\u0442\u044c\u0441\u044f \u0438 \u0440\u0443\u0441\u0441\u043a\u0438\u043c\u0438 \u043c\u0435\u0441\u0442\u0430\u043c\u0438 \u0441 \u0431\u043e\u0433\u0430\u0442\u044b\u043c \u0438\u0441\u0442\u043e\u0440\u0438\u0447\u0435\u0441\u043a\u0438\u043c \u043f\u0440\u043e\u0448\u043b\u044b\u043c, \u043a\u0443\u0434\u0430 \u0434\u043e\u0441\u0442\u0443\u043f \u0432 \u044d\u0442\u0438 \u0434\u043d\u0438, \u0442\u0430\u043a\u0436\u0435, \u043e\u0442\u043a\u0440\u044b\u0442 \u0434\u043b\u044f \u0432\u0441\u0435\u0445. \u041d\u0430\u043f\u0440\u0438\u043c\u0435\u0440, \u0432 \u0440\u0435\u0437\u0438\u0434\u0435\u043d\u0446\u0438\u044e \u043f\u043e\u0441\u043b\u0430 \u0420\u043e\u0441\u0441\u0438\u0438 \u0432\u043e \u0424\u0440\u0430\u043d\u0446\u0438\u0438.<\/p>\n<div class=\"hidden_text\">Mais Paris peut se vanter en outre de sites russes dot\u00e9s d&#39;un riche pass\u00e9 historique, dont l&#39;acc\u00e8s, en ces Journ\u00e9es du Patrimoine, est \u00e9galement ouvert \u00e0 tous. Par exemple la r\u00e9sidence de l&#39;ambassadeur de Russie en France.<\/div>\n<p><div id=\"attachment_19987\" style=\"width: 610px\" class=\"wp-caption alignnone\"><a href=\"http:\/\/rusoch.fr\/files\/2014\/09\/IMG_0620.jpg\"><img aria-describedby=\"caption-attachment-19987\" loading=\"lazy\" class=\"size-large wp-image-19987\" src=\"http:\/\/rusoch.fr\/files\/2014\/09\/IMG_0620-600x400.jpg\" alt=\"\" width=\"600\" height=\"400\" srcset=\"https:\/\/rusoch.fr\/files\/2014\/09\/IMG_0620-600x400.jpg 600w, https:\/\/rusoch.fr\/files\/2014\/09\/IMG_0620.jpg 1181w\" sizes=\"(max-width: 600px) 100vw, 600px\" \/><\/a><p id=\"caption-attachment-19987\" class=\"wp-caption-text\">Photo: Boris Guessel<\/p><\/div><\/p>\n<p>\u0414\u0432\u043e\u0440\u0435\u0446 \u0434&#39;\u042d\u0441\u0442\u0440\u0435, \u0432\u0435\u043b\u0438\u043a\u043e\u043b\u0435\u043f\u043d\u044b\u0439 \u043e\u0441\u043e\u0431\u043d\u044f\u043a \u043d\u0430\u0447\u0430\u043b\u0430 XVIII \u0432\u0435\u043a\u0430 \u0441 \u0443\u044e\u0442\u043d\u044b\u043c \u043f\u0430\u0440\u043a\u043e\u043c, \u0431\u044b\u043b \u043f\u0440\u0438\u043e\u0431\u0440\u0435\u0442\u0435\u043d \u0440\u043e\u0441\u0441\u0438\u0439\u0441\u043a\u0438\u043c \u0433\u043e\u0441\u0443\u0434\u0430\u0440\u0441\u0442\u0432\u043e\u043c \u0432 1863 \u0433\u043e\u0434\u0443.<\/p>\n<div class=\"hidden_text\">L&#39;H\u00f4tel d&#39;Estr\u00e9es, magnifique h\u00f4tel du d\u00e9but du XVIII\u00e8me si\u00e8cle agr\u00e9ment\u00e9 d&#39;un parc charmant, a \u00e9t\u00e9 acquis par l&#39;Etat Russe en 1863.<\/div>\n<p><div id=\"attachment_19988\" style=\"width: 610px\" class=\"wp-caption alignnone\"><a href=\"http:\/\/rusoch.fr\/files\/2014\/09\/IMG_0633.jpg\"><img aria-describedby=\"caption-attachment-19988\" loading=\"lazy\" class=\"size-large wp-image-19988\" src=\"http:\/\/rusoch.fr\/files\/2014\/09\/IMG_0633-600x400.jpg\" alt=\"\" width=\"600\" height=\"400\" srcset=\"https:\/\/rusoch.fr\/files\/2014\/09\/IMG_0633-600x400.jpg 600w, https:\/\/rusoch.fr\/files\/2014\/09\/IMG_0633.jpg 1181w\" sizes=\"(max-width: 600px) 100vw, 600px\" \/><\/a><p id=\"caption-attachment-19988\" class=\"wp-caption-text\">Photo: Boris Guessel<\/p><\/div><\/p>\n<p><a href=\"http:\/\/rusoch.fr\/rus\/romanovy-i-parizh.html\">\u0422\u0440\u0430\u0434\u0438\u0446\u0438\u043e\u043d\u043d\u044b\u043c\u0438 \u0441\u0442\u0430\u043b\u0438 \u0432\u044b\u0441\u0442\u0430\u0432\u043a\u0438<\/a>, \u0443\u0441\u0442\u0440\u0430\u0438\u0432\u0430\u0435\u043c\u044b\u0435 \u0440\u043e\u0441\u0441\u0438\u0439\u0441\u043a\u043e\u0439 \u0441\u0442\u043e\u0440\u043e\u043d\u043e\u0439, \u043f\u0440\u0438\u0443\u0440\u043e\u0447\u0435\u043d\u043d\u044b\u0435 \u043a \u0434\u043d\u044f\u043c \u043e\u0442\u043a\u0440\u044b\u0442\u044b\u0445 \u0434\u0432\u0435\u0440\u0435\u0439.<\/p>\n<div class=\"hidden_text\">C&#39;est devenu<a href=\"http:\/\/rusoch.fr\/lang\/fr\/rus\/romanovy-i-parizh.html\"> une tradition du c\u00f4t\u00e9 russe <\/a>d&#39;organiser des expositions, limit\u00e9es au cadre de ces journ\u00e9es portes ouvertes.<\/div>\n<p><div id=\"attachment_19990\" style=\"width: 276px\" class=\"wp-caption alignnone\"><a href=\"http:\/\/rusoch.fr\/files\/2014\/09\/IMG_0606.jpg\"><img aria-describedby=\"caption-attachment-19990\" loading=\"lazy\" class=\"size-large wp-image-19990\" src=\"http:\/\/rusoch.fr\/files\/2014\/09\/IMG_0606-266x400.jpg\" alt=\"\" width=\"266\" height=\"400\" srcset=\"https:\/\/rusoch.fr\/files\/2014\/09\/IMG_0606-266x400.jpg 266w, https:\/\/rusoch.fr\/files\/2014\/09\/IMG_0606.jpg 787w\" sizes=\"(max-width: 266px) 100vw, 266px\" \/><\/a><p id=\"caption-attachment-19990\" class=\"wp-caption-text\">Photo: Boris Guessel<\/p><\/div><\/p>\n<p>\u0412 \u044d\u0442\u043e\u043c \u0433\u043e\u0434\u0443 \u0442\u0435\u043c\u0430\u0442\u0438\u043a\u0430 \u044d\u043a\u0441\u043f\u043e\u0437\u0438\u0446\u0438\u0438 \u0432\u043e\u0435\u043d\u043d\u0430\u044f&nbsp;&mdash; \u0441\u0442\u043e\u043b\u0435\u0442\u0438\u0435 \u041f\u0435\u0440\u0432\u043e\u0439 \u043c\u0438\u0440\u043e\u0432\u043e\u0439 \u0432\u043e\u0439\u043d\u044b.<\/p>\n<div class=\"hidden_text\">Cette ann\u00e9e le th\u00e8me de l&#39;exposition est guerrier\u00a0: le centenaire de la Premi\u00e8re Guerre Mondiale.<\/div>\n<p><div id=\"attachment_19991\" style=\"width: 610px\" class=\"wp-caption alignnone\"><a href=\"http:\/\/rusoch.fr\/files\/2014\/09\/IMG_0678.jpg\"><img aria-describedby=\"caption-attachment-19991\" loading=\"lazy\" class=\"size-large wp-image-19991 \" src=\"http:\/\/rusoch.fr\/files\/2014\/09\/IMG_0678-600x400.jpg\" alt=\"\" width=\"600\" height=\"400\" srcset=\"https:\/\/rusoch.fr\/files\/2014\/09\/IMG_0678-600x400.jpg 600w, https:\/\/rusoch.fr\/files\/2014\/09\/IMG_0678.jpg 1181w\" sizes=\"(max-width: 600px) 100vw, 600px\" \/><\/a><p id=\"caption-attachment-19991\" class=\"wp-caption-text\">\u0412\u0435\u043b\u0438\u043a\u0430\u044f \u043a\u043d\u044f\u0433\u0438\u043d\u044f \u041c\u0430\u0440\u0438\u044f \u0412\u043b\u0430\u0434\u0438\u043c\u0438\u0440\u043e\u0432\u043d\u0430 \u0441 \u0441\u044b\u043d\u043e\u043c \u0413\u0435\u043e\u0440\u0433\u0438\u0435\u043c \u043f\u043e\u0441\u0435\u0442\u0438\u043b\u0438 \u0432\u044b\u0441\u0442\u0430\u0432\u043a\u0443 |La grand-duchesse Maria Vladimirovna avec son fils Gueorgui Photo: Boris Guessel<\/p><\/div><\/p>\n<p>\u042d\u043a\u0441\u043f\u043e\u043d\u0430\u0442\u044b \u043f\u043e\u0441\u0442\u0443\u043f\u0438\u043b\u0438 \u0438\u0437 \u0424\u0440\u0430\u043d\u0446\u0438\u0438 \u0438 \u0438\u0437 \u043c\u0443\u0437\u0435\u044f \u041c\u043e\u0441\u043a\u0432\u044b. \u041a\u043e\u043c\u0438\u0441\u0441\u0430\u0440 \u0432\u044b\u0441\u0442\u0430\u0432\u043a\u0438 \u0421\u0438\u0440\u0438\u043b \u0411\u0443\u043b\u043b\u0435.<\/p>\n<div class=\"hidden_text\">Les pi\u00e8ces proviennent de France et du Mus\u00e9e de Moscou. Cyrille Boulay est le commissaire de l&#39;exposition.<\/div>\n<p><div id=\"attachment_19992\" style=\"width: 610px\" class=\"wp-caption alignnone\"><a href=\"http:\/\/rusoch.fr\/files\/2014\/09\/IMG_0604.jpg\"><img aria-describedby=\"caption-attachment-19992\" loading=\"lazy\" class=\"size-large wp-image-19992\" src=\"http:\/\/rusoch.fr\/files\/2014\/09\/IMG_0604-600x400.jpg\" alt=\"\" width=\"600\" height=\"400\" srcset=\"https:\/\/rusoch.fr\/files\/2014\/09\/IMG_0604-600x400.jpg 600w, https:\/\/rusoch.fr\/files\/2014\/09\/IMG_0604.jpg 1181w\" sizes=\"(max-width: 600px) 100vw, 600px\" \/><\/a><p id=\"caption-attachment-19992\" class=\"wp-caption-text\">\u0421\u0438\u0440\u0438\u043b \u0411\u0443\u043b\u0435 (\u0441\u043f\u0440\u0430\u0432\u0430) | Cyrille Boulay (\u00e0 droite) Photo: Boris Guessel<\/p><\/div><\/p>\n<p>\u0422\u043e\u0440\u0436\u0435\u0441\u0442\u0432\u0435\u043d\u043d\u043e\u0435 \u043e\u0442\u043a\u0440\u044b\u0442\u0438\u0435 \u044d\u043a\u0441\u043f\u043e\u0437\u0438\u0446\u0438\u0438.<\/p>\n<div class=\"hidden_text\">L&#39;inauguration de l&#39;exposition.<\/div>\n<p><div id=\"attachment_19993\" style=\"width: 610px\" class=\"wp-caption alignnone\"><a href=\"http:\/\/rusoch.fr\/files\/2014\/09\/IMG_0669.jpg\"><img aria-describedby=\"caption-attachment-19993\" loading=\"lazy\" class=\"wp-image-19993 size-large\" src=\"http:\/\/rusoch.fr\/files\/2014\/09\/IMG_0669-600x400.jpg\" alt=\"\" width=\"600\" height=\"400\" srcset=\"https:\/\/rusoch.fr\/files\/2014\/09\/IMG_0669-600x400.jpg 600w, https:\/\/rusoch.fr\/files\/2014\/09\/IMG_0669.jpg 1181w\" sizes=\"(max-width: 600px) 100vw, 600px\" \/><\/a><p id=\"caption-attachment-19993\" class=\"wp-caption-text\">\u042d\u043b\u0435\u043d \u041a\u0430\u0440\u0440\u0435\u0440 \u0434\u2019\u0410\u043d\u043a\u043e\u043e\u0441\u0441, \u043f\u043e\u0441\u0442\u043e\u044f\u043d\u043d\u044b\u0439 \u0441\u0435\u043a\u0440\u0435\u0442\u0430\u0440\u044c \u0424\u0440\u0430\u043d\u0446\u0443\u0437\u0441\u043a\u043e\u0439 \u0430\u043a\u0430\u0434\u0435\u043c\u0438\u0438 (\u0441\u043f\u0440\u0430\u0432\u0430). | H\u00e9l\u00e8ne Carr\u00e8re d&#39;Encausse, Secr\u00e9taire de l&#39;Acad\u00e9mie Fran\u00e7aise (\u00e0 droite) Photo: Boris Guessel<\/p><\/div><br \/>\n<div id=\"attachment_19994\" style=\"width: 610px\" class=\"wp-caption alignnone\"><a href=\"http:\/\/rusoch.fr\/files\/2014\/09\/IMG_0664.jpg\"><img aria-describedby=\"caption-attachment-19994\" loading=\"lazy\" class=\" wp-image-19994\" src=\"http:\/\/rusoch.fr\/files\/2014\/09\/IMG_0664-600x400.jpg\" alt=\"\" width=\"600\" height=\"400\" srcset=\"https:\/\/rusoch.fr\/files\/2014\/09\/IMG_0664-600x400.jpg 600w, https:\/\/rusoch.fr\/files\/2014\/09\/IMG_0664.jpg 1181w\" sizes=\"(max-width: 600px) 100vw, 600px\" \/><\/a><p id=\"caption-attachment-19994\" class=\"wp-caption-text\">Photo: Boris Guessel<\/p><\/div><\/p>\n<p>20 \u0438 21 \u0441\u0435\u043d\u0442\u044f\u0431\u0440\u044f 2014 \u0433\u043e\u0434\u0430 \u0434\u043e\u0441\u0442\u0443\u043f \u0432 \u0437\u0430\u043b\u044b \u0441\u0432\u043e\u0431\u043e\u0434\u043d\u044b\u0439 \u0441 10.00 \u0434\u043e 18.00<\/p>\n<p>22 \u2013 28 \u0441\u0435\u043d\u0442\u044f\u0431\u0440\u044f \u043f\u043e \u043f\u0440\u0435\u0434\u0432\u0430\u0440\u0438\u0442\u0435\u043b\u044c\u043d\u043e\u0439 \u0437\u0430\u043f\u0438\u0441\u0438 \u043f\u043e \u0442\u0435\u043b. +33 (0) 1 45 56 14 62<\/p>\n<div class=\"hidden_text\">Les 20 et 21 septembre 2014, exposition ouverte au public de 10h \u00e0 18h.<\/div>\n<div class=\"hidden_text\">Du 22 au 28 septembre sur rendez-vous pris au pr\u00e9alable au +33 (0) 1 45 56 14 62<\/div>\n<p><\/p>","protected":false},"excerpt":{"rendered":"<p>\u0412\u043e \u0424\u0440\u0430\u043d\u0446\u0438\u0438 \u0435\u0436\u0435\u0433\u043e\u0434\u043d\u044b\u0435 \u0414\u043d\u0438 \u043d\u0430\u0446\u0438\u043e\u043d\u0430\u043b\u044c\u043d\u043e\u0433\u043e \u043d\u0430\u0441\u043b\u0435\u0434\u0438\u044f \u043f\u0440\u043e\u0445\u043e\u0434\u044f\u0442 \u0432 31 \u0440\u0430\u0437. \u0412 \u043f\u0440\u0435\u0434\u043f\u043e\u0441\u043b\u0435\u0434\u043d\u0438\u0435 \u0432\u044b\u0445\u043e\u0434\u043d\u044b\u0435 \u0441\u0435\u043d\u0442\u044f\u0431\u0440\u044f \u043e\u0442\u043a\u0440\u044b\u0432\u0430\u044e\u0442\u0441\u044f \u0434\u0432\u043e\u0440\u0446\u044b \u0438 \u0437\u0430\u043c\u043a\u0438, \u043d\u0435\u0434\u043e\u0441\u0442\u0443\u043f\u043d\u044b\u0435 \u0432&hellip;<\/p>\n","protected":false},"author":2,"featured_media":19987,"comment_status":"open","ping_status":"open","sticky":false,"template":"","format":"standard","meta":[],"categories":[6],"tags":[3402,1398,3405,3403],"aioseo_notices":[],"_links":{"self":[{"href":"https:\/\/rusoch.fr\/ru\/wp-json\/wp\/v2\/posts\/19982"}],"collection":[{"href":"https:\/\/rusoch.fr\/ru\/wp-json\/wp\/v2\/posts"}],"about":[{"href":"https:\/\/rusoch.fr\/ru\/wp-json\/wp\/v2\/types\/post"}],"author":[{"embeddable":true,"href":"https:\/\/rusoch.fr\/ru\/wp-json\/wp\/v2\/users\/2"}],"replies":[{"embeddable":true,"href":"https:\/\/rusoch.fr\/ru\/wp-json\/wp\/v2\/comments?post=19982"}],"version-history":[{"count":3,"href":"https:\/\/rusoch.fr\/ru\/wp-json\/wp\/v2\/posts\/19982\/revisions"}],"predecessor-version":[{"id":221453,"href":"https:\/\/rusoch.fr\/ru\/wp-json\/wp\/v2\/posts\/19982\/revisions\/221453"}],"wp:featuredmedia":[{"embeddable":true,"href":"https:\/\/rusoch.fr\/ru\/wp-json\/wp\/v2\/media\/19987"}],"wp:attachment":[{"href":"https:\/\/rusoch.fr\/ru\/wp-json\/wp\/v2\/media?parent=19982"}],"wp:term":[{"taxonomy":"category","embeddable":true,"href":"https:\/\/rusoch.fr\/ru\/wp-json\/wp\/v2\/categories?post=19982"},{"taxonomy":"post_tag","embeddable":true,"href":"https:\/\/rusoch.fr\/ru\/wp-json\/wp\/v2\/tags?post=19982"}],"curies":[{"name":"wp","href":"https:\/\/api.w.org\/{rel}","templated":true}]}}