{"id":20051,"date":"2014-09-25T00:44:09","date_gmt":"2014-09-24T23:44:09","guid":{"rendered":"http:\/\/rusoch.fr\/?p=20051"},"modified":"2021-03-31T18:33:54","modified_gmt":"2021-03-31T17:33:54","slug":"begov-podaril-freski-francuzskim-detyam","status":"publish","type":"post","link":"https:\/\/rusoch.fr\/ru\/events\/begov-podaril-freski-francuzskim-detyam.html","title":{"rendered":"\u0410\u043b\u0435\u043a\u0441\u0435\u0439 \u0411\u0435\u0433\u043e\u0432 \u043f\u043e\u0434\u0430\u0440\u0438\u043b \u0444\u0440\u0435\u0441\u043a\u0438 \u0444\u0440\u0430\u043d\u0446\u0443\u0437\u0441\u043a\u0438\u043c \u0434\u0435\u0442\u044f\u043c "},"content":{"rendered":"<p>\u0427\u0442\u043e\u0431\u044b \u043f\u043e\u0447\u0442\u0438\u0442\u044c \u043f\u0430\u043c\u044f\u0442\u044c <em>\u0410\u043b\u0435\u043a\u0441\u0435\u044f \u0411\u0435\u0433\u043e\u0432\u0430<\/em>, \u0434\u0435\u0441\u044f\u0442\u044c \u043b\u0435\u0442 \u043d\u0430\u0437\u0430\u0434 \u0437\u0430\u0432\u0435\u0440\u0448\u0438\u0432\u0448\u0435\u0433\u043e \u0440\u043e\u0441\u043f\u0438\u0441\u044c \u0447\u0430\u0441\u043e\u0432\u043d\u0438 \u0421\u0432\u044f\u0442\u043e\u0433\u043e \u041d\u0438\u043a\u043e\u043b\u0430\u044f, \u0432 \u043f\u043e\u043c\u0435\u0441\u0442\u044c\u0435 <em>\u0416\u0438\u043b\u044c\u0432\u0443\u0430\u0437\u0435\u043d<\/em> (\u0447\u0442\u043e \u0432 38 \u043a\u0438\u043b\u043e\u043c\u0435\u0442\u0440\u0430\u0445 \u043e\u0442 \u041f\u0430\u0440\u0438\u0436\u0430) \u043f\u0440\u0438\u0435\u0445\u0430\u043b\u0438 \u0434\u0440\u0443\u0437\u044c\u044f \u0438 \u0437\u043d\u0430\u043a\u043e\u043c\u044b\u0435 \u0445\u0443\u0434\u043e\u0436\u043d\u0438\u043a\u0430, \u043f\u0440\u0435\u0434\u0441\u0442\u0430\u0432\u0438\u0442\u0435\u043b\u0438 \u043f\u043e\u0441\u043e\u043b\u044c\u0441\u0442\u0432\u0430 \u0420\u0424 \u0438 \u042e\u041d\u0415\u0421\u041a\u041e.<\/p>\n<div class=\"hidden_text\">Afin d&#39;honorer la m\u00e9moire d&#39;Alexe\u00ef Begov qui acheva il y a dix ans la peinture de la chapelle de Saint-Nicolas, des amis et des proches de l&#39;artiste, repr\u00e9sentants de l&#39;ambassade de la F\u00e9d\u00e9ration de Russie et de l&#39;Unesco, se sont rassembl\u00e9s sur le site de Joinville (\u00e0 38 km de Paris).<\/div>\n<p><!--more--><\/p>\n<p><div id=\"attachment_20052\" style=\"width: 610px\" class=\"wp-caption alignnone\"><a href=\"http:\/\/rusoch.fr\/files\/2014\/09\/003.jpg\"><img aria-describedby=\"caption-attachment-20052\" loading=\"lazy\" class=\"size-large wp-image-20052\" src=\"http:\/\/rusoch.fr\/files\/2014\/09\/003-600x400.jpg\" alt=\"\" width=\"600\" height=\"400\" srcset=\"https:\/\/rusoch.fr\/files\/2014\/09\/003-600x400.jpg 600w, https:\/\/rusoch.fr\/files\/2014\/09\/003.jpg 1000w\" sizes=\"(max-width: 600px) 100vw, 600px\" \/><\/a><p id=\"caption-attachment-20052\" class=\"wp-caption-text\">23 \u0441\u0435\u043d\u0442\u044f\u0431\u0440\u044f 2014 \u0433. \u0447\u0430\u0441\u043e\u0432\u043d\u044f \u0421\u0432.\u041d\u0438\u043a\u043e\u043b\u0430\u044f, \u043f\u043e\u043c\u0435\u0441\u0442\u044c\u0435 \u0416\u0438\u043b\u044c\u0432\u0443\u0430\u0437\u0435\u043d. Photo: Boris Guessel<\/p><\/div><\/p>\n<p>\u041f\u0435\u0440\u0432\u043e\u0435 \u0443\u043f\u043e\u043c\u0438\u043d\u0430\u043d\u0438\u0435 \u043e \u0437\u0430\u043c\u043a\u0435 <em>\u0416\u0438\u043b\u044c\u0432\u0443\u0430\u0437\u0435\u043d<\/em> \u043e\u0442\u043d\u043e\u0441\u0438\u0442\u0441\u044f \u043a 1479 \u0433\u043e\u0434\u0443.<\/p>\n<div class=\"hidden_text\">La premi\u00e8re mention du ch\u00e2teau de Gillevoisin remonte \u00e0 1479.<\/div>\n<p><div id=\"attachment_20059\" style=\"width: 610px\" class=\"wp-caption alignnone\"><a href=\"http:\/\/rusoch.fr\/files\/2014\/09\/013.jpg\"><img aria-describedby=\"caption-attachment-20059\" loading=\"lazy\" class=\"size-large wp-image-20059\" src=\"http:\/\/rusoch.fr\/files\/2014\/09\/013-600x357.jpg\" alt=\"\" width=\"600\" height=\"357\" srcset=\"https:\/\/rusoch.fr\/files\/2014\/09\/013-600x357.jpg 600w, https:\/\/rusoch.fr\/files\/2014\/09\/013.jpg 1000w\" sizes=\"(max-width: 600px) 100vw, 600px\" \/><\/a><p id=\"caption-attachment-20059\" class=\"wp-caption-text\">Photo: Boris Guessel<\/p><\/div><\/p>\n<p>\u041b\u0435\u0433\u0435\u043d\u0434\u0430 \u0433\u043b\u0430\u0441\u0438\u0442, \u0447\u0442\u043e \u0413\u0435\u043d\u0440\u0438\u0445 IV, \u043e\u0442\u043f\u0440\u0430\u0432\u043b\u044f\u044f\u0441\u044c \u043d\u0430 \u0437\u0430\u0432\u043e\u0435\u0432\u0430\u043d\u0438\u0435 \u041f\u0430\u0440\u0438\u0436\u0430, \u043e\u0441\u0442\u0430\u043d\u043e\u0432\u0438\u043b\u0441\u044f \u0432 \u0437\u0430\u043c\u043a\u0435 \u0438 \u043d\u0430 \u0431\u0430\u043b\u043a\u043e\u043d\u0435 \u0432\u0442\u043e\u0440\u043e\u0433\u043e \u044d\u0442\u0430\u0436\u0430 \u043e\u0436\u0438\u0434\u0430\u043b \u0441\u0432\u043e\u044e \u043f\u0440\u0435\u043a\u0440\u0430\u0441\u043d\u0443\u044e \u0444\u0430\u0432\u043e\u0440\u0438\u0442\u043a\u0443 \u0413\u0430\u0431\u0440\u0438\u0435\u043b\u044c \u0434&#39;\u042d\u0441\u0442\u0440\u0435.<\/p>\n<div class=\"hidden_text\">La l\u00e9gende raconte que du balcon du 1er \u00e9tage du vieux ch\u00e2teau, Henri IV, en route pour la conqu\u00eate de Paris, guetta la venue de sa sublime ma\u00eetresse Gabrielle d&#39;Estr\u00e9e.<\/div>\n<p><div id=\"attachment_20053\" style=\"width: 610px\" class=\"wp-caption alignnone\"><a href=\"http:\/\/rusoch.fr\/files\/2014\/09\/012.jpg\"><img aria-describedby=\"caption-attachment-20053\" loading=\"lazy\" class=\"size-large wp-image-20053\" src=\"http:\/\/rusoch.fr\/files\/2014\/09\/012-600x400.jpg\" alt=\"\" width=\"600\" height=\"400\" srcset=\"https:\/\/rusoch.fr\/files\/2014\/09\/012-600x400.jpg 600w, https:\/\/rusoch.fr\/files\/2014\/09\/012.jpg 1000w\" sizes=\"(max-width: 600px) 100vw, 600px\" \/><\/a><p id=\"caption-attachment-20053\" class=\"wp-caption-text\">\u0416\u0438\u043b\u044c\u0432\u0443\u0430\u0437\u0435\u043d | Gillevoisin Photo: Boris Guessel<\/p><\/div><\/p>\n<p>\u0417\u0430\u043c\u043e\u043a \u0437\u0430 \u043d\u0435\u0441\u043a\u043e\u043b\u044c\u043a\u043e \u0432\u0435\u043a\u043e\u0432 \u0441\u0432\u043e\u0435\u0433\u043e \u0441\u0443\u0449\u0435\u0441\u0442\u0432\u043e\u0432\u0430\u043d\u0438\u044f \u043f\u043e\u0441\u043b\u0443\u0436\u0438\u043b \u043d\u0435 \u043e\u0434\u043d\u043e\u0439 \u0441\u0435\u043c\u044c\u0435.<\/p>\n<div class=\"hidden_text\">Ce domaine a connu de nombreux changements de propri\u00e9taires au fil des si\u00e8cles.<\/div>\n<p><div id=\"attachment_20054\" style=\"width: 276px\" class=\"wp-caption alignnone\"><a href=\"http:\/\/rusoch.fr\/files\/2014\/09\/0011.jpg\"><img aria-describedby=\"caption-attachment-20054\" loading=\"lazy\" class=\"wp-image-20054 size-large\" src=\"https:\/\/rusoch.fr\/files\/2014\/09\/0011-266x400.jpg\" alt=\"\" width=\"266\" height=\"400\" srcset=\"https:\/\/rusoch.fr\/files\/2014\/09\/0011-266x400.jpg 266w, https:\/\/rusoch.fr\/files\/2014\/09\/0011.jpg 1000w\" sizes=\"(max-width: 266px) 100vw, 266px\" \/><\/a><p id=\"caption-attachment-20054\" class=\"wp-caption-text\">\u0427\u0430\u0441\u043e\u0432\u043d\u044f \u0421\u0432.\u041d\u0438\u043a\u043e\u043b\u0430\u044f | Chapelle St-Nicolas Photo: Boris Guessel<\/p><\/div><\/p>\n<p>\u0422\u0443\u0442 \u0436\u0438\u043b \u043f\u0438\u0441\u0430\u0442\u0435\u043b\u044c \u0438 \u0433\u0443\u043c\u0430\u043d\u0438\u0441\u0442, \u043d\u0430\u0441\u0442\u0430\u0432\u043d\u0438\u043a \u043e\u0442\u043f\u0440\u044b\u0441\u043a\u0430 \u0413\u0435\u043d\u0440\u0438\u0445\u0430 IV \u0433\u043e\u0441\u043f\u043e\u0434\u0438\u043d \u0410\u043c\u0438\u043e\u0442 \u0438 \u041d\u0438\u043a\u043e\u043b\u044f \u0413\u043e\u0431\u0435\u043b\u0435\u043d, \u0432\u044b\u0445\u043e\u0434\u0435\u0446 \u0438\u0437 \u0437\u043d\u0430\u043c\u0435\u043d\u0438\u0442\u043e\u0439 \u0441\u0435\u043c\u044c\u0438 \u043c\u0430\u043d\u0443\u0444\u0430\u043a\u0442\u0443\u0440\u0449\u0438\u043a\u043e\u0432. \u0418 \u043a\u0430\u043d\u0446\u043b\u0435\u0440 \u0414\u0430\u043d\u0438\u0435\u043b\u044c \u0412\u0443\u0430\u0437\u0435\u043d \u0432 \u0441\u0432\u043e\u0435 \u0432\u0440\u0435\u043c\u044f \u043f\u043e\u043b\u043e\u0436\u0438\u043b \u0433\u043b\u0430\u0437 \u043d\u0430 \u0437\u0435\u043c\u043b\u0438 \u043e\u043a\u0440\u0443\u0436\u0430\u044e\u0449\u0438\u0435 \u043a\u0440\u0435\u043f\u043a\u0438\u0435 \u0441\u0442\u0435\u043d\u044b.<\/p>\n<p>\u0427\u0430\u0441\u043e\u0432\u043d\u044f \u0437\u0430\u043c\u043a\u0430 \u0431\u044b\u043b\u0430 \u043e\u0442\u0440\u0435\u0441\u0442\u0430\u0432\u0440\u0438\u0440\u043e\u0432\u0430\u043d\u0430 \u0431\u043b\u0430\u0433\u043e\u0434\u0430\u0440\u044f \u042d\u0436\u0435\u043d\u0443 \u0413\u043e\u0431\u0435\u043b\u0435\u043d\u0443.<\/p>\n<div class=\"hidden_text\">On peut citer M. Amiot, \u00e9crivain, humaniste et pr\u00e9cepteur de la prog\u00e9niture d&#39;Henri IV, puis Nicolas Gobelin, issu de la c\u00e9l\u00e8bre famille de manufacturiers. Enfin, le chancelier Daniel Voisin, en son temps, jeta son d\u00e9volu sur les terres qui entouraient le robuste \u00e9difice.<\/div>\n<div class=\"hidden_text\">La chapelle du ch\u00e2teau fut restaur\u00e9e gr\u00e2ce \u00e0 Eug\u00e8ne Gobelin.<\/div>\n<p><div id=\"attachment_20055\" style=\"width: 610px\" class=\"wp-caption alignnone\"><a href=\"http:\/\/rusoch.fr\/files\/2014\/09\/002.jpg\"><img aria-describedby=\"caption-attachment-20055\" loading=\"lazy\" class=\"wp-image-20055 size-large\" src=\"https:\/\/rusoch.fr\/files\/2014\/09\/002-600x400.jpg\" alt=\"\" width=\"600\" height=\"400\" srcset=\"https:\/\/rusoch.fr\/files\/2014\/09\/002-600x400.jpg 600w, https:\/\/rusoch.fr\/files\/2014\/09\/002.jpg 1000w\" sizes=\"(max-width: 600px) 100vw, 600px\" \/><\/a><p id=\"caption-attachment-20055\" class=\"wp-caption-text\">\u0414\u0430\u0442\u044b \u0437\u0430\u043a\u043b\u0430\u0434\u043a\u0438 \u0438 \u0440\u0435\u0441\u0442\u0430\u0432\u0440\u0430\u0446\u0438\u0438 \u0447\u0430\u0441\u043e\u0432\u043d\u0438 | Les dates sur le mur de St-Nicolas Photo: Boris Guessel<\/p><\/div><\/p>\n<p>\u041c\u043e\u043d\u0430\u0445\u0438 \u0444\u0440\u0430\u043d\u0446\u0438\u0441\u043a\u0430\u043d\u0446\u044b \u0437\u0430\u043d\u0438\u043c\u0430\u043b\u0438 \u043f\u043e\u043a\u043e\u0438 \u0437\u0430\u043c\u043a\u0430 \u0434\u043e 1950 \u0433\u043e\u0434\u0430, \u043a\u043e\u0433\u0434\u0430 \u0438 \u043f\u0435\u0440\u0435\u0434\u0430\u043b\u0438 \u043f\u043e\u043c\u0435\u0441\u0442\u044c\u0435 \u0433\u043e\u0441\u0443\u0434\u0430\u0440\u0441\u0442\u0432\u0443. \u0412 1955 \u0433\u043e\u0434\u0443 \u0437\u0434\u0435\u0441\u044c \u043e\u0442\u043a\u0440\u044b\u043b\u0438 \u043c\u0435\u0434\u0438\u043a\u043e-\u043e\u0431\u0440\u0430\u0437\u043e\u0432\u0430\u0442\u0435\u043b\u044c\u043d\u043e\u0435 \u0443\u0447\u0440\u0435\u0436\u0434\u0435\u043d\u0438\u0435 EPNAK \u0434\u043b\u044f \u0434\u0435\u0442\u0435\u0439 \u0441 \u043e\u0433\u0440\u0430\u043d\u0438\u0447\u0435\u043d\u043d\u044b\u043c\u0438 \u0441\u043f\u043e\u0441\u043e\u0431\u043d\u043e\u0441\u0442\u044f\u043c\u0438.<\/p>\n<div class=\"hidden_text\">Des moines occup\u00e8rent le ch\u00e2teau jusqu&#39;en 1950, date \u00e0 laquelle il fut l\u00e9gu\u00e9 \u00e0 l&#39;Etat. En 1955, on a ouvert en ces lieux un \u00e9tablissement m\u00e9dico-\u00e9ducatif, l&#39;EPNAK, destin\u00e9 aux enfants en situation de handicap.<\/div>\n<p><div id=\"attachment_20056\" style=\"width: 276px\" class=\"wp-caption alignnone\"><a href=\"http:\/\/rusoch.fr\/files\/2014\/09\/004.jpg\"><img aria-describedby=\"caption-attachment-20056\" loading=\"lazy\" class=\"wp-image-20056\" src=\"http:\/\/rusoch.fr\/files\/2014\/09\/004-266x400.jpg\" alt=\"\" width=\"266\" height=\"400\" srcset=\"https:\/\/rusoch.fr\/files\/2014\/09\/004-266x400.jpg 266w, https:\/\/rusoch.fr\/files\/2014\/09\/004.jpg 1000w\" sizes=\"(max-width: 266px) 100vw, 266px\" \/><\/a><p id=\"caption-attachment-20056\" class=\"wp-caption-text\">\u0413-\u0436\u0430 \u0411\u0435\u043a, \u0434\u0438\u0440\u0435\u043a\u0442\u043e\u0440 EPNAK \u0432 \u0433\u043e\u0434\u044b \u0440\u043e\u0441\u043f\u0438\u0441\u0438 \u0447\u0430\u0441\u043e\u0432\u043d\u0438 | Mme Beck directeur de l&#39;EPNACK pendant les ann\u00e9es des travaux de Begov dans St-Nicolas Photo: Boris Guessel<\/p><\/div><br \/>\n<div id=\"attachment_20057\" style=\"width: 610px\" class=\"wp-caption alignnone\"><a href=\"http:\/\/rusoch.fr\/files\/2014\/09\/009.jpg\"><img aria-describedby=\"caption-attachment-20057\" loading=\"lazy\" class=\"size-large wp-image-20057\" src=\"http:\/\/rusoch.fr\/files\/2014\/09\/009-600x400.jpg\" alt=\"\" width=\"600\" height=\"400\" srcset=\"https:\/\/rusoch.fr\/files\/2014\/09\/009-600x400.jpg 600w, https:\/\/rusoch.fr\/files\/2014\/09\/009.jpg 1000w\" sizes=\"(max-width: 600px) 100vw, 600px\" \/><\/a><p id=\"caption-attachment-20057\" class=\"wp-caption-text\">\u0414\u0430\u0440 \u0440\u0443\u0441\u0441\u043a\u043e\u0433\u043e \u0445\u0443\u0434\u043e\u0436\u043d\u0438\u043a\u0430 EPNAK \u0438 \u0431\u043e\u043b\u044c\u043d\u044b\u043c \u0434\u0435\u0442\u044f\u043c Photo: Boris Guessel<\/p><\/div><br \/>\n<div id=\"attachment_20058\" style=\"width: 610px\" class=\"wp-caption alignnone\"><a href=\"http:\/\/rusoch.fr\/files\/2014\/09\/007.jpg\"><img aria-describedby=\"caption-attachment-20058\" loading=\"lazy\" class=\"size-large wp-image-20058\" src=\"http:\/\/rusoch.fr\/files\/2014\/09\/007-600x400.jpg\" alt=\"\" width=\"600\" height=\"400\" srcset=\"https:\/\/rusoch.fr\/files\/2014\/09\/007-600x400.jpg 600w, https:\/\/rusoch.fr\/files\/2014\/09\/007.jpg 1000w\" sizes=\"(max-width: 600px) 100vw, 600px\" \/><\/a><p id=\"caption-attachment-20058\" class=\"wp-caption-text\">\u0412\u044b\u0441\u0442\u0443\u043f\u0430\u0435\u0442 \u0446\u0435\u0440\u043a\u043e\u0432\u043d\u044b\u0439 \u0445\u043e\u0440 \u043f\u043e\u0434 \u0440\u0443\u043a\u043e\u0432\u043e\u0434\u0441\u0442\u0432\u043e\u043c \u041d\u0438\u043a\u043e\u043b\u0430\u044f \u0420\u0435\u0431\u0438\u043d\u0434\u0435\u0440\u0430 | Le ch\u0153ur eccl\u00e9siastique, le r\u00e9gent Nicolas Rebinder Photo: Boris Guessel<\/p><\/div><br \/>\n<div id=\"attachment_20060\" style=\"width: 610px\" class=\"wp-caption alignnone\"><a href=\"http:\/\/rusoch.fr\/files\/2014\/09\/011.jpg\"><img aria-describedby=\"caption-attachment-20060\" loading=\"lazy\" class=\" wp-image-20060\" src=\"http:\/\/rusoch.fr\/files\/2014\/09\/011-600x371.jpg\" alt=\"\" width=\"600\" height=\"371\" \/><\/a><p id=\"caption-attachment-20060\" class=\"wp-caption-text\">Photo: Boris Guessel<\/p><\/div><\/p>\n<p>&nbsp;<\/p>","protected":false},"excerpt":{"rendered":"<p>\u0427\u0442\u043e\u0431\u044b \u043f\u043e\u0447\u0442\u0438\u0442\u044c \u043f\u0430\u043c\u044f\u0442\u044c \u0410\u043b\u0435\u043a\u0441\u0435\u044f \u0411\u0435\u0433\u043e\u0432\u0430, \u0434\u0435\u0441\u044f\u0442\u044c \u043b\u0435\u0442 \u043d\u0430\u0437\u0430\u0434 \u0437\u0430\u0432\u0435\u0440\u0448\u0438\u0432\u0448\u0435\u0433\u043e \u0440\u043e\u0441\u043f\u0438\u0441\u044c \u0447\u0430\u0441\u043e\u0432\u043d\u0438 \u0421\u0432\u044f\u0442\u043e\u0433\u043e \u041d\u0438\u043a\u043e\u043b\u0430\u044f, \u0432 \u043f\u043e\u043c\u0435\u0441\u0442\u044c\u0435 \u0416\u0438\u043b\u044c\u0432\u0443\u0430\u0437\u0435\u043d (\u0447\u0442\u043e \u0432 38 \u043a\u0438\u043b\u043e\u043c\u0435\u0442\u0440\u0430\u0445&hellip;<\/p>\n","protected":false},"author":2,"featured_media":20060,"comment_status":"open","ping_status":"open","sticky":false,"template":"","format":"standard","meta":[],"categories":[6],"tags":[2077,2088],"aioseo_notices":[],"_links":{"self":[{"href":"https:\/\/rusoch.fr\/ru\/wp-json\/wp\/v2\/posts\/20051"}],"collection":[{"href":"https:\/\/rusoch.fr\/ru\/wp-json\/wp\/v2\/posts"}],"about":[{"href":"https:\/\/rusoch.fr\/ru\/wp-json\/wp\/v2\/types\/post"}],"author":[{"embeddable":true,"href":"https:\/\/rusoch.fr\/ru\/wp-json\/wp\/v2\/users\/2"}],"replies":[{"embeddable":true,"href":"https:\/\/rusoch.fr\/ru\/wp-json\/wp\/v2\/comments?post=20051"}],"version-history":[{"count":3,"href":"https:\/\/rusoch.fr\/ru\/wp-json\/wp\/v2\/posts\/20051\/revisions"}],"predecessor-version":[{"id":222005,"href":"https:\/\/rusoch.fr\/ru\/wp-json\/wp\/v2\/posts\/20051\/revisions\/222005"}],"wp:featuredmedia":[{"embeddable":true,"href":"https:\/\/rusoch.fr\/ru\/wp-json\/wp\/v2\/media\/20060"}],"wp:attachment":[{"href":"https:\/\/rusoch.fr\/ru\/wp-json\/wp\/v2\/media?parent=20051"}],"wp:term":[{"taxonomy":"category","embeddable":true,"href":"https:\/\/rusoch.fr\/ru\/wp-json\/wp\/v2\/categories?post=20051"},{"taxonomy":"post_tag","embeddable":true,"href":"https:\/\/rusoch.fr\/ru\/wp-json\/wp\/v2\/tags?post=20051"}],"curies":[{"name":"wp","href":"https:\/\/api.w.org\/{rel}","templated":true}]}}