{"id":20138,"date":"2014-10-01T16:31:31","date_gmt":"2014-10-01T15:31:31","guid":{"rendered":"http:\/\/rusoch.fr\/?p=20138"},"modified":"2021-01-05T15:59:51","modified_gmt":"2021-01-05T14:59:51","slug":"strasburg-pravoslavnyj","status":"publish","type":"post","link":"https:\/\/rusoch.fr\/ru\/events\/strasburg-pravoslavnyj.html","title":{"rendered":"\u0421\u0442\u0440\u0430\u0441\u0431\u0443\u0440\u0433 \u043f\u0440\u0430\u0432\u043e\u0441\u043b\u0430\u0432\u043d\u044b\u0439 "},"content":{"rendered":"<p>30 \u0441\u0435\u043d\u0442\u044f\u0431\u0440\u044f \u0432 \u0421\u0442\u0440\u0430\u0441\u0431\u0443\u0440\u0433\u0435 \u043d\u0430 \u0443\u0447\u0430\u0441\u0442\u043a\u0435, \u0432\u044b\u0434\u0435\u043b\u0435\u043d\u043d\u043e\u043c \u043f\u043e\u0434 \u0441\u0442\u0440\u043e\u0438\u0442\u0435\u043b\u044c\u0441\u0442\u0432\u043e \u0445\u0440\u0430\u043c\u0430 \u0412\u0441\u0435\u0445 \u0421\u0432\u044f\u0442\u044b\u0445, \u043f\u0440\u043e\u0438\u0437\u043e\u0448\u043b\u043e \u0434\u043e\u043b\u0433\u043e\u0436\u0434\u0430\u043d\u043d\u043e\u0435 \u0441\u043e\u0431\u044b\u0442\u0438\u0435 \u0434\u043b\u044f \u0432\u0441\u0435\u0445 \u043f\u0440\u0430\u0432\u043e\u0441\u043b\u0430\u0432\u043d\u044b\u0445 \u043d\u0435 \u0442\u043e\u043b\u044c\u043a\u043e \u042d\u043b\u044c\u0437\u0430\u0441\u0430, \u043d\u043e \u0438 \u043f\u043e\u0436\u0430\u043b\u0443\u0439 \u0432\u0441\u0435\u0439 \u0424\u0440\u0430\u043d\u0446\u0438\u0438 \u0438 \u043f\u0440\u0438\u0433\u0440\u0430\u043d\u0438\u0447\u043d\u043e\u0439 \u0413\u0435\u0440\u043c\u0430\u043d\u0438\u0438 \u2013 \u043c\u043e\u043b\u0435\u0431\u0435\u043d \u043d\u0430 \u0437\u0430\u043a\u043b\u0430\u0434\u043a\u0443 \u043f\u0435\u0440\u0432\u043e\u0433\u043e \u043a\u0430\u043c\u043d\u044f \u0432 \u043e\u0441\u043d\u043e\u0432\u0430\u043d\u0438\u0435 \u0445\u0440\u0430\u043c\u0430.<\/p>\n<p>\u00ab\u00a0<em>\u0420\u0443\u0441\u0441\u043a\u0438\u0439 \u043e\u0447\u0435\u0432\u0438\u0434\u0435\u0446\u00a0\u00bb<\/em> \u0438\u0437 \u0415\u0432\u0440\u043e\u043f\u0435\u0439\u0441\u043a\u043e\u0439 \u0441\u0442\u043e\u043b\u0438\u0446\u044b.<\/p>\n<div class=\"hidden_text\">Le 30 Septembre \u00e0 Strasbourg sur le site affect\u00e9 \u00e0 la construction de l&#39;\u00e9glise de Tous les Saints, s\u2019est d\u00e9roul\u00e9 un \u00e9v\u00e9nement tr\u00e8s attendu par tous les orthodoxes, non seulement en Alsace, mais peut-\u00eatre dans l&#39;ensemble de la France et en Allemagne fronti\u00e8re. C\u2019\u00e9tait un office religieux accompagnant la pose de la premi\u00e8re pierre de la fondation de l\u2019\u00e9glise.<\/div>\n<div class=\"hidden_text\">\u00ab<em>L\u2019Obsrevateur russe\"<\/em> se trouvait dans la capitale europ\u00e9enne.<\/div>\n<p><!--more--><\/p>\n<p><div id=\"attachment_20139\" style=\"width: 610px\" class=\"wp-caption alignnone\"><a href=\"http:\/\/rusoch.fr\/files\/2014\/10\/pose-premiere-pierre-704.jpg\"><img aria-describedby=\"caption-attachment-20139\" loading=\"lazy\" class=\"size-large wp-image-20139\" src=\"http:\/\/rusoch.fr\/files\/2014\/10\/pose-premiere-pierre-704-600x397.jpg\" alt=\"\" width=\"600\" height=\"397\" srcset=\"https:\/\/rusoch.fr\/files\/2014\/10\/pose-premiere-pierre-704-600x397.jpg 600w, https:\/\/rusoch.fr\/files\/2014\/10\/pose-premiere-pierre-704.jpg 1000w\" sizes=\"(max-width: 600px) 100vw, 600px\" \/><\/a><p id=\"caption-attachment-20139\" class=\"wp-caption-text\">\u00a9 Luc G\u00e9rard<\/p><\/div><\/p>\n<p>\u041d\u0430\u043f\u043e\u043c\u043d\u0438\u043c, \u0447\u0442\u043e \u0440\u0430\u0431\u043e\u0442\u044b \u043f\u043e <a href=\"(http:\/\/rusoch.fr\/lang\/ru\/rus\/polozheno-nachalo-stroitelstvu-xrama-vsex-svyatyx-v-strasburge.html\">\u0441\u0442\u0440\u043e\u0438\u0442\u0435\u043b\u044c\u0441\u0442\u0432\u0443 \u0445\u0440\u0430\u043c\u0430 <\/a>\u0431\u044b\u043b\u0438 \u043d\u0430\u0447\u0430\u0442\u044b 7 \u0434\u0435\u043a\u0430\u0431\u0440\u044f 2013 \u0433\u043e\u0434\u0430. \u041a \u0441\u0435\u0433\u043e\u0434\u043d\u044f\u0448\u043d\u0435\u043c\u0443 \u0434\u043d\u044e \u043d\u0430 \u0443\u0447\u0430\u0441\u0442\u043a\u0435 \u0443\u0436\u0435 \u0432\u043e\u0437\u0432\u0435\u0434\u0435\u043d\u044b \u043f\u043e\u0434\u0437\u0435\u043c\u043d\u044b\u0439 \u044d\u0442\u0430\u0436 \u0446\u0435\u0440\u043a\u0432\u0438 \u0438 \u043f\u0440\u0438\u0445\u043e\u0434\u0441\u043a\u043e\u0433\u043e \u0446\u0435\u043d\u0442\u0440\u0430.<\/p>\n<div class=\"hidden_text\">Rappelons que <a href=\"http:\/\/rusoch.fr\/lang\/fr\/rus\/polozheno-nachalo-stroitelstvu-xrama-vsex-svyatyx-v-strasburge.html\">la construction de l\u2019\u00e9glise<\/a> a commenc\u00e9 le 7 d\u00e9cembre, 2013. \u00c0 ce jour les sous-sols de l&#39;\u00e9glise et de la paroisse sont d\u00e9j\u00e0 construits.<\/div>\n<p><div id=\"attachment_20140\" style=\"width: 610px\" class=\"wp-caption alignnone\"><a href=\"http:\/\/rusoch.fr\/files\/2014\/10\/pose-premiere-pierre-716.jpg\"><img aria-describedby=\"caption-attachment-20140\" loading=\"lazy\" class=\" wp-image-20140\" src=\"http:\/\/rusoch.fr\/files\/2014\/10\/pose-premiere-pierre-716-600x397.jpg\" alt=\"\" width=\"600\" height=\"397\" srcset=\"https:\/\/rusoch.fr\/files\/2014\/10\/pose-premiere-pierre-716-600x397.jpg 600w, https:\/\/rusoch.fr\/files\/2014\/10\/pose-premiere-pierre-716.jpg 1000w\" sizes=\"(max-width: 600px) 100vw, 600px\" \/><\/a><p id=\"caption-attachment-20140\" class=\"wp-caption-text\">\u00a9 Luc G\u00e9rard<\/p><\/div><\/p>\n<p>\u041f\u043e \u0431\u043b\u0430\u0433\u043e\u0441\u043b\u043e\u0432\u0435\u043d\u0438\u044e \u0421\u0432\u044f\u0442\u0435\u0439\u0448\u0435\u0433\u043e \u041f\u0430\u0442\u0440\u0438\u0430\u0440\u0445\u0430 \u041c\u043e\u0441\u043a\u043e\u0432\u0441\u043a\u043e\u0433\u043e \u0438 \u0432\u0441\u0435\u044f \u0420\u0443\u0441\u0438 \u041a\u0438\u0440\u0438\u043b\u043b\u0430 \u043c\u043e\u043b\u0435\u0431\u0435\u043d \u0432\u043e\u0437\u0433\u043b\u0430\u0432\u0438\u043b \u0430\u0440\u0445\u0438\u0435\u043f\u0438\u0441\u043a\u043e\u043f \u0415\u0433\u043e\u0440\u044c\u0435\u0432\u0441\u043a\u0438\u0439 \u041c\u0430\u0440\u043a, \u0440\u0443\u043a\u043e\u0432\u043e\u0434\u0438\u0442\u0435\u043b\u044c \u0423\u043f\u0440\u0430\u0432\u043b\u0435\u043d\u0438\u044f \u041c\u043e\u0441\u043a\u043e\u0432\u0441\u043a\u043e\u0439 \u041f\u0430\u0442\u0440\u0438\u0430\u0440\u0445\u0438\u0438 \u043f\u043e \u0437\u0430\u0440\u0443\u0431\u0435\u0436\u043d\u044b\u043c \u0443\u0447\u0440\u0435\u0436\u0434\u0435\u043d\u0438\u044f\u043c.<\/p>\n<div class=\"hidden_text\">Avec la b\u00e9n\u00e9diction de Sa Saintet\u00e9 le Patriarche de Moscou et de toute la Russie Kirill l\u2019office religieux \u00e9tait dirig\u00e9 par l&#39;archev\u00eaque Mark de Yegorievsk, chef du d\u00e9partement des \u00e9tablissements \u00e9trangers du Patriarcat de Moscou.<\/div>\n<p><div id=\"attachment_20141\" style=\"width: 610px\" class=\"wp-caption alignnone\"><a href=\"http:\/\/rusoch.fr\/files\/2014\/10\/pose-premiere-pierre-675.jpg\"><img aria-describedby=\"caption-attachment-20141\" loading=\"lazy\" class=\"size-large wp-image-20141\" src=\"http:\/\/rusoch.fr\/files\/2014\/10\/pose-premiere-pierre-675-600x397.jpg\" alt=\"\" width=\"600\" height=\"397\" srcset=\"https:\/\/rusoch.fr\/files\/2014\/10\/pose-premiere-pierre-675-600x397.jpg 600w, https:\/\/rusoch.fr\/files\/2014\/10\/pose-premiere-pierre-675.jpg 1000w\" sizes=\"(max-width: 600px) 100vw, 600px\" \/><\/a><p id=\"caption-attachment-20141\" class=\"wp-caption-text\">\u00a9 Luc G\u00e9rard<\/p><\/div><\/p>\n<p>\u041a\u0440\u043e\u043c\u0435 \u0431\u043e\u043b\u044c\u0448\u043e\u0433\u043e \u043a\u043e\u043b\u0438\u0447\u0435\u0441\u0442\u0432\u0430 \u043f\u0440\u0438\u0445\u043e\u0436\u0430\u043d, \u043d\u0430 \u0431\u043e\u0433\u043e\u0441\u043b\u0443\u0436\u0435\u043d\u0438\u0438 \u043f\u0440\u0438\u0441\u0443\u0442\u0441\u0442\u0432\u043e\u0432\u0430\u043b\u0438 \u043f\u043e\u0441\u043e\u043b \u0420\u0424 \u0432\u043e \u0424\u0440\u0430\u043d\u0446\u0438\u0438 \u0410\u043b\u0435\u043a\u0441\u0430\u043d\u0434\u0440 \u041e\u0440\u043b\u043e\u0432, \u0433\u0435\u043d\u0435\u0440\u0430\u043b\u044c\u043d\u044b\u0439 \u043a\u043e\u043d\u0441\u0443\u043b \u0420\u0424 \u0432 \u0421\u0442\u0440\u0430\u0441\u0431\u0443\u0440\u0433\u0435 \u0410\u043b\u0435\u043a\u0441\u0430\u043d\u0434\u0440 \u0411\u0443\u0440\u0434\u0438\u043d. \u0414\u043b\u044f \u0443\u0447\u0430\u0441\u0442\u0438\u044f \u0432 \u0431\u043e\u0433\u043e\u0441\u043b\u0443\u0436\u0435\u043d\u0438\u0438 \u0431\u044b\u043b \u043f\u0440\u0438\u0433\u043b\u0430\u0448\u0435\u043d \u0445\u043e\u0440 \u0438\u0437 \u041c\u043e\u0441\u043a\u043e\u0432\u0441\u043a\u043e\u0439 \u0434\u0443\u0445\u043e\u0432\u043d\u043e\u0439 \u0430\u043a\u0430\u0434\u0435\u043c\u0438\u0438.<\/p>\n<div class=\"hidden_text\">Outre un grand nombre de paroissiens aux services ont assist\u00e9 l&#39;ambassadeur de Russie en France Alexandre Orlov et le Consul g\u00e9n\u00e9ral de la F\u00e9d\u00e9ration de Russie \u00e0 Strasbourg Alexandre Burdine. Le ch\u0153ur de l&#39;Acad\u00e9mie th\u00e9ologique de Moscou a pris part \u00e0 la liturgie.<\/div>\n<p><div id=\"attachment_20142\" style=\"width: 610px\" class=\"wp-caption alignnone\"><a href=\"http:\/\/rusoch.fr\/files\/2014\/10\/pose-premiere-pierre-729.jpg\"><img aria-describedby=\"caption-attachment-20142\" loading=\"lazy\" class=\" wp-image-20142\" src=\"http:\/\/rusoch.fr\/files\/2014\/10\/pose-premiere-pierre-729-600x397.jpg\" alt=\"\" width=\"600\" height=\"397\" srcset=\"https:\/\/rusoch.fr\/files\/2014\/10\/pose-premiere-pierre-729-600x397.jpg 600w, https:\/\/rusoch.fr\/files\/2014\/10\/pose-premiere-pierre-729.jpg 1000w\" sizes=\"(max-width: 600px) 100vw, 600px\" \/><\/a><p id=\"caption-attachment-20142\" class=\"wp-caption-text\">\u00a9 Luc G\u00e9rard<\/p><\/div><br \/>\n<div id=\"attachment_20143\" style=\"width: 610px\" class=\"wp-caption alignnone\"><a href=\"http:\/\/rusoch.fr\/files\/2014\/10\/pose-premiere-pierre-679.jpg\"><img aria-describedby=\"caption-attachment-20143\" loading=\"lazy\" class=\" wp-image-20143\" src=\"http:\/\/rusoch.fr\/files\/2014\/10\/pose-premiere-pierre-679-600x397.jpg\" alt=\"\" width=\"600\" height=\"397\" srcset=\"https:\/\/rusoch.fr\/files\/2014\/10\/pose-premiere-pierre-679-600x397.jpg 600w, https:\/\/rusoch.fr\/files\/2014\/10\/pose-premiere-pierre-679.jpg 1000w\" sizes=\"(max-width: 600px) 100vw, 600px\" \/><\/a><p id=\"caption-attachment-20143\" class=\"wp-caption-text\">\u00a9 Luc G\u00e9rard<\/p><\/div><br \/>\n<div id=\"attachment_20144\" style=\"width: 610px\" class=\"wp-caption alignnone\"><a href=\"http:\/\/rusoch.fr\/files\/2014\/10\/pose-premiere-pierre-779.jpg\"><img aria-describedby=\"caption-attachment-20144\" loading=\"lazy\" class=\" wp-image-20144\" src=\"http:\/\/rusoch.fr\/files\/2014\/10\/pose-premiere-pierre-779-600x397.jpg\" alt=\"\" width=\"600\" height=\"397\" srcset=\"https:\/\/rusoch.fr\/files\/2014\/10\/pose-premiere-pierre-779-600x397.jpg 600w, https:\/\/rusoch.fr\/files\/2014\/10\/pose-premiere-pierre-779.jpg 1000w\" sizes=\"(max-width: 600px) 100vw, 600px\" \/><\/a><p id=\"caption-attachment-20144\" class=\"wp-caption-text\">\u00a9 Luc G\u00e9rard<\/p><\/div><br \/>\n<div id=\"attachment_20145\" style=\"width: 610px\" class=\"wp-caption alignnone\"><a href=\"http:\/\/rusoch.fr\/files\/2014\/10\/pose-premiere-pierre-805.jpg\"><img aria-describedby=\"caption-attachment-20145\" loading=\"lazy\" class=\"size-large wp-image-20145\" src=\"http:\/\/rusoch.fr\/files\/2014\/10\/pose-premiere-pierre-805-600x397.jpg\" alt=\"\" width=\"600\" height=\"397\" srcset=\"https:\/\/rusoch.fr\/files\/2014\/10\/pose-premiere-pierre-805-600x397.jpg 600w, https:\/\/rusoch.fr\/files\/2014\/10\/pose-premiere-pierre-805.jpg 1000w\" sizes=\"(max-width: 600px) 100vw, 600px\" \/><\/a><p id=\"caption-attachment-20145\" class=\"wp-caption-text\">\u00a9 Luc G\u00e9rard<\/p><\/div><\/p>\n<p>\u041e\u0442\u0434\u0435\u043b\u044c\u043d\u043e\u0435 \u0441\u043f\u0430\u0441\u0438\u0431\u043e \u0437\u0430 \u043f\u0440\u0435\u0434\u043e\u0441\u0442\u0430\u0432\u043b\u0435\u043d\u043d\u044b\u0435 \u0444\u043e\u0442\u043e \u041b\u044e\u043a\u0443 \u0416\u0435\u0440\u0430\u0440\u0443.<\/p>\n<div class=\"hidden_text\">Un remerciement particulier \u00e0 Luc G\u00e9rard pour les photos.<\/div>\n<p><\/p>","protected":false},"excerpt":{"rendered":"<p>30 \u0441\u0435\u043d\u0442\u044f\u0431\u0440\u044f \u0432 \u0421\u0442\u0440\u0430\u0441\u0431\u0443\u0440\u0433\u0435 \u043d\u0430 \u0443\u0447\u0430\u0441\u0442\u043a\u0435, \u0432\u044b\u0434\u0435\u043b\u0435\u043d\u043d\u043e\u043c \u043f\u043e\u0434 \u0441\u0442\u0440\u043e\u0438\u0442\u0435\u043b\u044c\u0441\u0442\u0432\u043e \u0445\u0440\u0430\u043c\u0430 \u0412\u0441\u0435\u0445 \u0421\u0432\u044f\u0442\u044b\u0445, \u043f\u0440\u043e\u0438\u0437\u043e\u0448\u043b\u043e \u0434\u043e\u043b\u0433\u043e\u0436\u0434\u0430\u043d\u043d\u043e\u0435 \u0441\u043e\u0431\u044b\u0442\u0438\u0435 \u0434\u043b\u044f \u0432\u0441\u0435\u0445 \u043f\u0440\u0430\u0432\u043e\u0441\u043b\u0430\u0432\u043d\u044b\u0445 \u043d\u0435 \u0442\u043e\u043b\u044c\u043a\u043e&hellip;<\/p>\n","protected":false},"author":2,"featured_media":20145,"comment_status":"open","ping_status":"open","sticky":false,"template":"","format":"standard","meta":[],"categories":[6],"tags":[715,3215,529],"aioseo_notices":[],"_links":{"self":[{"href":"https:\/\/rusoch.fr\/ru\/wp-json\/wp\/v2\/posts\/20138"}],"collection":[{"href":"https:\/\/rusoch.fr\/ru\/wp-json\/wp\/v2\/posts"}],"about":[{"href":"https:\/\/rusoch.fr\/ru\/wp-json\/wp\/v2\/types\/post"}],"author":[{"embeddable":true,"href":"https:\/\/rusoch.fr\/ru\/wp-json\/wp\/v2\/users\/2"}],"replies":[{"embeddable":true,"href":"https:\/\/rusoch.fr\/ru\/wp-json\/wp\/v2\/comments?post=20138"}],"version-history":[{"count":1,"href":"https:\/\/rusoch.fr\/ru\/wp-json\/wp\/v2\/posts\/20138\/revisions"}],"predecessor-version":[{"id":221175,"href":"https:\/\/rusoch.fr\/ru\/wp-json\/wp\/v2\/posts\/20138\/revisions\/221175"}],"wp:featuredmedia":[{"embeddable":true,"href":"https:\/\/rusoch.fr\/ru\/wp-json\/wp\/v2\/media\/20145"}],"wp:attachment":[{"href":"https:\/\/rusoch.fr\/ru\/wp-json\/wp\/v2\/media?parent=20138"}],"wp:term":[{"taxonomy":"category","embeddable":true,"href":"https:\/\/rusoch.fr\/ru\/wp-json\/wp\/v2\/categories?post=20138"},{"taxonomy":"post_tag","embeddable":true,"href":"https:\/\/rusoch.fr\/ru\/wp-json\/wp\/v2\/tags?post=20138"}],"curies":[{"name":"wp","href":"https:\/\/api.w.org\/{rel}","templated":true}]}}