{"id":20467,"date":"2014-10-26T10:27:31","date_gmt":"2014-10-26T09:27:31","guid":{"rendered":"http:\/\/rusoch.fr\/?p=20467"},"modified":"2024-01-04T13:00:34","modified_gmt":"2024-01-04T12:00:34","slug":"v-parizhe-torzhestvenno-otkryli-pamyatnik-ioannu-pavlu-ii-zuraba-cereteli","status":"publish","type":"post","link":"https:\/\/rusoch.fr\/ru\/cult\/v-parizhe-torzhestvenno-otkryli-pamyatnik-ioannu-pavlu-ii-zuraba-cereteli.html","title":{"rendered":"\u0412 \u041f\u0430\u0440\u0438\u0436\u0435 \u0442\u043e\u0440\u0436\u0435\u0441\u0442\u0432\u0435\u043d\u043d\u043e \u043e\u0442\u043a\u0440\u044b\u043b\u0438 \u043f\u0430\u043c\u044f\u0442\u043d\u0438\u043a \u0418\u043e\u0430\u043d\u043d\u0443 \u041f\u0430\u0432\u043b\u0443 II  \u0417\u0443\u0440\u0430\u0431\u0430 \u0426\u0435\u0440\u0435\u0442\u0435\u043b\u0438 "},"content":{"rendered":"<p><b><\/b>\u0412 \u0441\u0443\u0431\u0431\u043e\u0442\u0443 25 \u043e\u043a\u0442\u044f\u0431\u0440\u044f, \u0432 \u041f\u0430\u0440\u0438\u0436\u0435 \u0443\u0441\u0442\u0430\u043d\u043e\u0432\u0438\u043b\u0438 \u0441\u0442\u0430\u0442\u0443\u044e \u043f\u0430\u043f\u044b \u0440\u0438\u043c\u0441\u043a\u043e\u0433\u043e \u0418\u043e\u0430\u043d\u043d\u0430 \u041f\u0430\u0432\u043b\u0430 II\u00a0\u0440\u0430\u0431\u043e\u0442\u044b\u00a0\u0417\u0443\u0440\u0430\u0431\u0430 \u0426\u0435\u0440\u0435\u0442\u0435\u043b\u0438.<\/p>\n<div class=\"hidden_text\">Le samedi 25 octobre \u00e0 Paris, a \u00e9t\u00e9 install\u00e9 la statue du pape Jean-Paul II faite par Zurab Tsereteli.<\/div>\n<p>\u00ab\u00a0<i>\u0420\u0443\u0441\u0441\u043a\u0438\u0439 \u043e\u0447\u0435\u0432\u0438\u0434\u0435\u0446<\/i>\u00bb \u043e\u0442\u043f\u0440\u0430\u0432\u0438\u043b\u0441\u044f \u043d\u0430 \u0438\u043d\u0430\u0443\u0433\u0443\u0440\u0430\u0446\u0438\u044e.<\/p>\n<div class=\"hidden_text\">\u00ab\u00a0L\u2019Observateur russe\u00a0\u00bb s\u2019est rendu sur place.<\/div>\n<p><!--more--><\/p>\n<p>&nbsp;<\/p>\n<p><div id=\"attachment_20468\" style=\"width: 310px\" class=\"wp-caption alignnone\"><a href=\"http:\/\/rusoch.fr\/files\/2014\/10\/IMG_0558.jpg\"><img aria-describedby=\"caption-attachment-20468\" loading=\"lazy\" class=\"size-large wp-image-20468\" src=\"http:\/\/rusoch.fr\/files\/2014\/10\/IMG_0558-300x400.jpg\" alt=\"\" width=\"300\" height=\"400\" srcset=\"https:\/\/rusoch.fr\/files\/2014\/10\/IMG_0558-300x400.jpg 300w, https:\/\/rusoch.fr\/files\/2014\/10\/IMG_0558.jpg 1000w\" sizes=\"(max-width: 300px) 100vw, 300px\" \/><\/a><p id=\"caption-attachment-20468\" class=\"wp-caption-text\">Photo: Anna Aschkova<\/p><\/div><\/p>\n<p>\u00a0\u0410\u0440\u0445\u0438\u0435\u043f\u0438\u0441\u043a\u043e\u043f \u043f\u043e\u043b\u044c\u0441\u043a\u043e\u0433\u043e \u0433\u043e\u0440\u043e\u0434\u0430 \u041b\u043e\u0434\u0437\u044c, \u041c\u0430\u0440\u0435\u043a \u0415\u0434\u0440\u0430\u0436\u0435\u0432\u0441\u043a\u0438\u0439 \u0441\u043e\u043e\u0431\u0449\u0438\u043b, \u0447\u0442\u043e \u043f\u043e\u043b\u0443\u0447\u0438\u043b \u043d\u0430\u00a0\u044d\u0442\u043e \u043e\u0444\u0438\u0446\u0438\u0430\u043b\u044c\u043d\u043e\u0435 \u0440\u0430\u0437\u0440\u0435\u0448\u0435\u043d\u0438\u0435 \u043e\u0442\u00a0\u0410\u0440\u0445\u0438\u0442\u0435\u043a\u0442\u0443\u0440\u043d\u043e\u0433\u043e \u0443\u043f\u0440\u0430\u0432\u043b\u0435\u043d\u0438\u044f \u0424\u0440\u0430\u043d\u0446\u0438\u0438 \u0438\u00a0\u043f\u0440\u0435\u0444\u0435\u043a\u0442\u0443\u0440\u044b <em>\u041f\u0430\u0440\u0438\u0436\u0430.<\/em><\/p>\n<p>\u0426\u0435\u0440\u0435\u043c\u043e\u043d\u0438\u044f \u043e\u0442\u043a\u0440\u044b\u0442\u0438\u044f \u0441\u043e\u0441\u0442\u043e\u044f\u043b\u0430\u0441\u044c \u0443\u0442\u0440\u043e\u043c \u0432\u00a0 \u0441\u043a\u0432\u0435\u0440\u0435 \u0440\u044f\u0434\u043e\u043c \u0441\u00a0 \u0441\u043e\u0431\u043e\u0440\u043e\u043c \u041f\u0430\u0440\u0438\u0436\u0441\u043a\u043e\u0439 \u0411\u043e\u0433\u043e\u043c\u0430\u0442\u0435\u0440\u0438. \u041f\u0430\u0440\u043a \u043d\u043e\u0441\u0438\u0442 \u0438\u043c\u044f \u043f\u0430\u043f\u044b \u0418\u043e\u0430\u043d\u043d\u0430 XXIII. \u0418\u043c\u0435\u043d\u0430 \u043e\u0431\u043e\u0438\u0445 \u043f\u043e\u043d\u0442\u0438\u0444\u0438\u043a\u043e\u0432 \u043d\u0435\u0440\u0430\u0437\u043b\u0443\u0447\u043d\u044b \u0441\u043e \u0434\u043d\u044f \u0438\u0445 \u043a\u0430\u043d\u043e\u043d\u0438\u0437\u0430\u0446\u0438\u0438 \u0432\u00a0 \u0430\u043f\u0440\u0435\u043b\u0435 2014 \u0433\u043e\u0434\u0430.<\/p>\n<div class=\"hidden_text\">L\u2019archev\u00eaque de la ville polonaise de Lodz, Marek Edrazhevsky a obtenu l&#39;autorisation officielle du Contr\u00f4le de l&#39;Architecture de France et de la Pr\u00e9fecture de Paris.<\/div>\n<div class=\"hidden_text\">La c\u00e9r\u00e9monie d&#39;ouverture a eu lieu dans la matin\u00e9e au square \u00e0 c\u00f4t\u00e9 de la cath\u00e9drale de Notre-Dame. Le petit parc porte le nom d&#39;un autre pape&nbsp;&mdash; Jean XXIII. Ainsi les noms des deux pontifes seront \u00e0 jamais li\u00e9s, tout comme ils le sont par la date de leur canonisation.<\/div>\n<p><div id=\"attachment_20473\" style=\"width: 543px\" class=\"wp-caption alignnone\"><a href=\"http:\/\/rusoch.fr\/files\/2014\/10\/IMG_0560.jpg\"><img aria-describedby=\"caption-attachment-20473\" loading=\"lazy\" class=\"size-large wp-image-20473\" src=\"http:\/\/rusoch.fr\/files\/2014\/10\/IMG_0560-533x400.jpg\" alt=\"\" width=\"533\" height=\"400\" srcset=\"https:\/\/rusoch.fr\/files\/2014\/10\/IMG_0560-533x400.jpg 533w, https:\/\/rusoch.fr\/files\/2014\/10\/IMG_0560.jpg 1000w\" sizes=\"(max-width: 533px) 100vw, 533px\" \/><\/a><p id=\"caption-attachment-20473\" class=\"wp-caption-text\">Photo: Anna Aschkova<\/p><\/div><\/p>\n<p>\u0412 \u043c\u0435\u0440\u043e\u043f\u0440\u0438\u044f\u0442\u0438\u0438 \u043e\u0442\u043a\u0440\u044b\u0442\u0438\u044f \u043f\u0430\u043c\u044f\u0442\u043d\u0438\u043a\u0430 \u043f\u0440\u0438\u043d\u044f\u043b\u0438 \u0443\u0447\u0430\u0441\u0442\u0438\u0435 \u043c\u044d\u0440 \u041f\u0430\u0440\u0438\u0436\u0430 \u0410\u043d\u043d \u0418\u0434\u0430\u043b\u044c\u0433\u043e, \u0430\u0440\u0445\u0438\u0435\u043f\u0438\u0441\u043a\u043e\u043f \u041b\u043e\u0434\u0437\u0438 \u041c\u0430\u0440\u0435\u043a \u0415\u0434\u0440\u0430\u0436\u0435\u0432\u0441\u043a\u0438\u0439, \u0430\u0440\u0445\u0438\u0435\u043f\u0438\u0441\u043a\u043e\u043f \u041f\u0430\u0440\u0438\u0436\u0430 \u043a\u0430\u0440\u0434\u0438\u043d\u0430\u043b \u0410\u043d\u0434\u0440\u0435 \u0412\u0435\u043d-\u0422\u0440\u0443\u0430, \u0430\u0432\u0442\u043e\u0440 \u043f\u0430\u043c\u044f\u0442\u043d\u0438\u043a\u0430 \u0417\u0443\u0440\u0430\u0431 \u0426\u0435\u0440\u0435\u0442\u0435\u043b\u0438, \u0431\u044b\u0432\u0448\u0438\u0439 \u043f\u0440\u0435\u043c\u044c\u0435\u0440 \u043c\u0438\u043d\u0438\u0441\u0442\u0440 \u0424\u0440\u0430\u043d\u0446\u0438\u0438 \u2013 \u042d\u0434\u0443\u0430\u0440\u0434 \u0411\u0430\u043b\u0430\u0434\u044e\u0440, \u043f\u0440\u0435\u0434\u0441\u0442\u0430\u0432\u0438\u0442\u0435\u043b\u0438 \u0442\u0432\u043e\u0440\u0447\u0435\u0441\u043a\u043e\u0439 \u044d\u043b\u0438\u0442\u044b \u0438 \u042e\u041d\u0415\u0421\u041a\u041e, \u0447\u043b\u0435\u043d\u044b \u043f\u043e\u043b\u044c\u0441\u043a\u043e\u0439 \u043e\u0431\u0449\u0438\u043d\u044b \u0424\u0440\u0430\u043d\u0446\u0438\u0438, \u043c\u044d\u0440\u044b 1 \u043e\u0433\u043e, 4 \u043e\u0433\u043e \u0438 15 \u043e\u0433\u043e \u043e\u043a\u0440\u0443\u0433\u043e\u0432 \u0441\u0442\u043e\u043b\u0438\u0446\u044b.<\/p>\n<div class=\"hidden_text\">De nombreuses personnalit\u00e9s connues sont venues assister \u00e0 la c\u00e9r\u00e9monie de d\u00e9voilement de la statue\u00a0: Anne Hidalgo (maire de la ville de Paris), archev\u00eaque Marek Edrazhevsky Lodz (archev\u00eaque de Paris), le cardinal Andr\u00e9 Vingt-Trois, sculpteur du monument Zurab Tsereteli, l&#39;ancien Premier ministre fran\u00e7ais Edouard Balladur, des repr\u00e9sentants du milieu artistique et cultuel, de l&#39;UNESCO, des repr\u00e9sentants de la communaut\u00e9 polonaise \u00e0 Paris, des maires du 1 er, 4\u00e8me et 15\u00e8me arrondissements.<\/div>\n<p><div id=\"attachment_20474\" style=\"width: 610px\" class=\"wp-caption alignnone\"><a href=\"http:\/\/rusoch.fr\/files\/2014\/10\/A-PAPA-IMG_4757.jpg\"><img aria-describedby=\"caption-attachment-20474\" loading=\"lazy\" class=\"size-large wp-image-20474 \" src=\"http:\/\/rusoch.fr\/files\/2014\/10\/A-PAPA-IMG_4757-600x381.jpg\" alt=\"\" width=\"600\" height=\"381\" srcset=\"https:\/\/rusoch.fr\/files\/2014\/10\/A-PAPA-IMG_4757-600x381.jpg 600w, https:\/\/rusoch.fr\/files\/2014\/10\/A-PAPA-IMG_4757.jpg 1257w\" sizes=\"(max-width: 600px) 100vw, 600px\" \/><\/a><p id=\"caption-attachment-20474\" class=\"wp-caption-text\">Photo: Vladimir Bazan<\/p><\/div><\/p>\n<p>\u041c\u043e\u043d\u0443\u043c\u0435\u043d\u0442 \u0431\u044b\u043b \u0437\u0430\u0432\u0435\u0440\u0448\u0451\u043d \u0435\u0449\u0451 \u0432 2010 \u0433\u043e\u0434\u0443, \u043f\u043e\u0441\u043b\u0435 \u0447\u0435\u0433\u043e \u0441\u043a\u0440\u044b\u0442 \u0432 \u043c\u043e\u043d\u0430\u0441\u0442\u044b\u0440\u0435 \u0412\u0438\u0437\u0438\u0442\u0430\u0441\u044c\u043e\u043d (14-\u0439 \u043e\u043a\u0440\u0443\u0433 \u041f\u0430\u0440\u0438\u0436\u0430), \u0430 \u0437\u0430\u0442\u0435\u043c \u0426\u0435\u0440\u0435\u0442\u0435\u043b\u0438 \u043f\u043e\u0434\u0430\u0440\u0438\u043b \u044d\u0442\u0443 \u0441\u0442\u0430\u0442\u0443\u044e \u043f\u043e\u043b\u044c\u0441\u043a\u043e\u0439 \u043e\u0431\u0449\u0438\u043d\u0435 \u041f\u0430\u0440\u0438\u0436\u0430. \u0414\u043e\u043b\u0433\u043e\u0435 \u0432\u0440\u0435\u043c\u044f \u0431\u0440\u043e\u043d\u0437\u043e\u0432\u044b\u0439 \u0418\u043e\u0430\u043d\u043d \u041f\u0430\u0432\u0435\u043b II \u043d\u0435 \u043c\u043e\u0433 \u043d\u0430\u0439\u0442\u0438 \u0441\u0435\u0431\u0435 \u043c\u0435\u0441\u0442\u0430. \u041c\u043e\u043d\u0443\u043c\u0435\u043d\u0442 \u0432\u044b\u0441\u043e\u0442\u043e\u0439 \u0432 3,6 \u043c\u0435\u0442\u0440\u0430 \u0438 \u0432\u0435\u0441\u043e\u043c 1,5 \u0442\u043e\u043d\u043d\u044b, \u043f\u0440\u043e\u0441\u0442\u043e \u043d\u0435\u043a\u0443\u0434\u0430 \u0431\u044b\u043b\u043e \u0443\u0441\u0442\u0430\u043d\u043e\u0432\u0438\u0442\u044c. \u041f\u043e\u043b\u044c\u0441\u043a\u0430\u044f \u043a\u0430\u0442\u043e\u043b\u0438\u0447\u0435\u0441\u043a\u0430\u044f \u043e\u0431\u0449\u0438\u043d\u0430 \u0441 \u0441\u043e\u0433\u043b\u0430\u0441\u0438\u044f \u043f\u0440\u0435\u0434\u0441\u0442\u0430\u0432\u0438\u0442\u0435\u043b\u0435\u0439 \u0424\u0440\u0430\u043d\u0446\u0438\u0438 \u043f\u0435\u0440\u0435\u0434\u0430\u043b\u0430 \u0441\u0442\u0430\u0442\u0443\u044e \u0441\u0442\u043e\u043b\u0438\u0446\u0435, \u0430 \u0433\u043e\u0440\u043e\u0434 \u0443\u0436\u0435 \u043f\u043e\u0434\u0430\u0440\u0438\u043b \u0435\u0435 \u0441\u043e\u0431\u043e\u0440\u0443 \u041d\u043e\u0442\u0440 \u0414\u0430\u043c. \u041f\u043e\u0441\u0442\u0430\u043c\u0435\u043d\u0442 \u0434\u043b\u044f \u0441\u0442\u0430\u0442\u0443\u0438 \u0438\u0437\u0433\u043e\u0442\u043e\u0432\u043b\u0435\u043d \u0438\u0437\u00a0 \u0431\u0443\u0440\u0433\u0443\u043d\u0434\u0441\u043a\u043e\u0433\u043e \u043a\u0430\u043c\u043d\u044f. \u0420\u044f\u0434\u043e\u043c \u0441\u00a0\u043c\u043e\u043d\u0443\u043c\u0435\u043d\u0442\u043e\u043c \u0432\u0435\u0441\u043d\u043e\u0439 \u0431\u0443\u0434\u0443\u0449\u0435\u0433\u043e \u0433\u043e\u0434\u0430 \u0431\u0443\u0434\u0435\u0442 \u0432\u044b\u0441\u0430\u0436\u0435\u043d \u0441\u043e\u0440\u0442 \u0431\u0435\u043b\u044b\u0445 \u0440\u043e\u0437, \u043d\u043e\u0441\u044f\u0449\u0438\u0439 \u0438\u043c\u044f \u0418\u043e\u0430\u043d\u043d\u0430 \u041f\u0430\u0432\u043b\u0430\u00a0II.<\/p>\n<div class=\"hidden_text\">Les travaux sur le monument ont \u00e9t\u00e9 termin\u00e9s en 2010. La statue fut ensuite cach\u00e9e dans le monast\u00e8re de la Visitation (Paris XIV), puis Tsereteli l&#39;a offert \u00e0 la communaut\u00e9 polonaise de Paris. Pendant longtemps le Saint Jean-Paul II en bronze ne pouvait se trouver de place fixe. En effet c&#39;\u00e9tait li\u00e9 \u00e0 son gabarit assez important\u00a0: une hauteur de 3,6 m\u00e8tres et un poids de 1,5 tonne. La communaut\u00e9 catholique polonaise avec le consentement des repr\u00e9sentants de la France a donc d\u00e9cid\u00e9 de l&#39;offrir \u00e0 son tour \u00e0 la capitale, et plus pr\u00e9cis\u00e9ment \u00e0 la cath\u00e9drale de Notre-Dame de Paris. Le socle de la statue est en pierre de Bourgonne, d\u00e8s l\u2019ann\u00e9e prochaine des roses blanches devront voir le jour aux pieds du pape dont elles porteront le nom.<\/div>\n<p><div id=\"attachment_20475\" style=\"width: 539px\" class=\"wp-caption alignnone\"><a href=\"http:\/\/rusoch.fr\/files\/2014\/10\/A-PAPA-IMG_4777.jpg\"><img aria-describedby=\"caption-attachment-20475\" loading=\"lazy\" class=\"size-large wp-image-20475\" src=\"http:\/\/rusoch.fr\/files\/2014\/10\/A-PAPA-IMG_4777-529x400.jpg\" alt=\"\" width=\"529\" height=\"400\" srcset=\"https:\/\/rusoch.fr\/files\/2014\/10\/A-PAPA-IMG_4777-529x400.jpg 529w, https:\/\/rusoch.fr\/files\/2014\/10\/A-PAPA-IMG_4777.jpg 1059w\" sizes=\"(max-width: 529px) 100vw, 529px\" \/><\/a><p id=\"caption-attachment-20475\" class=\"wp-caption-text\">Photo: Vladimir Bazan<\/p><\/div><\/p>\n<p>\u041a\u0430\u043a \u0432\u044b\u0440\u0430\u0437\u0438\u043b\u0441\u044f \u043a\u0430\u0440\u0434\u0438\u043d\u0430\u043b \u0410\u043d\u0434\u0440\u0435 \u0412\u0435\u043d \u0422\u0443\u0440\u0430: \u00ab\u00a0\u0418\u043e\u0430\u043d\u043d \u041f\u0430\u0432\u0435\u043b II \u0438 \u043f\u043e \u0441\u0435\u0439 \u0434\u0435\u043d\u044c \u043f\u0440\u043e\u0434\u043e\u043b\u0436\u0438\u0442 \u0441\u0432\u043e\u044e \u043c\u0438\u0441\u0441\u0438\u044e \u043f\u0430\u0441\u0442\u044b\u0440\u044f, \u043e\u0431\u0440\u0430\u0442\u0438\u0432 \u0441\u0432\u043e\u0439 \u0432\u0437\u043e\u0440 \u0432 \u0441\u0442\u043e\u0440\u043e\u043d\u0443 \u041f\u0430\u0440\u0438\u0436\u0430 \u0438 \u043d\u0430\u0431\u043b\u044e\u0434\u0430\u044f \u0437\u0430 \u0435\u0433\u043e \u043e\u0431\u0438\u0442\u0430\u0442\u0435\u043b\u044f\u043c\u0438\u00bb.<\/p>\n<p>\u0412 \u0441\u0432\u043e\u044e \u043e\u0447\u0435\u0440\u0435\u0434\u044c, \u043f\u0440\u0435\u0434\u0441\u0442\u0430\u0432\u0438\u0442\u0435\u043b\u044c \u043f\u043e\u043b\u044c\u0441\u043a\u043e\u0439 \u043a\u0430\u0442\u043e\u043b\u0438\u0447\u0435\u0441\u043a\u043e\u0439 \u043e\u0431\u0449\u0438\u043d\u044b \u041f\u0430\u0440\u0438\u0436\u0430 \u041f\u043e\u043b\u044c \u041a\u043e\u0441\u0442\u043a\u0430 \u043f\u043e\u0431\u043b\u0430\u0433\u043e\u0434\u0430\u0440\u0438\u043b \u043f\u0440\u0435\u0437\u0438\u0434\u0435\u043d\u0442\u0430 \u0440\u043e\u0441\u0441\u0438\u0439\u0441\u043a\u043e\u0439 \u0430\u043a\u0430\u0434\u0435\u043c\u0438\u0438 \u0445\u0443\u0434\u043e\u0436\u0435\u0441\u0442\u0432, \u0417\u0443\u0440\u0430\u0431\u0430 \u0426\u0435\u0440\u0435\u0442\u0435\u043b\u0438. \u0422\u0430\u043a\u0438\u0435 \u0441\u043b\u043e\u0432\u0430 \u043a\u0430\u043a \u00ab\u0440\u0430\u0434\u043e\u0441\u0442\u044c \u0438 \u0434\u0440\u0443\u0436\u0431\u0430\u00bb \u043d\u0435\u0443\u0441\u0442\u0430\u043d\u043d\u043e \u0437\u0432\u0443\u0447\u0430\u043b\u0438 \u0438\u0437 \u0443\u0441\u0442 \u0432\u0441\u0435\u0445 \u043e\u0440\u0430\u0442\u043e\u0440\u043e\u0432.<\/p>\n<div class=\"hidden_text\">Lors de la c\u00e9r\u00e9monie le cardinal Andr\u00e9 Vingt a pris la parole et fit une belle remarque\u00a0:\"La statue est tourn\u00e9e en direction de Paris, ainsi Saint Jean-Paul II continue sa mission de pasteur, en veillant sur les habitants de la ville...\u00a0\u00bb<\/div>\n<div class=\"hidden_text\">Le repr\u00e9sentant de la communaut\u00e9 catholique polonaise de Paris Paul Kostka a remerci\u00e9 le pr\u00e9sident de l&#39;Acad\u00e9mie russe des Beaux Arts, Zurab Tsereteli. La \u00ab\u00a0joie et l&#39;amiti\u00e9\u00a0\u00bb furent les mots-cl\u00e9s de cet \u00e9v\u00e9nement.<\/div>\n<p><div id=\"attachment_20476\" style=\"width: 610px\" class=\"wp-caption alignnone\"><a href=\"http:\/\/rusoch.fr\/files\/2014\/10\/A-PAPA-IMG_4782.jpg\"><img aria-describedby=\"caption-attachment-20476\" loading=\"lazy\" class=\"size-large wp-image-20476\" src=\"http:\/\/rusoch.fr\/files\/2014\/10\/A-PAPA-IMG_4782-600x400.jpg\" alt=\"\" width=\"600\" height=\"400\" srcset=\"https:\/\/rusoch.fr\/files\/2014\/10\/A-PAPA-IMG_4782-600x400.jpg 600w, https:\/\/rusoch.fr\/files\/2014\/10\/A-PAPA-IMG_4782.jpg 1200w\" sizes=\"(max-width: 600px) 100vw, 600px\" \/><\/a><p id=\"caption-attachment-20476\" class=\"wp-caption-text\">Photo: Vladimir Bazan<\/p><\/div><\/p>\n<p>\u0421\u0430\u043c \u0436\u0435 \u0426\u0435\u0440\u0435\u0442\u0435\u043b\u0438 \u0437\u0430\u0434\u0430\u043b \u0432\u043e\u043f\u0440\u043e\u0441 \u0432\u0441\u0435\u043c \u043f\u0440\u0438\u0441\u0443\u0442\u0441\u0442\u0432\u0443\u044e\u0449\u0438\u043c: \u00ab\u041d\u0440\u0430\u0432\u0438\u0442\u0441\u044f \u0432\u0430\u043c \u043c\u043e\u044f \u0441\u0442\u0430\u0442\u0443\u044f?\u00bb. \u0418 \u0443\u0441\u043b\u044b\u0448\u0430\u0432 \u043f\u043e\u0437\u0438\u0442\u0438\u0432\u043d\u044b\u0439 \u043e\u0442\u0432\u0435\u0442, \u0441\u043e\u043f\u0440\u043e\u0432\u043e\u0436\u0434\u0430\u0435\u043c\u044b\u0439 \u0431\u0443\u0440\u043d\u044b\u043c\u0438 \u0430\u043f\u043b\u043e\u0434\u0438\u0441\u043c\u0435\u043d\u0442\u0430\u043c\u0438, \u043e\u043d \u043a\u0430\u043a \u0432\u043e\u043b\u0448\u0435\u0431\u043d\u0438\u043a \u0434\u043e\u0441\u0442\u0430\u043b \u043c\u0430\u043b\u0435\u043d\u044c\u043a\u0443\u044e 40 \u0441\u0430\u043d\u0442\u0438\u043c\u0435\u0442\u0440\u043e\u0432\u0443\u044e \u043a\u043e\u043f\u0438\u044e \u0441\u0432\u043e\u0435\u0433\u043e \u00ab\u0434\u0435\u0442\u0438\u0449\u0430\u00bb \u0438 \u0432\u0440\u0443\u0447\u0438\u043b \u0435\u0451 \u043c\u044d\u0440\u0443 \u041f\u0430\u0440\u0438\u0436\u0430, \u0410\u043d\u043d \u0418\u0434\u0430\u043b\u044c\u0433\u043e.<\/p>\n<div class=\"hidden_text\">Zurab Tsereteli n&#39;a pos\u00e9 qu&#39;une question: \u00abAimez-vous ma statue?\". Et ayant entendu une r\u00e9ponse positive suivie d&#39;un tonnerre d&#39;applaudissements, comme par magie, il a sorti une petite copie de 40 centim\u00e8tres de son \"chef-d\u2019\u0153uvre &laquo; et l&#39;a remis au maire de Paris, Anne Hidalgo.<\/div>\n<p><div id=\"attachment_20472\" style=\"width: 543px\" class=\"wp-caption alignnone\"><a href=\"http:\/\/rusoch.fr\/files\/2014\/10\/IMG_0550.jpg\"><img aria-describedby=\"caption-attachment-20472\" loading=\"lazy\" class=\"size-large wp-image-20472\" src=\"http:\/\/rusoch.fr\/files\/2014\/10\/IMG_0550-533x400.jpg\" alt=\"\" width=\"533\" height=\"400\" srcset=\"https:\/\/rusoch.fr\/files\/2014\/10\/IMG_0550-533x400.jpg 533w, https:\/\/rusoch.fr\/files\/2014\/10\/IMG_0550.jpg 1000w\" sizes=\"(max-width: 533px) 100vw, 533px\" \/><\/a><p id=\"caption-attachment-20472\" class=\"wp-caption-text\">Photo: Anna Aschkova<\/p><\/div><\/p>\n<p>\u041d\u0435\u0441\u043c\u043e\u0442\u0440\u044f \u043d\u0430 \u0442\u043e, \u0447\u0442\u043e \u0433\u043e\u0440\u043e\u0434\u0441\u043a\u0438\u0435 \u0432\u043b\u0430\u0441\u0442\u0438 \u043d\u0435 \u0445\u043e\u0442\u0435\u043b\u0438 \u0443\u0441\u0442\u0430\u043d\u0430\u0432\u043b\u0438\u0432\u0430\u0442\u044c \u0442\u0430\u043a\u043e\u0439 \u0433\u0440\u043e\u043c\u043e\u0437\u0434\u043a\u0438\u0439 \u043c\u043e\u043d\u0443\u043c\u0435\u043d\u0442 \u043f\u043e \u043f\u0440\u0438\u0447\u0438\u043d\u0430\u043c \u0431\u0435\u0437\u043e\u043f\u0430\u0441\u043d\u043e\u0441\u0442\u0438, \u043f\u043e\u0441\u043a\u043e\u043b\u044c\u043a\u0443 \u00ab\u043f\u043e\u0434 \u0432\u0441\u0435\u0439 \u043f\u043b\u043e\u0449\u0430\u0434\u044c\u044e \u0440\u0430\u0441\u043f\u043e\u043b\u043e\u0436\u0435\u043d\u044b \u043f\u043e\u0434\u0437\u0435\u043c\u043d\u044b\u0435 \u043e\u0431\u044a\u0435\u043a\u0442\u044b, \u0432 \u0447\u0430\u0441\u0442\u043d\u043e\u0441\u0442\u0438, \u0430\u0440\u0445\u0435\u043e\u043b\u043e\u0433\u0438\u0447\u0435\u0441\u043a\u0438\u0439 \u043c\u0443\u0437\u0435\u0439 \u0438 \u043c\u043d\u043e\u0433\u043e\u044f\u0440\u0443\u0441\u043d\u0430\u044f \u0430\u0432\u0442\u043e\u0441\u0442\u043e\u044f\u043d\u043a\u0430\u00bb, \u043c\u044d\u0440 \u0433\u043e\u0440\u043e\u0434\u0430 \u0410\u043d\u043d \u0418\u0434\u0430\u043b\u044c\u0433\u043e \u0431\u044b\u043b\u0430 \u0438\u0441\u043a\u0440\u0435\u043d\u043d\u0435 \u0440\u0430\u0434\u0430 \u0435\u0433\u043e \u043f\u043e\u044f\u0432\u043b\u0435\u043d\u0438\u044e \u0432 \u043f\u0430\u0440\u043a\u0435.<\/p>\n<p>\u00ab\u041f\u043e\u043b\u044c\u0448\u0430 \u0432\u0441\u0435\u0433\u0434\u0430 \u0432 \u043d\u0430\u0448\u0438\u0445 \u0441\u0435\u0440\u0434\u0446\u0430\u0445!\u00bb&nbsp;&mdash; \u0441\u043a\u0430\u0437\u0430\u043b\u0430 \u043e\u043d\u0430 \u0432\u043e \u0432\u0440\u0435\u043c\u044f \u0441\u0432\u043e\u0435\u0433\u043e \u0432\u044b\u0441\u0442\u0443\u043f\u043b\u0435\u043d\u0438\u044f, \u0438 \u043d\u0430\u0437\u0432\u0430\u043b\u0430 \u0441\u0442\u0430\u0442\u0443\u044e \u00ab\u0432\u0435\u043b\u0438\u043a\u043e\u043b\u0435\u043f\u043d\u044b\u043c \u043f\u043e\u0434\u0430\u0440\u043a\u043e\u043c \u0444\u0440\u0430\u043d\u0446\u0443\u0437\u0441\u043a\u043e\u0439 \u0441\u0442\u043e\u043b\u0438\u0446\u0435\u00bb.<\/p>\n<div class=\"hidden_text\">Malgr\u00e9 le fait qu&#39;au d\u00e9but la ville ne voulait pas installer un monument aussi imposant pour des raisons de s\u00e9curit\u00e9 \u00ab\u00a0sous l&#39;ensemble de la place de Notre-Dame sont situ\u00e9es des installations souterraines, en particulier, le mus\u00e9e arch\u00e9ologique et le parking \u00e0 plusieurs niveaux&raquo;, la maire Anne Hidalgo \u00e9tait vraiment heureuse de voir la statue dans le square.<\/div>\n<div class=\"hidden_text\">&laquo;La Pologne est dans nos c\u0153urs\u00a0!&raquo; dit-elle lors de son discours et a appel\u00e9 la statue &laquo;un cadeau magnifique \u00e0 la capitale fran\u00e7aise.<\/div>\n<p>&bdquo;<\/p>\n<p><div id=\"attachment_20471\" style=\"width: 543px\" class=\"wp-caption alignnone\"><a href=\"http:\/\/rusoch.fr\/files\/2014\/10\/IMG_0476.jpg\"><img aria-describedby=\"caption-attachment-20471\" loading=\"lazy\" class=\"size-large wp-image-20471\" src=\"http:\/\/rusoch.fr\/files\/2014\/10\/IMG_0476-533x400.jpg\" alt=\"\" width=\"533\" height=\"400\" srcset=\"https:\/\/rusoch.fr\/files\/2014\/10\/IMG_0476-533x400.jpg 533w, https:\/\/rusoch.fr\/files\/2014\/10\/IMG_0476.jpg 1000w\" sizes=\"(max-width: 533px) 100vw, 533px\" \/><\/a><p id=\"caption-attachment-20471\" class=\"wp-caption-text\">Photo: Anna Aschkova<\/p><\/div><\/p>\n<p>\u0426\u0435\u0440\u0435\u043c\u043e\u043d\u0438\u044f \u0437\u0430\u0432\u0435\u0440\u0448\u0438\u043b\u0430\u0441\u044c \u043d\u0430 \u043f\u0440\u0438\u044f\u0442\u043d\u043e\u0439 \u043d\u043e\u0442\u0435, \u043f\u043e\u043b\u044c\u0441\u043a\u0438\u0439 \u0434\u0435\u0442\u0441\u043a\u0438\u0439 \u0445\u043e\u0440 \u0442\u0440\u043e\u043d\u0443\u043b \u0441\u0435\u0440\u0434\u0446\u0430 \u0432\u0441\u0435\u0445 \u043f\u0440\u0438\u0441\u0443\u0442\u0441\u0442\u0432\u0443\u044e\u0449\u0438\u0445. \u041c\u0438\u043b\u043e\u0441\u0435\u0440\u0434\u043d\u043e\u0435 \u043b\u0438\u0446\u043e \u0418\u043e\u0430\u043d\u043d\u0430 \u041f\u0430\u0432\u043b\u0430 II \u043a\u0430\u0437\u0430\u043b\u043e\u0441\u044c \u0441\u0438\u044f\u043b\u043e \u043e\u0442 \u0440\u0430\u0434\u043e\u0441\u0442\u0438 \u0438 \u0443\u043b\u044b\u0431\u0430\u043b\u043e\u0441\u044c \u0441 \u043f\u0440\u0438\u0432\u044b\u0447\u043d\u043e\u0439 \u0435\u043c\u0443 \u043c\u044f\u0433\u043a\u043e\u0439 \u0438\u0440\u043e\u043d\u0438\u0435\u0439...<\/p>\n<div class=\"hidden_text\">La c\u00e9r\u00e9monie s&#39;est termin\u00e9e sur une note agr\u00e9able, un ch\u0153ur d&#39;enfants polonais a touch\u00e9 le c\u0153ur de tous les invit\u00e9s.<\/div>\n<div class=\"hidden_text\">Le mis\u00e9ricordieux visage de Jean-Paul II semblait d\u2019illumin\u00e9 de joie et souriait avec une ironie qui lui \u00e9tait habituelle...<\/div>\n<p><\/p>","protected":false},"excerpt":{"rendered":"<p>\u0412 \u0441\u0443\u0431\u0431\u043e\u0442\u0443 25 \u043e\u043a\u0442\u044f\u0431\u0440\u044f, \u0432 \u041f\u0430\u0440\u0438\u0436\u0435 \u0443\u0441\u0442\u0430\u043d\u043e\u0432\u0438\u043b\u0438 \u0441\u0442\u0430\u0442\u0443\u044e \u043f\u0430\u043f\u044b \u0440\u0438\u043c\u0441\u043a\u043e\u0433\u043e \u0418\u043e\u0430\u043d\u043d\u0430 \u041f\u0430\u0432\u043b\u0430 II\u00a0\u0440\u0430\u0431\u043e\u0442\u044b\u00a0\u0417\u0443\u0440\u0430\u0431\u0430 \u0426\u0435\u0440\u0435\u0442\u0435\u043b\u0438.<\/p>\n","protected":false},"author":2,"featured_media":20476,"comment_status":"open","ping_status":"open","sticky":false,"template":"","format":"standard","meta":[],"categories":[5],"tags":[2224,3891,1266,654],"aioseo_notices":[],"_links":{"self":[{"href":"https:\/\/rusoch.fr\/ru\/wp-json\/wp\/v2\/posts\/20467"}],"collection":[{"href":"https:\/\/rusoch.fr\/ru\/wp-json\/wp\/v2\/posts"}],"about":[{"href":"https:\/\/rusoch.fr\/ru\/wp-json\/wp\/v2\/types\/post"}],"author":[{"embeddable":true,"href":"https:\/\/rusoch.fr\/ru\/wp-json\/wp\/v2\/users\/2"}],"replies":[{"embeddable":true,"href":"https:\/\/rusoch.fr\/ru\/wp-json\/wp\/v2\/comments?post=20467"}],"version-history":[{"count":1,"href":"https:\/\/rusoch.fr\/ru\/wp-json\/wp\/v2\/posts\/20467\/revisions"}],"predecessor-version":[{"id":227279,"href":"https:\/\/rusoch.fr\/ru\/wp-json\/wp\/v2\/posts\/20467\/revisions\/227279"}],"wp:featuredmedia":[{"embeddable":true,"href":"https:\/\/rusoch.fr\/ru\/wp-json\/wp\/v2\/media\/20476"}],"wp:attachment":[{"href":"https:\/\/rusoch.fr\/ru\/wp-json\/wp\/v2\/media?parent=20467"}],"wp:term":[{"taxonomy":"category","embeddable":true,"href":"https:\/\/rusoch.fr\/ru\/wp-json\/wp\/v2\/categories?post=20467"},{"taxonomy":"post_tag","embeddable":true,"href":"https:\/\/rusoch.fr\/ru\/wp-json\/wp\/v2\/tags?post=20467"}],"curies":[{"name":"wp","href":"https:\/\/api.w.org\/{rel}","templated":true}]}}