{"id":205109,"date":"2016-03-20T10:23:45","date_gmt":"2016-03-20T09:23:45","guid":{"rendered":"http:\/\/rusoch.fr\/?p=205109"},"modified":"2021-10-21T17:01:49","modified_gmt":"2021-10-21T15:01:49","slug":"na-fone-ejfelevoj-bashni","status":"publish","type":"post","link":"https:\/\/rusoch.fr\/ru\/events\/na-fone-ejfelevoj-bashni.html","title":{"rendered":"\u041d\u0430 \u0444\u043e\u043d\u0435 \u042d\u0439\u0444\u0435\u043b\u0435\u0432\u043e\u0439 \u0431\u0430\u0448\u043d\u0438 "},"content":{"rendered":"<p>\u0421\u043e\u0431\u044b\u0442\u0438\u0435 \u043f\u043e\u0438\u0441\u0442\u0438\u043d\u0435 \u0438\u0441\u0442\u043e\u0440\u0438\u0447\u0435\u0441\u043a\u043e\u0435&nbsp;&mdash; \u0432 \u0443\u043d\u0438\u0441\u043e\u043d \u0437\u0430\u044f\u0432\u043b\u044f\u043b\u0438 \u0438 \u0440\u0443\u0441\u0441\u043a\u0438\u0435, \u0438 \u0444\u0440\u0430\u043d\u0446\u0443\u0437\u044b, \u043d\u0430\u0445\u043e\u0434\u0438\u0432\u0448\u0438\u0435\u0441\u044f \u0443\u0442\u0440\u043e\u043c 19 \u043c\u0430\u0440\u0442\u0430 \u043d\u0430 \u043d\u0430\u0431\u0435\u0440\u0435\u0436\u043d\u043e\u0439 \u0411\u0440\u0430\u043d\u043b\u0438, \u0432 \u0446\u0435\u043d\u0442\u0440\u0435 \u041f\u0430\u0440\u0438\u0436\u0430.<br \/>\n<em>\u00ab\u0420\u0443\u0441\u0441\u043a\u0438\u0439 \u043e\u0447\u0435\u0432\u0438\u0434\u0435\u0446\u00bb \u043f<\/em>\u0440\u0438\u0441\u0443\u0442\u0441\u0442\u0432\u043e\u0432\u0430\u043b \u043d\u0430 \u0443\u043d\u0438\u043a\u0430\u043b\u044c\u043d\u043e\u0439 \u0446\u0435\u0440\u0435\u043c\u043e\u043d\u0438\u0438.<\/p>\n<div class=\"hidden_text\">Les Fran\u00e7ais et les Russes pr\u00e9sents ce 19 mars au matin, quai Branly, au centre de Paris, \u00e9taient unanimes\u00a0: c\u2019est un \u00e9v\u00e9nement v\u00e9ritablement historique.<\/p>\nL\u2019<em>Observateur russe<\/em> \u00e9tait pr\u00e9sent pour cette c\u00e9r\u00e9monie unique.<!--more--><\/div>\n<p><div id=\"attachment_205110\" style=\"width: 606px\" class=\"wp-caption alignnone\"><a href=\"http:\/\/rusoch.fr\/files\/2016\/03\/Vodianova.jpg\" rel=\"attachment wp-att-205110\"><img aria-describedby=\"caption-attachment-205110\" loading=\"lazy\" class=\"wp-image-205110 size-medium\" src=\"http:\/\/rusoch.fr\/files\/2016\/03\/Vodianova-596x336.jpg\" alt=\"\" width=\"596\" height=\"336\" srcset=\"https:\/\/rusoch.fr\/files\/2016\/03\/Vodianova-596x336.jpg 596w, https:\/\/rusoch.fr\/files\/2016\/03\/Vodianova-768x432.jpg 768w, https:\/\/rusoch.fr\/files\/2016\/03\/Vodianova-600x338.jpg 600w, https:\/\/rusoch.fr\/files\/2016\/03\/Vodianova.jpg 1000w\" sizes=\"(max-width: 596px) 100vw, 596px\" \/><\/a><p id=\"caption-attachment-205110\" class=\"wp-caption-text\">\u0416. -\u041c.\u0412\u0438\u043b\u044c\u043c\u043e\u0442\u0442 \u0438 \u041d.\u0412\u043e\u0434\u044f\u043d\u043e\u0432\u0430 | J-M Wilmotte et le top-model N.Vodianova<\/p><\/div><\/p>\n<p>\u0425\u0440\u0430\u043c \u0431\u0435\u0437 \u043a\u0443\u043f\u043e\u043b\u0430 \u0438 \u043a\u0440\u0435\u0441\u0442\u0430 \u2013 \u0435\u0449\u0435 \u043d\u0435 \u0445\u0440\u0430\u043c, \u0438 \u0438\u043c\u0435\u043d\u043d\u043e \u044d\u0442\u043e\u0442 \u0437\u0430\u0432\u0435\u0440\u0448\u0430\u044e\u0449\u0438\u0439 \u0430\u043a\u043a\u043e\u0440\u0434 \u2013 \u0432\u043e\u0434\u0440\u0443\u0436\u0435\u043d\u0438\u0435 \u0441\u0430\u043c\u043e\u0439 \u0431\u043e\u043b\u044c\u0448\u043e\u0439 (\u0438\u0437 \u043f\u044f\u0442\u0438) \u0437\u043e\u043b\u043e\u0447\u0435\u043d\u043e\u0439 \u043b\u0443\u043a\u043e\u0432\u0438\u0446\u044b \u0438 \u043f\u0440\u0430\u0432\u043e\u0441\u043b\u0430\u0432\u043d\u043e\u0433\u043e \u043a\u0440\u0435\u0441\u0442\u0430 \u043c\u043e\u0433\u043b\u0438 \u043d\u0430\u0431\u043b\u044e\u0434\u0430\u0442\u044c \u043d\u0435 \u0442\u043e\u043b\u044c\u043a\u043e \u043f\u0440\u0438\u0433\u043b\u0430\u0448\u0435\u043d\u043d\u044b\u0435 \u043d\u0430 \u0441\u043f\u0435\u0446\u0438\u0430\u043b\u044c\u043d\u0443\u044e \u043f\u043b\u043e\u0449\u0430\u0434\u043a\u0443, \u043d\u043e \u0438 \u0432\u0441\u0435 \u043f\u0430\u0440\u0438\u0436\u0430\u043d\u0435. \u0412\u044b\u0441\u043e\u0442\u0430 \u043d\u043e\u0432\u043e\u0433\u043e \u0441\u043e\u0431\u043e\u0440\u0430 \u0421\u0432\u044f\u0442\u043e\u0439 \u0422\u0440\u043e\u0438\u0446\u044b \u2013 37 \u043c\u0435\u0442\u0440\u043e\u0432, \u0432\u0438\u0434\u043d\u043e \u0435\u0433\u043e \u0438\u0437\u0434\u0430\u043b\u0435\u043a\u0430.<\/p>\n<div class=\"hidden_text\">Une cath\u00e9drale sans coupole et sans croix n\u2019est pas une cath\u00e9drale, et cet assemblage final, l\u2019\u00e9l\u00e9vation de la plus grande des cinq coupoles et de la croix orthodoxe, a pu \u00eatre observ\u00e9 par les personnalit\u00e9s invit\u00e9es sur une plateforme am\u00e9nag\u00e9e sp\u00e9cialement, mais aussi par tous les parisiens. La cath\u00e9drale de la Sainte-Trinit\u00e9, haute de 37 m\u00e8tres, est visible de tr\u00e8s loin.<\/div>\n<p><iframe title=\"\u0413\u043b\u0430\u0432\u043d\u044b\u0439 \u043a\u0443\u043f\u043e\u043b \u0441\u043e\u0431\u043e\u0440\u0430 \u0421\u0432\u044f\u0442\u043e\u0439 \u0422\u0440\u043e\u0438\u0446\u044b \u043f\u043e\u0434\u043d\u044f\u043b\u0438 \u043d\u0430\u0434 \u041f\u0430\u0440\u0438\u0436\u0435\u043c\" width=\"640\" height=\"360\" src=\"https:\/\/www.youtube.com\/embed\/kMgmFLpi92w?feature=oembed\" frameborder=\"0\" allow=\"accelerometer; autoplay; clipboard-write; encrypted-media; gyroscope; picture-in-picture\" allowfullscreen><\/iframe><\/p>\n<p><a href=\"http:\/\/rusoch.fr\/rus\/centr-na-branli.html\">\u0420\u043e\u0441\u0441\u0438\u0439\u0441\u043a\u0438\u0439 \u0434\u0443\u0445\u043e\u0432\u043d\u043e-\u043a\u0443\u043b\u044c\u0442\u0443\u0440\u043d\u044b\u0439 \u0446\u0435\u043d\u0442\u0440 <\/a>\u0441\u0442\u0440\u043e\u0438\u0442\u0441\u044f \u043f\u043e \u043f\u0440\u043e\u0435\u043a\u0442\u0443 \u0438\u0437\u0432\u0435\u0441\u0442\u043d\u043e\u0433\u043e \u0430\u0440\u0445\u0438\u0442\u0435\u043a\u0442\u0443\u0440\u043d\u043e\u0433\u043e \u0431\u044e\u0440\u043e <a href=\"http:\/\/rusoch.fr\/lang\/ru\/rus\/pervyj-kamen-sobora-na-branli.html\">\u0416\u0430\u043d-\u041c\u0438\u0448\u0435\u043b\u044f \u0412\u0438\u043b\u044c\u043c\u043e\u0442\u0442\u0430.<\/a><br \/>\n\u00ab\u042f \u0433\u043e\u0440\u0436\u0443\u0441\u044c \u0444\u0440\u0430\u043d\u0446\u0443\u0437\u0441\u043a\u0438\u0439 \u0442\u0435\u0445\u043d\u0438\u043a\u043e\u0439 \u0438 \u0443\u043c\u0435\u043d\u0438\u0435\u043c\u00bb, \u2013 \u0441\u043a\u0430\u0437\u0430\u043b \u043d\u0430 \u043e\u0442\u043a\u0440\u044b\u0442\u0438\u0438 \u0448\u0435\u0444 \u043c\u0430\u0441\u0442\u0435\u0440\u0441\u043a\u043e\u0439. \u041d\u0430\u043f\u043e\u043c\u043d\u0438\u043c, \u0447\u0442\u043e \u0432\u043e\u0437\u0432\u0435\u0434\u0435\u043d\u0438\u0435 \u043a\u043e\u043c\u043f\u043b\u0435\u043a\u0441\u0430 \u0434\u043e\u0432\u0435\u0440\u0435\u043d\u043e \u0433\u0438\u0433\u0430\u043d\u0442\u0443 \u0432 \u0441\u0444\u0435\u0440\u0435 \u0441\u0442\u0440\u043e\u0438\u0442\u0435\u043b\u044c\u0441\u0442\u0432\u0430 \u2013 \u0444\u0438\u0440\u043c\u0435 &laquo;\u0411\u0443\u0438\u0433&raquo;.<\/p>\n<div class=\"hidden_text\"><a href=\"http:\/\/rusoch.fr\/lang\/fr\/rus\/centr-na-branli.html\">Le centre culturel et spirituel russe<\/a> a \u00e9t\u00e9 con\u00e7u par le c\u00e9l\u00e8bre cabinet d\u2019architecture de <a href=\"http:\/\/rusoch.fr\/lang\/fr\/rus\/pervyj-kamen-sobora-na-branli.html\">Jean-Michel Wilmotte<\/a>.<\/p>\n\u00ab\u00a0Je suis fier de la technique et du savoir-faire fran\u00e7ais\u00a0\u00bb a d\u00e9clar\u00e9 ce dernier en pr\u00e9ambule \u00e0 l\u2019\u00e9v\u00e9nement. Rappelons que l\u2019\u00e9dification du centre a \u00e9t\u00e9 confi\u00e9e \u00e0 un g\u00e9ant de la construction, la soci\u00e9t\u00e9 Bouygues.<\/div>\n<\/p>\n<p><div id=\"attachment_205114\" style=\"width: 606px\" class=\"wp-caption alignnone\"><a href=\"http:\/\/rusoch.fr\/files\/2016\/03\/Mitterand.jpg\" rel=\"attachment wp-att-205114\"><img aria-describedby=\"caption-attachment-205114\" loading=\"lazy\" class=\"wp-image-205114 size-medium\" src=\"http:\/\/rusoch.fr\/files\/2016\/03\/Mitterand-596x336.jpg\" alt=\"\" width=\"596\" height=\"336\" srcset=\"https:\/\/rusoch.fr\/files\/2016\/03\/Mitterand-596x336.jpg 596w, https:\/\/rusoch.fr\/files\/2016\/03\/Mitterand-768x432.jpg 768w, https:\/\/rusoch.fr\/files\/2016\/03\/Mitterand-600x338.jpg 600w, https:\/\/rusoch.fr\/files\/2016\/03\/Mitterand.jpg 1000w\" sizes=\"(max-width: 596px) 100vw, 596px\" \/><\/a><p id=\"caption-attachment-205114\" class=\"wp-caption-text\">\u041a.\u041c\u0443\u0440\u0443\u0437\u0438, \u042e.\u0412\u0435\u0434\u0440\u0438\u043d, \u0416.\u041c.\u0412\u0438\u043b\u044c\u043c\u043e\u0442\u0442, \u0424.\u041c\u0438\u0442\u0442\u0435\u0440\u0430\u043d | K.Mourouzi, H.Vedrine, J-M.Wilmotte, F.Mitterand<\/p><\/div><\/p>\n<p>\u0413\u043e\u0440\u0434\u0438\u0442\u0441\u044f \u0435\u0441\u0442\u044c \u0447\u0435\u043c&nbsp;&mdash; \u0441\u0442\u0440\u043e\u0438\u0442\u0435\u043b\u044c\u0441\u0442\u0432\u043e \u0426\u0435\u043d\u0442\u0440\u0430 \u0438\u0434\u0435\u0442 \u0441 \u043e\u043f\u0435\u0440\u0435\u0436\u0435\u043d\u0438\u0435\u043c \u0433\u0440\u0430\u0444\u0438\u043a\u0430, \u0438 <strong>\u0411\u0435\u0440\u043d\u0430\u0440 \u041c\u0443\u043d\u044c\u0435<\/strong> , \u0433\u043b\u0430\u0432\u0430 &laquo;\u0411\u0443\u0438\u0433\u0430&raquo; \u043d\u0430 \u043e\u0442\u043a\u0440\u044b\u0442\u0438\u0438 \u043f\u043e\u0434\u0442\u0432\u0435\u0440\u0434\u0438\u043b, \u0447\u0442\u043e \u0440\u0430\u0431\u043e\u0442\u044b \u0437\u0430\u0432\u0435\u0440\u0448\u0430\u0442\u044c\u0441\u044f \u0443\u0436\u0435 \u043a \u0430\u0432\u0433\u0443\u0441\u0442\u0443, \u0430 \u043d\u0435 \u043e\u0441\u0435\u043d\u0438\u044c\u044e, \u043a\u0430\u043a \u043f\u043b\u0430\u043d\u0438\u0440\u043e\u0432\u0430\u043b\u043e\u0441\u044c \u0440\u0430\u043d\u0435\u0435.<\/p>\n<p>\u041d\u0430 \u0446\u0435\u0440\u0435\u043c\u043e\u043d\u0438\u044e \u0432\u043e\u0434\u0440\u0443\u0436\u0435\u043d\u0438\u044f \u0433\u043b\u0430\u0432\u043d\u043e\u0433\u043e \u043a\u0443\u043f\u043e\u043b\u0430 \u0438\u0437 \u041a\u043e\u043f\u0435\u043d\u0433\u0430\u0433\u0435\u043d\u0430 \u043f\u0440\u0438\u0431\u044b\u043b \u0433\u043b\u0430\u0432\u0430 \u0414\u043e\u043c\u0430 \u0420\u043e\u043c\u0430\u043d\u043e\u0432\u044b\u0445 <strong>\u043a\u043d\u044f\u0437\u044c \u0414\u043c\u0438\u0442\u0440\u0438\u0439 \u0420\u043e\u043c\u0430\u043d\u043e\u0432\u0438\u0447<\/strong>.<\/p>\n<div class=\"hidden_text\">Il y a de quoi \u00eatre fier, en effet\u00a0: la construction du Centre a pris de l\u2019avance sur le calendrier et <strong>Bernard Mounier<\/strong>, le directeur g\u00e9n\u00e9ral de Bouygues, a confirm\u00e9, \u00e0 l\u2019ouverture de la c\u00e9r\u00e9monie, que les travaux seraient termin\u00e9s en ao\u00fbt et non \u00e0 l\u2019automne comme initialement pr\u00e9vu.<\/p>\nLe chef de la maison des Romanov, <strong>Dmitri Romanovitch<\/strong>, est venu de Copenhague pour assister \u00e0 la pose.<\/div>\n<p><div id=\"attachment_205112\" style=\"width: 606px\" class=\"wp-caption alignnone\"><a href=\"http:\/\/rusoch.fr\/files\/2016\/03\/Romanov.jpg\" rel=\"attachment wp-att-205112\"><img aria-describedby=\"caption-attachment-205112\" loading=\"lazy\" class=\"wp-image-205112 size-medium\" src=\"http:\/\/rusoch.fr\/files\/2016\/03\/Romanov-596x336.jpg\" alt=\"\" width=\"596\" height=\"336\" srcset=\"https:\/\/rusoch.fr\/files\/2016\/03\/Romanov-596x336.jpg 596w, https:\/\/rusoch.fr\/files\/2016\/03\/Romanov-768x432.jpg 768w, https:\/\/rusoch.fr\/files\/2016\/03\/Romanov-600x338.jpg 600w, https:\/\/rusoch.fr\/files\/2016\/03\/Romanov.jpg 1000w\" sizes=\"(max-width: 596px) 100vw, 596px\" \/><\/a><p id=\"caption-attachment-205112\" class=\"wp-caption-text\">Dmitri Romanovitch Romanov<\/p><\/div><\/p>\n<p>\u0418\u0437 \u0428\u0432\u0435\u0439\u0446\u0430\u0440\u0438\u0438 \u043f\u0440\u0438\u0435\u0445\u0430\u043b <a href=\"http:\/\/rusoch.fr\/lang\/ru\/rus\/oni-est.html\">\u0410\u0440\u0445\u0438\u0435\u043f\u0438\u0441\u043a\u043e\u043f \u0416\u0435\u043d\u0435\u0432\u0441\u043a\u0438\u0439 \u0438 \u0417\u0430\u043f\u0430\u0434\u043d\u043e-\u0415\u0432\u0440\u043e\u043f\u0435\u0439\u0441\u043a\u0438\u0439 \u041c\u0438\u0445\u0430\u0438\u043b<\/a>.<\/p>\n<div class=\"hidden_text\"><strong>L\u2019archev\u00eaque de Gen\u00e8ve et d\u2019Europe occidentale Mikha\u00efl<\/strong> est venu de Suisse.<\/div>\n<p><div id=\"attachment_205118\" style=\"width: 606px\" class=\"wp-caption alignnone\"><a href=\"http:\/\/rusoch.fr\/files\/2016\/03\/Episcope-Geneve.jpg\" rel=\"attachment wp-att-205118\"><img aria-describedby=\"caption-attachment-205118\" loading=\"lazy\" class=\"wp-image-205118 size-medium\" src=\"http:\/\/rusoch.fr\/files\/2016\/03\/Episcope-Geneve-596x336.jpg\" alt=\"\" width=\"596\" height=\"336\" srcset=\"https:\/\/rusoch.fr\/files\/2016\/03\/Episcope-Geneve-596x336.jpg 596w, https:\/\/rusoch.fr\/files\/2016\/03\/Episcope-Geneve-768x432.jpg 768w, https:\/\/rusoch.fr\/files\/2016\/03\/Episcope-Geneve-600x338.jpg 600w, https:\/\/rusoch.fr\/files\/2016\/03\/Episcope-Geneve.jpg 1000w\" sizes=\"(max-width: 596px) 100vw, 596px\" \/><\/a><p id=\"caption-attachment-205118\" class=\"wp-caption-text\">L\u2019archev\u00eaque de Gen\u00e8ve et d\u2019Europe occidentale Mikha\u00efl<\/p><\/div><\/p>\n<p>\u041d\u0435\u0441\u043c\u043e\u0442\u0440\u044f \u043d\u0430 \u0432\u043d\u0435\u0448\u043d\u0438\u0435 \u0440\u0430\u0437\u0434\u0440\u0430\u0436\u0430\u044e\u0449\u0438\u0435 \u0444\u0430\u043a\u0442\u043e\u0440\u044b, \u0441\u0432\u044f\u0437\u0430\u043d\u043d\u044b\u0435 \u0441 \u043f\u043e\u043b\u0438\u0442\u0438\u0447\u0435\u0441\u043a\u043e\u0439 \u043d\u0435\u043f\u043e\u0433\u043e\u0434\u043e\u0439, \u0441\u0442\u0440\u043e\u0439\u043a\u0430 \u043d\u0435 \u043e\u0441\u0442\u0430\u043d\u0430\u0432\u043b\u0438\u0432\u0430\u043b\u0430\u0441\u044c \u043d\u0438 \u043d\u0430 \u043c\u0438\u043d\u0443\u0442\u0443.<br \/>\n\u0421\u043e\u0431\u043e\u0440 \u0432\u043e\u0437\u0432\u043e\u0434\u0438\u0442\u0441\u044f \u0438\u0437 \u0431\u0443\u0440\u0433\u0443\u043d\u0434\u0441\u043a\u043e\u0433\u043e \u043a\u0430\u043c\u043d\u044f \u2013 \u0442\u043e\u0433\u043e \u0441\u0430\u043c\u043e\u0433\u043e, \u043a\u043e\u0442\u043e\u0440\u044b\u0439 \u0448\u0435\u043b \u043d\u0430 \u0441\u0442\u0440\u043e\u0438\u0442\u0435\u043b\u044c\u0441\u0442\u0432\u043e \u0434\u0432\u043e\u0440\u0446\u0430 \u0422\u0440\u043e\u043a\u0430\u0434\u0435\u0440\u043e \u0438\u043b\u0438 \u043f\u043e\u0434\u043d\u043e\u0436\u0438\u044f \u042d\u0439\u0444\u0435\u043b\u0435\u0432\u043e\u0439 \u0431\u0430\u0448\u043d\u0438. \u041d\u043e \u0442\u0440\u0430\u0434\u0438\u0446\u0438\u043e\u043d\u043d\u044b\u0439 \u043c\u0430\u0442\u0435\u0440\u0438\u0430\u043b \u0441\u043e\u0432\u043c\u0435\u0441\u0442\u0438\u043b\u0438 \u0441 \u0438\u043d\u043d\u043e\u0432\u0430\u0446\u0438\u043e\u043d\u043d\u044b\u043c \u043f\u0440\u043e\u0435\u043a\u0442\u043e\u043c \u043a\u0443\u043f\u043e\u043b\u043e\u0432. \u0418\u0445 \u0441\u043e\u0437\u0434\u0430\u043b\u0430 \u0431\u0440\u0435\u0442\u043e\u043d\u0441\u043a\u0430\u044f \u0444\u0438\u0440\u043c\u0430 Multiplast, \u043a\u043e\u0442\u043e\u0440\u0430\u044f \u0438\u0441\u043f\u043e\u043b\u044c\u0437\u043e\u0432\u0430\u043b\u0430 \u0441\u043f\u0435\u0446\u0438\u0430\u043b\u044c\u043d\u044b\u0439 \u043a\u043e\u043c\u043f\u043e\u0437\u0438\u0442\u043d\u044b\u0439 \u043c\u0430\u0442\u0435\u0440\u0438\u0430\u043b. \u041e\u043d \u043b\u0435\u0433\u0447\u0435 \u0438 \u043f\u0440\u043e\u0447\u043d\u0435\u0435 \u043e\u0431\u044b\u0447\u043d\u043e\u0433\u043e, \u0438\u0434\u0443\u0449\u0435\u0433\u043e \u043d\u0430 \u043e\u0442\u043b\u0438\u0432\u043a\u0443 \u043a\u0443\u043f\u043e\u043b\u043e\u0432. \u0412 \u0440\u0435\u0437\u0443\u043b\u044c\u0442\u0430\u0442\u0435 \u0433\u043b\u0430\u0432\u043d\u044b\u0439 \u043a\u0443\u043f\u043e\u043b \u0432\u0435\u0441\u0438\u0442 \u0432\u043e\u0441\u0435\u043c\u044c \u0442\u043e\u043d\u043d \u0432\u043c\u0435\u0441\u0442\u043e \u0441\u043e\u0440\u043e\u043a\u0430. \u041f\u044f\u0442\u044c \u043a\u0440\u0435\u0441\u0442\u043e\u0432, \u0432\u0435\u043d\u0447\u0430\u044e\u0449\u0438\u0445 \u043a\u0443\u043f\u043e\u043b\u0430, \u0438\u0437\u0433\u043e\u0442\u043e\u0432\u0438\u043b\u0438 \u0432 \u0420\u043e\u0441\u0441\u0438\u0438, \u0432 \u0433.\u0422\u0440\u0435\u0445\u0433\u043e\u0440\u043d\u044b\u0439 \u0427\u0435\u043b\u044f\u0431\u0438\u043d\u0441\u043a\u043e\u0439 \u043e\u0431\u043b\u0430\u0441\u0442\u0438.<br \/>\n\u041a\u0443\u043f\u043e\u043b\u0430 \u043f\u043e\u043a\u0440\u044b\u0442\u044b \u0442\u043e\u043d\u0447\u0430\u0439\u0448\u0438\u043c\u0438 \u043f\u043b\u0430\u0441\u0442\u0438\u043d\u0430\u043c\u0438 \u0441\u0443\u0441\u0430\u043b\u044c\u043d\u043e\u0433\u043e \u0437\u043e\u043b\u043e\u0442\u0430 (8&times;8 \u0441\u043c. \u0448\u0438\u0440\u0438\u043d\u043e\u0439), \u0432\u0441\u0435\u0433\u043e \u0438\u0445 \u043f\u043e\u043d\u0430\u0434\u043e\u0431\u0438\u043b\u043e\u0441\u044c 90 \u0442\u044b\u0441\u044f\u0447.<\/p>\n<div class=\"hidden_text\">En d\u00e9pit de facteurs externes irritants dus aux tensions politiques, la construction n\u2019a pas \u00e9t\u00e9 interrompue une seule minute. La cath\u00e9drale est construite en pierre de Bourgogne, celle-l\u00e0 m\u00eame qui a servi \u00e0 construire le palais du Trocad\u00e9ro ou encore les socles de la Tour Eiffel. Ce mat\u00e9riau traditionnel est associ\u00e9 au projet innovant des coupoles. C\u2019est une soci\u00e9t\u00e9 bretonne, Multiplast, qui les a cr\u00e9\u00e9es en utilisant un mat\u00e9riau composite. Ce mat\u00e9riau est plus l\u00e9ger et plus solide que celui qui est utilis\u00e9 habituellement pour les coupoles. R\u00e9sultat, la coupole p\u00e8se huit tonnes au lieu de quarante. Les cinq croix qui surmonteront les coupoles ont \u00e9t\u00e9 fabriqu\u00e9es en Russie, dans la ville de Trekhgorny, dans la r\u00e9gion de Tch\u00e9liabinsk.<\/p>\nLes coupoles sont recouvertes de tr\u00e8s fines feuilles d\u2019or (8&times;8 cm de c\u00f4t\u00e9), il en a fallu en tout quatre-vingt-dix mille.<\/div>\n<\/p>\n<p><div id=\"attachment_205111\" style=\"width: 606px\" class=\"wp-caption alignnone\"><a href=\"http:\/\/rusoch.fr\/files\/2016\/03\/Nestor.jpg\" rel=\"attachment wp-att-205111\"><img aria-describedby=\"caption-attachment-205111\" loading=\"lazy\" class=\"wp-image-205111 size-medium\" src=\"http:\/\/rusoch.fr\/files\/2016\/03\/Nestor-596x336.jpg\" alt=\"\" width=\"596\" height=\"336\" srcset=\"https:\/\/rusoch.fr\/files\/2016\/03\/Nestor-596x336.jpg 596w, https:\/\/rusoch.fr\/files\/2016\/03\/Nestor-768x432.jpg 768w, https:\/\/rusoch.fr\/files\/2016\/03\/Nestor-600x338.jpg 600w, https:\/\/rusoch.fr\/files\/2016\/03\/Nestor.jpg 1000w\" sizes=\"(max-width: 596px) 100vw, 596px\" \/><\/a><p id=\"caption-attachment-205111\" class=\"wp-caption-text\">\u0415\u043f\u0438\u0441\u043a\u043e\u043f \u041a\u043e\u0440\u0441\u0443\u043d\u0441\u043a\u0438\u0439 \u041d\u0435\u0441\u0442\u043e\u0440 \u043e\u0441\u0432\u044f\u0449\u0430\u0435\u0442 \u043a\u0440\u0435\u0441\u0442\u044b | L&#39;archev\u00eaque de Cherson\u00e8se Nestor<\/p><\/div><\/p>\n<p>\u0415\u0441\u043b\u0438 \u043f\u0440\u0438\u0441\u043c\u043e\u0442\u0440\u0435\u0442\u044c\u0441\u044f, \u0442\u043e \u0432\u0438\u0434\u043d\u043e, \u0447\u0442\u043e \u043f\u043b\u0430\u0441\u0442\u0438\u043d\u044b \u0431\u044b\u043b\u0438 \u0441\u043f\u0435\u0446\u0438\u0430\u043b\u044c\u043d\u043e \u043e\u0431\u0440\u0430\u0431\u043e\u0442\u0430\u043d\u044b. \u0418\u043c \u043f\u0440\u0438\u0434\u0430\u043b\u0438 \u0431\u043b\u0430\u0433\u043e\u0440\u043e\u0434\u043d\u0443\u044e \u043c\u0430\u0442\u043e\u0432\u043e\u0441\u0442\u044c, \u0442\u0430\u043a\u0438\u043c \u043e\u0431\u0440\u0430\u0437\u043e\u043c, \u0437\u043e\u043b\u043e\u0442\u043e \u043d\u0435 \u0431\u043b\u0435\u0441\u0442\u0438\u0442, \u043d\u043e \u0438\u0437\u043b\u0443\u0447\u0430\u0435\u0442 \u043c\u044f\u0433\u043a\u0438\u0439 \u0441\u0432\u0435\u0442.<\/p>\n<p>\u0413\u043e\u0441\u0441\u0435\u043a\u0440\u0435\u0442\u0430\u0440\u044c \u0424\u0440\u0430\u043d\u0446\u0438\u0438 <strong>\u0416\u0430\u043d-\u041c\u0430\u0440\u0438 \u041b\u0435 \u0413\u0443\u044d\u043d<\/strong> \u0437\u0430\u043c\u0435\u0442\u0438\u043b, \u0447\u0442\u043e \u0442\u0430\u043b\u0430\u043d\u0442 \u0430\u0440\u0445\u0438\u0442\u0435\u043a\u0442\u043e\u0440\u043e\u0432 \u043f\u043e\u0437\u0432\u043e\u043b\u0438\u043b \u0441\u043e\u0435\u0434\u0438\u043d\u0438\u0442\u044c \u0432 \u043a\u043e\u043c\u043f\u043b\u0435\u043a\u0441\u0435 \u0420\u043e\u0441\u0441\u0438\u0439\u0441\u043a\u043e\u0433\u043e \u0446\u0435\u043d\u0442\u0440\u0430 \u043b\u0443\u0447\u0448\u0438\u0435 \u0442\u0440\u0430\u0434\u0438\u0446\u0438\u0438 \u0440\u0443\u0441\u0441\u043a\u043e\u0439 \u043a\u0443\u043b\u044c\u0442\u0443\u0440\u044b \u0438 \u043f\u0430\u0440\u0438\u0436\u0441\u043a\u043e\u0441\u0442\u0438.<\/p>\n<div class=\"hidden_text\">En regardant bien, on s\u2019aper\u00e7oit que ces feuilles ont re\u00e7u un traitement sp\u00e9cial pour les matifier, de fa\u00e7on \u00e0 ce que l\u2019or de brille pas, mais \u00e9mette une lumi\u00e8re mat.<\/p>\nLe secr\u00e9taire d\u2019\u00c9tat <strong>Jean-Marie Le Guen<\/strong> a remarqu\u00e9 que le talent des architectes a permis d\u2019unifier dans le centre Russe, les meilleures traditions de la culture russe et de la \u00ab\u00a0parisiennet\u00e9\u00a0\u00bb.<\/div>\n<p><div id=\"attachment_205113\" style=\"width: 606px\" class=\"wp-caption alignnone\"><a href=\"http:\/\/rusoch.fr\/files\/2016\/03\/Le-Guen.jpg\" rel=\"attachment wp-att-205113\"><img aria-describedby=\"caption-attachment-205113\" loading=\"lazy\" class=\"wp-image-205113 size-medium\" src=\"http:\/\/rusoch.fr\/files\/2016\/03\/Le-Guen-596x336.jpg\" alt=\"\" width=\"596\" height=\"336\" srcset=\"https:\/\/rusoch.fr\/files\/2016\/03\/Le-Guen-596x336.jpg 596w, https:\/\/rusoch.fr\/files\/2016\/03\/Le-Guen-768x432.jpg 768w, https:\/\/rusoch.fr\/files\/2016\/03\/Le-Guen-600x338.jpg 600w, https:\/\/rusoch.fr\/files\/2016\/03\/Le-Guen.jpg 1000w\" sizes=\"(max-width: 596px) 100vw, 596px\" \/><\/a><p id=\"caption-attachment-205113\" class=\"wp-caption-text\">\u0412\u044b\u0441\u0442\u0443\u043f\u0430\u0435\u0442 \u0416. -\u041c \u041b\u0435 \u0413\u0443\u044d\u043d, \u0440\u044f\u0434\u043e\u043c \u0441\u0442\u043e\u044f\u0442 \u0416. -\u041c \u0412\u0438\u043b\u044c\u043c\u043e\u0442\u0442, \u0411.\u041c\u0443\u043d\u044c\u0435, \u0421.\u041f\u0440\u0438\u0445\u043e\u0434\u044c\u043a\u043e | J-M. Le Guen, J-M. Wilmotte, B. Mounier et S. Prikhodko<\/p><\/div><\/p>\n<p>\u00ab\u041f\u0430\u0440\u0438\u0436 \u0432\u0441\u0435\u0433\u0434\u0430 \u043e\u0441\u0442\u0430\u0432\u0430\u043b\u0441\u044f \u0432 \u0441\u0435\u0440\u0434\u0446\u0435 \u0440\u043e\u0441\u0441\u0438\u044f\u043d, \u0442\u0435\u043f\u0435\u0440\u044c \u0420\u043e\u0441\u0441\u0438\u044f \u043e\u043a\u0430\u0437\u0430\u043b\u0430\u0441\u044c \u0432 \u0446\u0435\u043d\u0442\u0440\u0435 \u041f\u0430\u0440\u0438\u0436\u0430\u00bb, \u2013 \u0442\u0430\u043a \u0437\u0430\u0432\u0435\u0440\u0448\u0438\u043b \u0441\u0432\u043e\u0435 \u0432\u044b\u0441\u0442\u0443\u043f\u043b\u0435\u043d\u0438\u0435 <strong>\u0421\u0435\u0440\u0433\u0435\u0439 \u041f\u0440\u0438\u0445\u043e\u0434\u044c\u043a\u043e<\/strong>, \u0432\u0438\u0446\u0435-\u043f\u0440\u0435\u043c\u044c\u0435\u0440 \u0420\u0424, \u0441\u043f\u0435\u0446\u0438\u0430\u043b\u044c\u043d\u043e \u043f\u0440\u0438\u043b\u0435\u0442\u0435\u0432\u0448\u0438\u0439 \u0432 \u044d\u0442\u043e\u0442 \u0434\u0435\u043d\u044c \u043d\u0430 \u0438\u0441\u0442\u043e\u0440\u0438\u0447\u0435\u0441\u043a\u0443\u044e \u0446\u0435\u0440\u0435\u043c\u043e\u043d\u0438\u044e.<\/p>\n<p>\u041f\u0440\u0438\u0445\u043e\u0434\u044c\u043a\u043e \u043f\u043e\u0434\u0442\u0432\u0435\u0440\u0434\u0438\u043b, \u0447\u0442\u043e \u0432 \u0430\u0434\u043c\u0438\u043d\u0438\u0441\u0442\u0440\u0430\u0442\u0438\u0432\u043d\u043e\u043c \u043f\u043b\u0430\u043d\u0435 \u0426\u0435\u043d\u0442\u0440 \u0431\u0443\u0434\u0435\u0442 \u043f\u0440\u0438\u043f\u0438\u0441\u0430\u043d \u043a \u043f\u043e\u0441\u043e\u043b\u044c\u0441\u0442\u0432\u0443 \u0420\u043e\u0441\u0441\u0438\u0438 \u0432\u043e \u0424\u0440\u0430\u043d\u0446\u0438\u0438, \u0438 \u0437\u043d\u0430\u0447\u0438\u0442, \u0440\u0435\u0447\u044c \u0434\u0435\u0439\u0441\u0442\u0432\u0438\u0442\u0435\u043b\u044c\u043d\u043e \u0438\u0434\u0435\u0442 \u043e \u0440\u0443\u0441\u0441\u043a\u043e\u043c \u043a\u0443\u0441\u043e\u0447\u043a\u0435 \u0437\u0435\u043c\u043b\u0438. \u041d\u043e \u0434\u043e\u0441\u0442\u0443\u043f \u043d\u0430 \u0442\u0435\u0440\u0440\u0438\u0442\u043e\u0440\u0438\u044e \u0426\u0435\u043d\u0442\u0440\u0430 \u0431\u0443\u0434\u0435\u0442 \u0441\u0432\u043e\u0431\u043e\u0434\u043d\u044b\u043c, \u0431\u0435\u0437 \u0432\u0441\u044f\u043a\u0438\u0445 \u043e\u0433\u0440\u0430\u043d\u0438\u0447\u0435\u043d\u0438\u0439, \u0437\u0430\u0432\u0435\u0440\u0438\u043b \u0432\u0438\u0446\u0435-\u043f\u0440\u0435\u043c\u044c\u0435\u0440 \u0420\u0424.<\/p>\n<p>\u0423\u0441\u0442\u0430\u043d\u043e\u0432\u043a\u0430 \u043a\u0440\u0435\u0441\u0442\u0430 \u043d\u0430 \u0433\u043b\u0430\u0432\u043d\u043e\u043c \u043a\u0443\u043f\u043e\u043b\u0435 \u0441\u043e\u0431\u043e\u0440\u0430 \u0421\u0432\u044f\u0442\u043e\u0439 \u0422\u0440\u043e\u0438\u0446\u044b&nbsp;&mdash; <a href=\"http:\/\/rusoch.fr\/temoin\/krest-sobora-svyatoj-troicy-podnyalsya-nad-parizhem-la-croix-de-la-sainte-trinite-seleve-a-paris.html\">\u0441\u043c. \u0432\u0438\u0434\u0435\u043e<\/a><\/p>\n<p><em>\u0424\u043e\u0442\u043e \u0438 \u0432\u0438\u0434\u0435\u043e \u0430\u0432\u0442\u043e\u0440\u0430<\/em><\/p>\n<div class=\"hidden_text\">\u00ab\u00a0Paris a toujours \u00e9t\u00e9 dans le c\u0153ur des Russes, d\u00e9sormais, la Russie se trouve au centre de Paris\u00a0\u00bb a d\u00e9clar\u00e9, en cl\u00f4turant son discours, <strong>Sergue\u00ef Prikhodko<\/strong>, vice-premier ministre de la Russie venu sp\u00e9cialement en avion depuis Moscou pour la c\u00e9r\u00e9monie.<\/p>\n<p>M. Prikhodko a confirm\u00e9 que le centre serait administrativement rattach\u00e9 \u00e0 l\u2019ambassade de Russie en France, ce qui signifie que ce sera effectivement un morceau de territoire russe. Mais l\u2019acc\u00e8s au centre sera ouvert, sans restriction, a d\u00e9clar\u00e9 le vice-premier ministre de la F\u00e9d\u00e9ration de Russie.<\/p>\n<div id=\"stcpDiv\">\n<div id=\"stcpDiv\">La pose de la Croix du grand d\u00f4me de la Cath\u00e9drale de la Sainte-Trinit\u00e9 <a href=\"http:\/\/rusoch.fr\/lang\/fr\/temoin\/krest-sobora-svyatoj-troicy-podnyalsya-nad-parizhem-la-croix-de-la-sainte-trinite-seleve-a-paris.html\">est ici<\/a>.<\/div>\n<\/div>\n<em>Photos et vid\u00e9o de l&#39;auteur<\/em><\/div>\n<p><\/p>","protected":false},"excerpt":{"rendered":"<p>\u0421\u043e\u0431\u044b\u0442\u0438\u0435 \u043f\u043e\u0438\u0441\u0442\u0438\u043d\u0435 \u0438\u0441\u0442\u043e\u0440\u0438\u0447\u0435\u0441\u043a\u043e\u0435&nbsp;&mdash; \u0432 \u0443\u043d\u0438\u0441\u043e\u043d \u0437\u0430\u044f\u0432\u043b\u044f\u043b\u0438 \u0438 \u0440\u0443\u0441\u0441\u043a\u0438\u0435, \u0438 \u0444\u0440\u0430\u043d\u0446\u0443\u0437\u044b, \u043d\u0430\u0445\u043e\u0434\u0438\u0432\u0448\u0438\u0435\u0441\u044f \u0443\u0442\u0440\u043e\u043c 19 \u043c\u0430\u0440\u0442\u0430 \u043d\u0430 \u043d\u0430\u0431\u0435\u0440\u0435\u0436\u043d\u043e\u0439 \u0411\u0440\u0430\u043d\u043b\u0438, \u0432 \u0446\u0435\u043d\u0442\u0440\u0435&hellip;<\/p>\n","protected":false},"author":2,"featured_media":205110,"comment_status":"open","ping_status":"open","sticky":false,"template":"","format":"standard","meta":[],"categories":[6],"tags":[1344,233,117,3507,1159],"aioseo_notices":[],"_links":{"self":[{"href":"https:\/\/rusoch.fr\/ru\/wp-json\/wp\/v2\/posts\/205109"}],"collection":[{"href":"https:\/\/rusoch.fr\/ru\/wp-json\/wp\/v2\/posts"}],"about":[{"href":"https:\/\/rusoch.fr\/ru\/wp-json\/wp\/v2\/types\/post"}],"author":[{"embeddable":true,"href":"https:\/\/rusoch.fr\/ru\/wp-json\/wp\/v2\/users\/2"}],"replies":[{"embeddable":true,"href":"https:\/\/rusoch.fr\/ru\/wp-json\/wp\/v2\/comments?post=205109"}],"version-history":[{"count":2,"href":"https:\/\/rusoch.fr\/ru\/wp-json\/wp\/v2\/posts\/205109\/revisions"}],"predecessor-version":[{"id":222625,"href":"https:\/\/rusoch.fr\/ru\/wp-json\/wp\/v2\/posts\/205109\/revisions\/222625"}],"wp:featuredmedia":[{"embeddable":true,"href":"https:\/\/rusoch.fr\/ru\/wp-json\/wp\/v2\/media\/205110"}],"wp:attachment":[{"href":"https:\/\/rusoch.fr\/ru\/wp-json\/wp\/v2\/media?parent=205109"}],"wp:term":[{"taxonomy":"category","embeddable":true,"href":"https:\/\/rusoch.fr\/ru\/wp-json\/wp\/v2\/categories?post=205109"},{"taxonomy":"post_tag","embeddable":true,"href":"https:\/\/rusoch.fr\/ru\/wp-json\/wp\/v2\/tags?post=205109"}],"curies":[{"name":"wp","href":"https:\/\/api.w.org\/{rel}","templated":true}]}}