{"id":205885,"date":"2016-05-18T12:42:21","date_gmt":"2016-05-18T11:42:21","guid":{"rendered":"http:\/\/rusoch.fr\/?p=205885"},"modified":"2016-05-19T11:29:59","modified_gmt":"2016-05-19T10:29:59","slug":"k-100-letiyu-pribytiya-russkogo-ekspedicionnogo-korpusa-vo-franciyu","status":"publish","type":"post","link":"https:\/\/rusoch.fr\/ru\/events\/k-100-letiyu-pribytiya-russkogo-ekspedicionnogo-korpusa-vo-franciyu.html","title":{"rendered":"\u041a 100-\u043b\u0435\u0442\u0438\u044e \u043f\u0440\u0438\u0431\u044b\u0442\u0438\u044f \u0420\u0443\u0441\u0441\u043a\u043e\u0433\u043e \u044d\u043a\u0441\u043f\u0435\u0434\u0438\u0446\u0438\u043e\u043d\u043d\u043e\u0433\u043e \u043a\u043e\u0440\u043f\u0443\u0441\u0430 \u0432\u043e  \u0424\u0440\u0430\u043d\u0446\u0438\u044e "},"content":{"rendered":"<p>17 \u043c\u0430\u044f \u0441.\u0433. \u0432 \u041f\u0430\u0440\u0438\u0436\u0435 \u043f\u0440\u043e\u0448\u043b\u0430 \u0446\u0435\u0440\u0435\u043c\u043e\u043d\u0438\u044f \u0432\u043e\u0437\u043b\u043e\u0436\u0435\u043d\u0438\u044f \u0432\u0435\u043d\u043a\u043e\u0432 \u0443 \u043f\u0430\u043c\u044f\u0442\u043d\u0438\u043a\u0430 \u0441\u043e\u043b\u0434\u0430\u0442\u0430\u043c <em>\u0420\u0443\u0441\u0441\u043a\u043e\u0433\u043e \u044d\u043a\u0441\u043f\u0435\u0434\u0438\u0446\u0438\u043e\u043d\u043d\u043e\u0433\u043e \u043a\u043e\u0440\u043f\u0443\u0441\u0430<\/em> \u043d\u0430 \u043d\u0430\u0431\u0435\u0440\u0435\u0436\u043d\u043e\u0439 \u0421\u0435\u043d\u044b (\u043f\u043b\u043e\u0449\u0430\u0434\u044c \u041a\u0430\u043d\u0430\u0434\u044b) \u043f\u043e \u0441\u043b\u0443\u0447\u0430\u044e \u0441\u0442\u043e\u043b\u0435\u0442\u043d\u0435\u0439 \u0433\u043e\u0434\u043e\u0432\u0449\u0438\u043d\u044b <a href=\"http:\/\/rusoch.fr\/lang\/ru\/rus\/v-marsele-otkryli-memorialnuyu-dosku-k-100-letiyu-vysadki-russkogo-ekspedicionnogo-korpusa.html\">\u043f\u0440\u0438\u0431\u044b\u0442\u0438\u044f \u0440\u0443\u0441\u0441\u043a\u0438\u0445 \u0432\u043e\u0438\u043d\u043e\u0432<\/a> \u0432\u043e \u0424\u0440\u0430\u043d\u0446\u0438\u044e \u0434\u043b\u044f \u0443\u0447\u0430\u0441\u0442\u0438\u044f \u0432 \u041f\u0435\u0440\u0432\u043e\u0439 \u043c\u0438\u0440\u043e\u0432\u043e\u0439 \u0432\u043e\u0439\u043d\u0435.<br \/>\n<em>\u00ab\u0420\u0443\u0441\u0441\u043a\u0438\u0439 \u043e\u0447\u0435\u0432\u0438\u0434\u0435\u0446\u00bb<\/em> \u0437\u0430\u043f\u0435\u0447\u0430\u0442\u043b\u0435\u043b \u0441\u043e\u0431\u044b\u0442\u0438\u0435.<\/p>\n<div class=\"hidden_text\">Ce 17 mai, \u00e0 Paris, a eu lieu la c\u00e9r\u00e9monie de d\u00e9p\u00f4t de gerbe en m\u00e9moire des soldats du Corps exp\u00e9ditionnaire russe sur le quai de la Seine (Place du Canada) \u00e0 l\u2019occasion du centenaire de<a href=\"http:\/\/rusoch.fr\/lang\/fr\/rus\/v-marsele-otkryli-memorialnuyu-dosku-k-100-letiyu-vysadki-russkogo-ekspedicionnogo-korpusa.html\"> l\u2019arriv\u00e9e des brigades russes <\/a>en France pour participer \u00e0 la Premi\u00e8re Guerre mondiale.<br \/>\n<em>L\u2019Observateur russe<\/em> a couvert l\u2019\u00e9v\u00e9nement.<!--more--><\/div>\n<p><div id=\"attachment_205886\" style=\"width: 578px\" class=\"wp-caption alignnone\"><a href=\"http:\/\/rusoch.fr\/files\/2016\/05\/IMG_3272.jpg\" rel=\"attachment wp-att-205886\"><img aria-describedby=\"caption-attachment-205886\" loading=\"lazy\" class=\"wp-image-205886 size-medium\" src=\"http:\/\/rusoch.fr\/files\/2016\/05\/IMG_3272-568x379.jpg\" alt=\"IMG_3272\" width=\"568\" height=\"379\" srcset=\"https:\/\/rusoch.fr\/files\/2016\/05\/IMG_3272-568x379.jpg 568w, https:\/\/rusoch.fr\/files\/2016\/05\/IMG_3272-768x512.jpg 768w, https:\/\/rusoch.fr\/files\/2016\/05\/IMG_3272-600x400.jpg 600w, https:\/\/rusoch.fr\/files\/2016\/05\/IMG_3272.jpg 1000w\" sizes=\"(max-width: 568px) 100vw, 568px\" \/><\/a><p id=\"caption-attachment-205886\" class=\"wp-caption-text\">\u041f\u0430\u0440\u0438\u0436, 17 \u043c\u0430\u044f 2016 \u0433. | Paris, le 17 mai 2016 Photo: Boris Guessel<\/p><\/div><\/p>\n\u0412 \u0446\u0435\u0440\u0435\u043c\u043e\u043d\u0438\u0438 \u043f\u0440\u0438\u043d\u044f\u043b\u0438 \u0443\u0447\u0430\u0441\u0442\u0438\u0435 \u0434\u0438\u043f\u043b\u043e\u043c\u0430\u0442\u044b \u043f\u043e\u0441\u043e\u043b\u044c\u0441\u0442\u0432\u0430 \u0420\u043e\u0441\u0441\u0438\u0438 \u0432\u043e \u0424\u0440\u0430\u043d\u0446\u0438\u0438 \u0438 \u0447\u043b\u0435\u043d\u044b \u043e\u0431\u044a\u0435\u0434\u0438\u043d\u0435\u043d\u0438\u044f \u0432\u043e\u0435\u043d\u043d\u043e-\u0438\u0441\u0442\u043e\u0440\u0438\u0447\u0435\u0441\u043a\u043e\u0439 \u0440\u0435\u043a\u043e\u043d\u0441\u0442\u0440\u0443\u043a\u0446\u0438\u0438 &laquo;\u041f\u0430\u0442\u0440\u0438\u043e\u0442&raquo;.\n<div class=\"hidden_text\">Des diplomates de l\u2019ambassade russe en France ont particip\u00e9 \u00e0 la c\u00e9r\u00e9monie ainsi que des membres du groupe de reconstitution historico-militaire \u00ab Patriot \u00bb.<\/div>\n<p><div id=\"attachment_205887\" style=\"width: 263px\" class=\"wp-caption alignnone\"><a href=\"http:\/\/rusoch.fr\/files\/2016\/05\/IMG_3260.jpg\" rel=\"attachment wp-att-205887\"><img aria-describedby=\"caption-attachment-205887\" loading=\"lazy\" class=\"wp-image-205887 size-medium\" src=\"http:\/\/rusoch.fr\/files\/2016\/05\/IMG_3260-253x379.jpg\" alt=\"IMG_3260\" width=\"253\" height=\"379\" srcset=\"https:\/\/rusoch.fr\/files\/2016\/05\/IMG_3260-253x379.jpg 253w, https:\/\/rusoch.fr\/files\/2016\/05\/IMG_3260-768x1152.jpg 768w, https:\/\/rusoch.fr\/files\/2016\/05\/IMG_3260-267x400.jpg 267w, https:\/\/rusoch.fr\/files\/2016\/05\/IMG_3260-600x900.jpg 600w, https:\/\/rusoch.fr\/files\/2016\/05\/IMG_3260.jpg 1000w\" sizes=\"(max-width: 253px) 100vw, 253px\" \/><\/a><p id=\"caption-attachment-205887\" class=\"wp-caption-text\">Photo: Boris Guessel<\/p><\/div><\/p>\n<p>&nbsp;<\/p>\n<p><strong>\u041c\u0430\u0442\u0435\u0440\u0438\u0430\u043b\u044b \u043f\u043e \u0442\u0435\u043c\u0435:<\/strong><\/p>\n<p><a href=\"http:\/\/rusoch.fr\/lang\/ru\/rus\/russkij-ekspedicionnyj-korpus.html\">\u0420\u0443\u0441\u0441\u043a\u0438\u0439 \u044d\u043a\u0441\u043f\u0435\u0434\u0438\u0446\u0438\u043e\u043d\u043d\u044b\u0439 \u043a\u043e\u0440\u043f\u0443\u0441<\/a><\/p>\n<p><a href=\"http:\/\/rusoch.fr\/lang\/ru\/rus\/5968.html\">\u041f\u0430\u043c\u044f\u0442\u043d\u0438\u043a \u0420\u0443\u0441\u0441\u043a\u043e\u043c\u0443 \u044d\u043a\u0441\u043f\u0435\u0434\u0438\u0446\u0438\u043e\u043d\u043d\u043e\u043c\u0443 \u043a\u043e\u0440\u043f\u0443\u0441\u0443 \u0432 \u041f\u0430\u0440\u0438\u0436\u0435<\/a><\/p>\n<p><a href=\"http:\/\/rusoch.fr\/lang\/ru\/guests\/memorial-russkomu-ekspedicionnomu-korpusu-v-parizhe.html\">\u041c\u0435\u043c\u043e\u0440\u0438\u0430\u043b \u0420\u0443\u0441\u0441\u043a\u043e\u043c\u0443 \u044d\u043a\u0441\u043f\u0435\u0434\u0438\u0446\u0438\u043e\u043d\u043d\u043e\u043c\u0443 \u043a\u043e\u0440\u043f\u0443\u0441\u0443<\/a><\/p>\n<p><a href=\"http:\/\/rusoch.fr\/lang\/ru\/tour\/pamyatnik-russkomu-ekspedicionnomu-korpusu-otkryli-v-shampan-ardenny.html\">\u041f\u0430\u043c\u044f\u0442\u043d\u0438\u043a \u0420\u0443\u0441\u0441\u043a\u043e\u043c\u0443 \u044d\u043a\u0441\u043f\u0435\u0434\u0438\u0446\u0438\u043e\u043d\u043d\u043e\u043c\u0443 \u043a\u043e\u0440\u043f\u0443\u0441\u0443 \u043e\u0442\u043a\u0440\u044b\u043b\u0438 \u0432 \u0428\u0430\u043c\u043f\u0430\u043d\u044c-\u0410\u0440\u0434\u0435\u043d\u043d\u044b<\/a><\/p>\n<p><a href=\"http:\/\/rusoch.fr\/lang\/ru\/rus\/v-marsele-otkryli-memorialnuyu-dosku-k-100-letiyu-vysadki-russkogo-ekspedicionnogo-korpusa.html\">\u0412 \u041c\u0430\u0440\u0441\u0435\u043b\u0435 \u043e\u0442\u043a\u0440\u044b\u043b\u0438 \u043c\u0435\u043c\u043e\u0440\u0438\u0430\u043b\u044c\u043d\u0443\u044e \u0434\u043e\u0441\u043a\u0443 \u043a 100-\u043b\u0435\u0442\u0438\u044e \u0432\u044b\u0441\u0430\u0434\u043a\u0438 \u0420\u0443\u0441\u0441\u043a\u043e\u0433\u043e \u044d\u043a\u0441\u043f\u0435\u0434\u0438\u0446\u0438\u043e\u043d\u043d\u043e\u0433\u043e \u043a\u043e\u0440\u043f\u0443\u0441\u0430<\/a><\/p>\n<a href=\"http:\/\/rusoch.fr\/lang\/fr\/tour\/pamyatnik-russkomu-ekspedicionnomu-korpusu-otkryli-v-shampan-ardenny.html\">\u00a0<\/a><a href=\"http:\/\/rusoch.fr\/lang\/fr\/tour\/pamyatnik-russkomu-ekspedicionnomu-korpusu-otkryli-v-shampan-ardenny.html\">\n<div class=\"hidden_text\"><\/a>Sur le m\u00eame sujet\u00a0<a href=\"http:\/\/rusoch.fr\/lang\/fr\/tour\/pamyatnik-russkomu-ekspedicionnomu-korpusu-otkryli-v-shampan-ardenny.html\">:<\/a><a href=\"http:\/\/rusoch.fr\/lang\/fr\/tour\/pamyatnik-russkomu-ekspedicionnomu-korpusu-otkryli-v-shampan-ardenny.html\"> Inauguration d\u2019une statue d\u00e9di\u00e9e au Corps Exp\u00e9ditionnaire Russe en Champagne-Ardenne <\/div>\n<p><\/a><\/p>\n","protected":false},"excerpt":{"rendered":"<p>17 \u043c\u0430\u044f \u0441.\u0433. \u0432 \u041f\u0430\u0440\u0438\u0436\u0435 \u043f\u0440\u043e\u0448\u043b\u0430 \u0446\u0435\u0440\u0435\u043c\u043e\u043d\u0438\u044f \u0432\u043e\u0437\u043b\u043e\u0436\u0435\u043d\u0438\u044f \u0432\u0435\u043d\u043a\u043e\u0432 \u0443 \u043f\u0430\u043c\u044f\u0442\u043d\u0438\u043a\u0430 \u0441\u043e\u043b\u0434\u0430\u0442\u0430\u043c \u0420\u0443\u0441\u0441\u043a\u043e\u0433\u043e \u044d\u043a\u0441\u043f\u0435\u0434\u0438\u0446\u0438\u043e\u043d\u043d\u043e\u0433\u043e \u043a\u043e\u0440\u043f\u0443\u0441\u0430 \u043d\u0430 \u043d\u0430\u0431\u0435\u0440\u0435\u0436\u043d\u043e\u0439 \u0421\u0435\u043d\u044b (\u043f\u043b\u043e\u0449\u0430\u0434\u044c \u041a\u0430\u043d\u0430\u0434\u044b)&hellip;<\/p>\n","protected":false},"author":2,"featured_media":205886,"comment_status":"open","ping_status":"open","sticky":false,"template":"","format":"standard","meta":[],"categories":[6],"tags":[2303,2560],"aioseo_notices":[],"_links":{"self":[{"href":"https:\/\/rusoch.fr\/ru\/wp-json\/wp\/v2\/posts\/205885"}],"collection":[{"href":"https:\/\/rusoch.fr\/ru\/wp-json\/wp\/v2\/posts"}],"about":[{"href":"https:\/\/rusoch.fr\/ru\/wp-json\/wp\/v2\/types\/post"}],"author":[{"embeddable":true,"href":"https:\/\/rusoch.fr\/ru\/wp-json\/wp\/v2\/users\/2"}],"replies":[{"embeddable":true,"href":"https:\/\/rusoch.fr\/ru\/wp-json\/wp\/v2\/comments?post=205885"}],"version-history":[{"count":0,"href":"https:\/\/rusoch.fr\/ru\/wp-json\/wp\/v2\/posts\/205885\/revisions"}],"wp:featuredmedia":[{"embeddable":true,"href":"https:\/\/rusoch.fr\/ru\/wp-json\/wp\/v2\/media\/205886"}],"wp:attachment":[{"href":"https:\/\/rusoch.fr\/ru\/wp-json\/wp\/v2\/media?parent=205885"}],"wp:term":[{"taxonomy":"category","embeddable":true,"href":"https:\/\/rusoch.fr\/ru\/wp-json\/wp\/v2\/categories?post=205885"},{"taxonomy":"post_tag","embeddable":true,"href":"https:\/\/rusoch.fr\/ru\/wp-json\/wp\/v2\/tags?post=205885"}],"curies":[{"name":"wp","href":"https:\/\/api.w.org\/{rel}","templated":true}]}}