{"id":206572,"date":"2016-07-13T00:47:55","date_gmt":"2016-07-12T23:47:55","guid":{"rendered":"http:\/\/rusoch.fr\/?p=206572"},"modified":"2016-07-14T07:56:02","modified_gmt":"2016-07-14T06:56:02","slug":"ezhegodnaya-ceremoniya-vrucheniya-nagrad-la-renaissance-francaise-proshla-v-moskve-la-renaissance-francaise-remet-ses-distinctions-2016-a-moscou","status":"publish","type":"post","link":"https:\/\/rusoch.fr\/ru\/cult\/ezhegodnaya-ceremoniya-vrucheniya-nagrad-la-renaissance-francaise-proshla-v-moskve-la-renaissance-francaise-remet-ses-distinctions-2016-a-moscou.html","title":{"rendered":"\u0415\u0436\u0435\u0433\u043e\u0434\u043d\u0430\u044f \u0446\u0435\u0440\u0435\u043c\u043e\u043d\u0438\u044f \u0432\u0440\u0443\u0447\u0435\u043d\u0438\u044f \u043d\u0430\u0433\u0440\u0430\u0434 La Renaissance fran\u00e7aise \u043f\u0440\u043e\u0448\u043b\u0430 \u0432 \u041c\u043e\u0441\u043a\u0432\u0435 "},"content":{"rendered":"\u0412 \u043c\u043e\u0441\u043a\u043e\u0432\u0441\u043a\u043e\u043c \u043e\u0444\u0438\u0441\u0435 \u00abCMS \u0420\u043e\u0441\u0441\u0438\u044f\u00bb \u0432 \u043f\u044f\u0442\u044b\u0439 \u0440\u0430\u0437 \u0441\u043e\u0441\u0442\u043e\u044f\u043b\u0430\u0441\u044c \u0435\u0436\u0435\u0433\u043e\u0434\u043d\u0430\u044f \u0446\u0435\u0440\u0435\u043c\u043e\u043d\u0438\u044f \u0432\u0440\u0443\u0447\u0435\u043d\u0438\u044f \u043d\u0430\u0433\u0440\u0430\u0434 \u0430\u0441\u0441\u043e\u0446\u0438\u0430\u0446\u0438\u0438 La <em>Renaissance fran\u00e7aise.<\/em>\n<div class=\"hidden_text\">Pour la cinqui\u00e8me ann\u00e9e cons\u00e9cutive, CMS Russie a accueilli dans ses locaux \u00e0 Moscou la c\u00e9r\u00e9monie de remise des distinctions de La <em>Renaissance fran\u00e7aise.<\/em><\/div>\n<p><!--more--><\/p>\n<p><div id=\"attachment_206577\" style=\"width: 478px\" class=\"wp-caption alignnone\"><a href=\"http:\/\/rusoch.fr\/files\/2016\/07\/img_4907-1.jpg\" rel=\"attachment wp-att-206577\"><img aria-describedby=\"caption-attachment-206577\" loading=\"lazy\" class=\"wp-image-206577 size-full\" src=\"http:\/\/rusoch.fr\/files\/2016\/07\/img_4907-1.jpg\" alt=\"\" width=\"468\" height=\"312\" \/><\/a><p id=\"caption-attachment-206577\" class=\"wp-caption-text\">\u0417\u043e\u044f \u0410\u0440\u0438\u043d\u044c\u043e\u043d, \u043b\u0430\u0443\u0440\u0435\u0430\u0442\u044b \u0438 \u043f\u0430\u0440\u0442\u043d\u0435\u0440\u044b La Renaissance fran\u00e7aise en Russie |La pr\u00e9sidente de La Renaissance fran\u00e7aise en Russie Zoya Arrignon (5\u00e8me \u00e0 droite) en compagnie des laur\u00e9ats et des partenaires.Cr\u00e9dit : Service de presse<\/p><\/div><\/p>\n<p>\u0412 \u044d\u0442\u043e\u043c \u0433\u043e\u0434\u0443 \u043d\u0430\u0433\u0440\u0430\u0434\u044b \u0437\u0430 \u0432\u043a\u043b\u0430\u0434 \u0432 \u043f\u0440\u043e\u0434\u0432\u0438\u0436\u0435\u043d\u0438\u0435 \u0444\u0440\u0430\u043d\u0446\u0443\u0437\u0441\u043a\u043e\u0439 \u043a\u0443\u043b\u044c\u0442\u0443\u0440\u044b, \u0435\u0432\u0440\u043e\u043f\u0435\u0439\u0441\u043a\u0438\u0445 \u0446\u0435\u043d\u043d\u043e\u0441\u0442\u0435\u0439 \u0438 \u043e\u0442\u043d\u043e\u0448\u0435\u043d\u0438\u0439 \u043c\u0435\u0436\u0434\u0443 \u0420\u043e\u0441\u0441\u0438\u0435\u0439 \u0438 \u0424\u0440\u0430\u043d\u0446\u0438\u0435\u0439 \u0431\u044b\u043b\u0438 \u0432\u0440\u0443\u0447\u0435\u043d\u044b \u0447\u0435\u0442\u044b\u0440\u0435\u043c \u0440\u043e\u0441\u0441\u0438\u044f\u043d\u0430\u043c. \u041d\u0430 \u0446\u0435\u0440\u0435\u043c\u043e\u043d\u0438\u0438 \u043f\u043e\u043c\u0438\u043c\u043e \u0433\u043e\u0441\u0442\u0435\u0439 \u0438 \u043f\u0440\u043e\u0448\u043b\u043e\u0433\u043e\u0434\u043d\u0438\u0445 \u043b\u0430\u0443\u0440\u0435\u0430\u0442\u043e\u0432 \u043f\u0440\u0438\u0441\u0443\u0442\u0441\u0442\u0432\u043e\u0432\u0430\u043b \u043f\u043e\u0441\u043e\u043b \u0424\u0440\u0430\u043d\u0446\u0438\u0438 \u0432 \u0420\u043e\u0441\u0441\u0438\u0438 \u0416\u0430\u043d-\u041c\u043e\u0440\u0438\u0441 \u0420\u0438\u043f\u0435\u0440. \u041d\u0430\u0433\u0440\u0430\u0434\u044b \u0432\u0440\u0443\u0447\u0430\u043b\u0430 \u043f\u0440\u0435\u0437\u0438\u0434\u0435\u043d\u0442 La <em>Renaissance fran\u00e7aise<\/em> \u0417\u043e\u044f \u0410\u0440\u0438\u043d\u044c\u043e\u043d.<\/p>\n<p>\u00ab\u0417\u043e\u043b\u043e\u0442\u044b\u0435 \u043c\u0435\u0434\u0430\u043b\u0438 \u0437\u0430 \u0437\u0430\u0441\u043b\u0443\u0433\u0438 \u0432 \u043e\u0431\u043b\u0430\u0441\u0442\u0438 \u0444\u0440\u0430\u043d\u043a\u043e\u0444\u043e\u043d\u0438\u0438\u00bb \u043f\u043e\u043b\u0443\u0447\u0438\u043b\u0438 \u0437\u043d\u0430\u043c\u0435\u043d\u0438\u0442\u0430\u044f \u0440\u043e\u0441\u0441\u0438\u0439\u0441\u043a\u043e-\u0433\u0440\u0443\u0437\u0438\u043d\u0441\u043a\u0430\u044f \u043e\u043f\u0435\u0440\u043d\u0430\u044f \u043f\u0435\u0432\u0438\u0446\u0430 \u0422\u0430\u043c\u0430\u0440\u0430 \u0413\u0432\u0435\u0440\u0434\u0446\u0438\u0442\u0435\u043b\u0438, \u043b\u0435\u0442\u0447\u0438\u043a-\u0438\u0441\u043f\u044b\u0442\u0430\u0442\u0435\u043b\u044c \u0438 \u0447\u043b\u0435\u043d \u043f\u0440\u0430\u0432\u043b\u0435\u043d\u0438\u044f \u0440\u043e\u0441\u0441\u0438\u0439\u0441\u043a\u043e\u0433\u043e \u0444\u043e\u043d\u0434\u0430 \u00ab\u041c\u0438\u0440 \u0421\u0435\u043d\u0442-\u042d\u043a\u0437\u044e\u043f\u0435\u0440\u0438\u00bb \u041c\u0441\u0442\u0438\u0441\u043b\u0430\u0432 \u041b\u0438\u0441\u0442\u043e\u0432 \u0438 \u0436\u0443\u0440\u043d\u0430\u043b\u0438\u0441\u0442 \u041a\u0438\u0440\u0438\u043b\u043b \u041f\u0440\u0438\u0432\u0430\u043b\u043e\u0432.<br \/>\n\u0415\u0449\u0435 \u043e\u0434\u043d\u0430 \u043d\u0430\u0433\u0440\u0430\u0434\u0430, \u00ab\u0411\u0440\u043e\u043d\u0437\u043e\u0432\u0430\u044f \u043c\u0435\u0434\u0430\u043b\u044c \u0437\u0430 \u0437\u0430\u0441\u043b\u0443\u0433\u0438 \u0432 \u043e\u0431\u043b\u0430\u0441\u0442\u0438 \u043a\u0443\u043b\u044c\u0442\u0443\u0440\u043d\u043e\u0433\u043e \u0440\u0430\u0437\u0432\u0438\u0442\u0438\u044f\u00bb, \u0431\u044b\u043b\u0430 \u0432\u0440\u0443\u0447\u0435\u043d\u0430 \u041d\u0430\u0442\u0430\u043b\u044c\u0435 \u041f\u043e\u043b\u0435\u043d\u043e\u0432\u043e\u0439, \u0434\u0438\u0440\u0435\u043a\u0442\u043e\u0440\u0443 \u0413\u043e\u0441\u0443\u0434\u0430\u0440\u0441\u0442\u0432\u0435\u043d\u043d\u043e\u0433\u043e \u043c\u0435\u043c\u043e\u0440\u0438\u0430\u043b\u044c\u043d\u043e\u0433\u043e \u0438\u0441\u0442\u043e\u0440\u0438\u043a\u043e-\u0445\u0443\u0434\u043e\u0436\u0435\u0441\u0442\u0432\u0435\u043d\u043d\u043e\u0433\u043e \u0438 \u043f\u0440\u0438\u0440\u043e\u0434\u043d\u043e\u0433\u043e \u043c\u0443\u0437\u0435\u044f-\u0437\u0430\u043f\u043e\u0432\u0435\u0434\u043d\u0438\u043a\u0430 \u0412.\u0414. \u041f\u043e\u043b\u0435\u043d\u043e\u0432\u0430, \u043a\u043e\u0442\u043e\u0440\u044b\u0439 \u0432 \u044d\u0442\u043e\u043c \u0433\u043e\u0434\u0443 \u043f\u0440\u0438\u043d\u0438\u043c\u0430\u043b \u043d\u0435\u0434\u0435\u043b\u044e \u0444\u0440\u0430\u043d\u043a\u043e\u0444\u043e\u043d\u0438\u0438.<br \/>\n\u0413\u043e\u0441\u043f\u043e\u0434\u0438\u043d \u0420\u0438\u043f\u0435\u0440 \u043e\u0442\u043c\u0435\u0442\u0438\u043b, \u0447\u0442\u043e \u043d\u044b\u043d\u0435\u0448\u043d\u0438\u0439 \u0432\u044b\u0431\u043e\u0440 \u043b\u0430\u0443\u0440\u0435\u0430\u0442\u043e\u0432, \u0432\u0435\u0434\u0443\u0449\u0438\u0445 \u0434\u0435\u044f\u0442\u0435\u043b\u044c\u043d\u043e\u0441\u0442\u044c \u0432 \u0447\u0435\u0442\u044b\u0440\u0435\u0445 \u0441\u043e\u0432\u0435\u0440\u0448\u0435\u043d\u043d\u043e \u0440\u0430\u0437\u043d\u044b\u0445 \u0441\u0444\u0435\u0440\u0430\u0445, \u0441\u0432\u0438\u0434\u0435\u0442\u0435\u043b\u044c\u0441\u0442\u0432\u0443\u0435\u0442 \u043e \u00ab\u0440\u0430\u0437\u043d\u043e\u043e\u0431\u0440\u0430\u0437\u0438\u0438 \u0441\u0440\u0435\u0434\u0438 \u0442\u0435\u0445, \u043a\u0442\u043e \u0441\u0435\u0433\u043e\u0434\u043d\u044f \u0437\u0430\u0438\u043d\u0442\u0435\u0440\u0435\u0441\u043e\u0432\u0430\u043d \u0438 \u0443\u0447\u0430\u0441\u0442\u0432\u0443\u0435\u0442 \u0432 \u043f\u0440\u043e\u0434\u0432\u0438\u0436\u0435\u043d\u0438\u0438 \u0434\u0438\u0430\u043b\u043e\u0433\u0430 \u043c\u0435\u0436\u0434\u0443 \u0424\u0440\u0430\u043d\u0446\u0438\u0435\u0439 \u0438 \u0420\u043e\u0441\u0441\u0438\u0435\u0439\u00bb.<\/p>\n<p>\u0412 \u0441\u0432\u043e\u0435\u0439 \u0440\u0435\u0447\u0438 \u0433\u043e\u0441\u043f\u043e\u0434\u0438\u043d \u043f\u043e\u0441\u043e\u043b \u0442\u0430\u043a\u0436\u0435 \u043f\u043e\u0434\u0447\u0435\u0440\u043a\u043d\u0443\u043b \u043e\u0441\u043e\u0431\u0443\u044e \u0432\u0430\u0436\u043d\u043e\u0441\u0442\u044c \u043c\u0435\u0440\u043e\u043f\u0440\u0438\u044f\u0442\u0438\u044f \u0438\u043c\u0435\u043d\u043d\u043e \u0432 \u043d\u0430\u0441\u0442\u043e\u044f\u0449\u0438\u0439 \u043c\u043e\u043c\u0435\u043d\u0442, \u043a\u043e\u0433\u0434\u0430 \u043e\u0442\u043d\u043e\u0448\u0435\u043d\u0438\u044f \u043c\u0435\u0436\u0434\u0443 \u0420\u043e\u0441\u0441\u0438\u0435\u0439 \u0438 \u0424\u0440\u0430\u043d\u0446\u0438\u0435\u0439 \u043e\u0441\u043b\u043e\u0436\u043d\u044f\u044e\u0442\u0441\u044f \u0440\u044f\u0434\u043e\u043c \u043e\u0431\u0441\u0442\u043e\u044f\u0442\u0435\u043b\u044c\u0441\u0442\u0432: \u00ab\u0412 \u044d\u0442\u043e\u0442 \u0434\u043e\u0432\u043e\u043b\u044c\u043d\u043e \u043d\u0430\u043f\u0440\u044f\u0436\u0435\u043d\u043d\u044b\u0439 \u043f\u0435\u0440\u0438\u043e\u0434 La <em>Renaissance fran\u00e7aise<\/em> \u0442\u0440\u0443\u0434\u0438\u0442\u0441\u044f, \u0434\u0430\u0431\u044b \u043d\u0430\u043f\u043e\u043c\u043d\u0438\u0442\u044c \u043d\u0430\u043c \u043e \u0442\u043e\u043c, \u0447\u0442\u043e \u0442\u043e, \u0447\u0442\u043e \u043d\u0430\u0441 \u0441\u0431\u043b\u0438\u0436\u0430\u0435\u0442, \u0432\u0430\u0436\u043d\u0435\u0435, \u0447\u0435\u043c \u0442\u043e, \u0447\u0442\u043e \u043c\u043e\u0436\u0435\u0442 \u0432\u0440\u0435\u043c\u0435\u043d\u0430\u043c\u0438 \u043d\u0430\u0441 \u0440\u0430\u0437\u0434\u0435\u043b\u044f\u0442\u044c\u00bb.<\/p>\n<p>\u0412 \u0440\u0430\u043c\u043a\u0430\u0445 \u043c\u0435\u0440\u043e\u043f\u0440\u0438\u044f\u0442\u0438\u044f La <em>Renaissance fran\u00e7aise<\/em> \u0442\u0430\u043a\u0436\u0435 \u0432\u0440\u0443\u0447\u0438\u043b\u0430 \u0434\u0438\u043f\u043b\u043e\u043c\u044b \u043c\u043e\u043b\u043e\u0434\u044b\u043c \u043b\u0430\u0443\u0440\u0435\u0430\u0442\u0430\u043c \u044d\u043f\u0438\u0441\u0442\u043e\u043b\u044f\u0440\u043d\u043e\u0433\u043e \u043a\u043e\u043d\u043a\u0443\u0440\u0441\u0430 \u00ab\u041f\u0443\u043d\u043a\u0442 \u043d\u0430\u0437\u043d\u0430\u0447\u0435\u043d\u0438\u044f \u2014 \u0424\u0440\u0430\u043d\u0446\u0438\u044f\u00bb, \u0432 \u043a\u043e\u0442\u043e\u0440\u043e\u043c \u0440\u043e\u0441\u0441\u0438\u0439\u0441\u043a\u0438\u0435 \u0448\u043a\u043e\u043b\u044c\u043d\u0438\u043a\u0438 \u0438 \u0441\u0442\u0443\u0434\u0435\u043d\u0442\u044b, \u0432\u043b\u0430\u0434\u0435\u044e\u0449\u0438\u0435 \u0444\u0440\u0430\u043d\u0446\u0443\u0437\u0441\u043a\u0438\u043c, \u0441\u043e\u0440\u0435\u0432\u043d\u043e\u0432\u0430\u043b\u0438\u0441\u044c \u0432 \u043d\u0430\u043f\u0438\u0441\u0430\u043d\u0438\u0438 \u043b\u0443\u0447\u0448\u0435\u0433\u043e \u00ab\u043b\u044e\u0431\u043e\u0432\u043d\u043e\u0433\u043e \u043f\u043e\u0441\u043b\u0430\u043d\u0438\u044f\u00bb \u044d\u0442\u043e\u043c\u0443 \u044f\u0437\u044b\u043a\u0443.<br \/>\n\u041a\u0443\u043b\u044c\u0442\u0443\u0440\u043d\u0430\u044f \u0430\u0441\u0441\u043e\u0446\u0438\u0430\u0446\u0438\u044f La<em> Renaissance fran\u00e7aise,<\/em> \u043e\u0441\u043d\u043e\u0432\u0430\u043d\u043d\u0430\u044f \u0432 1915 \u0433\u043e\u0434\u0443, \u043f\u043e\u044f\u0432\u0438\u043b\u0430\u0441\u044c \u0432 \u0420\u043e\u0441\u0441\u0438\u0438 \u043b\u0438\u0448\u044c \u0432 2010-\u043c. \u041f\u0435\u0440\u0432\u0430\u044f \u0446\u0435\u0440\u0435\u043c\u043e\u043d\u0438\u044f \u0432\u0440\u0443\u0447\u0435\u043d\u0438\u044f \u043d\u0430\u0433\u0440\u0430\u0434 La <em>Renaissance fran\u00e7aise<\/em> \u0441\u043e\u0441\u0442\u043e\u044f\u043b\u0430\u0441\u044c 25 \u0438\u044e\u043d\u044f 2012 \u0433\u043e\u0434\u0430.<\/p>\n<p><a href=\"https:\/\/fr.rbth.com\">RBTH<\/a><\/p>\n<div class=\"hidden_text\">Cette ann\u00e9e, quatre personnes ont \u00e9t\u00e9 d\u00e9cor\u00e9es pour leur engagement au service de la culture fran\u00e7aise, des valeurs europ\u00e9ennes et du dialogue franco-russe en pr\u00e9sence de l\u2019ambassadeur de France en Russie, Jean-Maurice Ripert, d\u2019invit\u00e9s et de nombreux laur\u00e9ats des \u00e9ditions pr\u00e9c\u00e9dentes.<\/p>\n<p>Les M\u00e9dailles d\u2019or des Valeurs francophones ont \u00e9t\u00e9 d\u00e9cern\u00e9es par la pr\u00e9sidente de la <em>Renaissance fran\u00e7aise<\/em> en Russie, Zoya Arrignon, \u00e0 la c\u00e9l\u00e8bre chanteuse russo-g\u00e9orgienne Tamara Gvertsitelli, \u00e0 l\u2019aviateur militaire et pr\u00e9sident de la Fondation russe Antoine de Saint-Exup\u00e9ry, Mstislav Listov, et au reporter Kirill Privalov.<\/p>\n<p>Une autre distinction, la M\u00e9daille de bronze du Rayonnement culturel, a \u00e9t\u00e9 remise \u00e0 Nathalia Polenova, directrice du Mus\u00e9e m\u00e9morial national d\u2019histoire et des arts et r\u00e9serve naturelle Polenov, qui a accueilli cette ann\u00e9e la semaine de la Francophonie.<\/p>\n<p>Monsieur Jean-Maurice Ripert a fait remarquer que le choix de laur\u00e9ats, actifs dans quatre domaines distincts, montrait \u00ab la diversit\u00e9 de ceux qui aujourd\u2019hui s\u2019int\u00e9ressent et s\u2019attachent \u00e0 promouvoir le dialogue entre la France et la Russie \u00bb.<\/p>\n<p>Lors de son discours, son excellence a \u00e9galement attir\u00e9 l\u2019attention sur l\u2019importance de cette action au moment o\u00f9 les relations entre la Russie et la France \u00e9taient plus difficiles : \u00ab Dans cette p\u00e9riode un peu tendue La Renaissance fran\u00e7aise est l\u00e0 pour rappeler que ce qui nous rapproche est plus important que ce qui peut de temps en temps nous \u00e9loigner \u00bb.<\/p>\n<p>Dans le cadre de cette c\u00e9r\u00e9monie, les jeunes laur\u00e9ats du concours \u00e9pistolaire \u00ab Destination fran\u00e7aise \u00bb, ouvert aux \u00e9coliers et \u00e9tudiants francophones de Russie qui consiste \u00e0 d\u00e9crire leur amour pour le fran\u00e7ais, ont \u00e9galement re\u00e7u les dipl\u00f4mes d\u00e9cern\u00e9s par la <em>Renaissance fran\u00e7aise<\/em>.<\/p>\n<p>Institu\u00e9e en 1915, l\u2019association culturelle La <em>Renaissance fran\u00e7aise<\/em> n\u2019est arriv\u00e9e en Russie qu\u2019en 2010. Quant \u00e0 la premi\u00e8re c\u00e9r\u00e9monie de remise des distinctions elle s\u2019est d\u00e9roul\u00e9e le 25 juin 2012.<\/p>\n<a href=\"https:\/\/fr.rbth.com\">RBTH<\/a><\/div>\n","protected":false},"excerpt":{"rendered":"<p>\u0412 \u043c\u043e\u0441\u043a\u043e\u0432\u0441\u043a\u043e\u043c \u043e\u0444\u0438\u0441\u0435 \u00abCMS \u0420\u043e\u0441\u0441\u0438\u044f\u00bb \u0432 \u043f\u044f\u0442\u044b\u0439 \u0440\u0430\u0437 \u0441\u043e\u0441\u0442\u043e\u044f\u043b\u0430\u0441\u044c \u0435\u0436\u0435\u0433\u043e\u0434\u043d\u0430\u044f \u0446\u0435\u0440\u0435\u043c\u043e\u043d\u0438\u044f \u0432\u0440\u0443\u0447\u0435\u043d\u0438\u044f \u043d\u0430\u0433\u0440\u0430\u0434 \u0430\u0441\u0441\u043e\u0446\u0438\u0430\u0446\u0438\u0438 La Renaissance fran\u00e7aise.<\/p>\n","protected":false},"author":2,"featured_media":206577,"comment_status":"open","ping_status":"open","sticky":false,"template":"","format":"standard","meta":[],"categories":[5],"tags":[2408],"aioseo_notices":[],"_links":{"self":[{"href":"https:\/\/rusoch.fr\/ru\/wp-json\/wp\/v2\/posts\/206572"}],"collection":[{"href":"https:\/\/rusoch.fr\/ru\/wp-json\/wp\/v2\/posts"}],"about":[{"href":"https:\/\/rusoch.fr\/ru\/wp-json\/wp\/v2\/types\/post"}],"author":[{"embeddable":true,"href":"https:\/\/rusoch.fr\/ru\/wp-json\/wp\/v2\/users\/2"}],"replies":[{"embeddable":true,"href":"https:\/\/rusoch.fr\/ru\/wp-json\/wp\/v2\/comments?post=206572"}],"version-history":[{"count":0,"href":"https:\/\/rusoch.fr\/ru\/wp-json\/wp\/v2\/posts\/206572\/revisions"}],"wp:featuredmedia":[{"embeddable":true,"href":"https:\/\/rusoch.fr\/ru\/wp-json\/wp\/v2\/media\/206577"}],"wp:attachment":[{"href":"https:\/\/rusoch.fr\/ru\/wp-json\/wp\/v2\/media?parent=206572"}],"wp:term":[{"taxonomy":"category","embeddable":true,"href":"https:\/\/rusoch.fr\/ru\/wp-json\/wp\/v2\/categories?post=206572"},{"taxonomy":"post_tag","embeddable":true,"href":"https:\/\/rusoch.fr\/ru\/wp-json\/wp\/v2\/tags?post=206572"}],"curies":[{"name":"wp","href":"https:\/\/api.w.org\/{rel}","templated":true}]}}