{"id":207593,"date":"2016-11-14T19:49:40","date_gmt":"2016-11-14T18:49:40","guid":{"rendered":"http:\/\/rusoch.fr\/?p=207593"},"modified":"2016-11-14T20:11:19","modified_gmt":"2016-11-14T19:11:19","slug":"toma-peske-poletit-s-bajkonura-v-pryamom-efire-vivre-en-direct-le-depart-pour-lespace-depuis-baikonour-de-lastronaute-francais-thomas-pesquet","status":"publish","type":"post","link":"https:\/\/rusoch.fr\/ru\/news\/toma-peske-poletit-s-bajkonura-v-pryamom-efire-vivre-en-direct-le-depart-pour-lespace-depuis-baikonour-de-lastronaute-francais-thomas-pesquet.html","title":{"rendered":"\u0422\u043e\u043c\u0430 \u041f\u0435\u0441\u043a\u0435 \u043f\u043e\u043b\u0435\u0442\u0438\u0442 \u0441 \u0411\u0430\u0439\u043a\u043e\u043d\u0443\u0440\u0430 \u0432 \u043f\u0440\u044f\u043c\u043e\u043c \u044d\u0444\u0438\u0440\u0435 "},"content":{"rendered":"<p>\u0423\u043d\u0438\u043a\u0430\u043b\u044c\u043d\u044b\u0439 \u0432\u0435\u0447\u0435\u0440 \u0432 \u041a\u043e\u0441\u043c\u0438\u0447\u0435\u0441\u043a\u043e\u043c \u0433\u043e\u0440\u043e\u0434\u043a\u0435 \u0422\u0443\u043b\u0443\u0437\u044b \u0441\u043e\u0441\u0442\u043e\u0438\u0442\u0441\u044f 17 \u043d\u043e\u044f\u0431\u0440\u044f 2016 \u0433.<br \/>\n\u0424\u0440\u0430\u043d\u0446\u0443\u0437\u0441\u043a\u0438\u0439 \u0430\u0441\u0442\u0440\u043e\u043d\u0430\u0432\u0442 \u0441 \u0440\u043e\u0441\u0441\u0438\u0439\u0441\u043a\u0438\u043c \u0438 \u0430\u043c\u0435\u0440\u0438\u043a\u0430\u043d\u0441\u043a\u043e\u0439 \u043a\u043e\u043b\u043b\u0435\u0433\u0430\u043c\u0438 \u043e\u0442\u043f\u0440\u0430\u0432\u0438\u0442\u0441\u044f \u0432 \u043a\u043e\u0441\u043c\u043e\u0441 \u0441 \u0411\u0430\u0439\u043a\u043e\u043d\u0443\u0440\u0430 \u0432 \u043f\u0440\u044f\u043c\u043e\u043c \u044d\u0444\u0438\u0440\u0435.<\/p>\n<div class=\"hidden_text\">Soir\u00e9e exceptionnelle \u00e0 la Cit\u00e9 de l\u2019espace de Toulouse: jeudi 17 novembre 2016.<\/p>\nLe d\u00e9part de <strong>Thomas Pesquet<\/strong> et de ses co-\u00e9quipiers pour l\u2019espace, un Russe et une Am\u00e9ricaine, depuis le site de lancement de Ba\u00efkonour.<\/div>\n<p><!--more--><\/p>\n<p><a href=\"http:\/\/rusoch.fr\/files\/2016\/11\/Pesquet.jpg\" rel=\"attachment wp-att-207594\"><img loading=\"lazy\" class=\"alignnone size-medium wp-image-207594\" src=\"http:\/\/rusoch.fr\/files\/2016\/11\/Pesquet-596x279.jpg\" alt=\"pesquet\" width=\"596\" height=\"279\" srcset=\"https:\/\/rusoch.fr\/files\/2016\/11\/Pesquet-596x279.jpg 596w, https:\/\/rusoch.fr\/files\/2016\/11\/Pesquet-768x359.jpg 768w, https:\/\/rusoch.fr\/files\/2016\/11\/Pesquet-600x281.jpg 600w, https:\/\/rusoch.fr\/files\/2016\/11\/Pesquet.jpg 823w\" sizes=\"(max-width: 596px) 100vw, 596px\" \/><\/a><\/p>\n<p><a href=\"http:\/\/rusoch.fr\/lang\/ru\/cult\/projtis-po-miru-zaglyanut-v-kolumbiyu.html\">\u041a\u043e\u0441\u043c\u0438\u0447\u0435\u0441\u043a\u0438\u0439 \u0433\u043e\u0440\u043e\u0434\u043e\u043a \u0422\u0443\u043b\u0443\u0437\u044b <\/a>(Cit\u00e9 de l\u2019espace ) \u043e\u0442\u043a\u0440\u044b\u0432\u0430\u0435\u0442 \u0434\u0432\u0435\u0440\u0438 \u0434\u043b\u044f \u0432\u0441\u0435\u0445, \u043a\u0442\u043e \u0445\u043e\u0442\u0435\u043b \u0431\u044b \u043d\u0430\u0431\u043b\u044e\u0434\u0430\u0442\u044c \u0437\u0430 \u0437\u0430\u043f\u0443\u0441\u043a\u043e\u043c \u0440\u0430\u043a\u0435\u0442\u044b. \u0412\u0435\u0434\u044c \u0432 \u043a\u043e\u0441\u043c\u043e\u0441 \u043b\u0435\u0442\u044f\u0442 \u0440\u0443\u0441\u0441\u043a\u0438\u0439, \u0430\u043c\u0435\u0440\u0438\u043a\u0430\u043d\u043a\u0430 \u0438 \u0444\u0440\u0430\u043d\u0446\u0443\u0437.<\/p>\n<p>\u0421 17.00 Cit\u00e9 de l\u2019espace \u0436\u0434\u0435\u0442 \u0432\u0441\u0435\u0445 \u0432 \u0433\u043e\u0441\u0442\u0438. \u0412\u0445\u043e\u0434 \u0441\u0432\u043e\u0431\u043e\u0434\u043d\u044b\u0439. \u0412\u0441\u0435 \u0432\u044b\u0441\u0442\u0430\u0432\u043a\u0438, \u0430\u043d\u0438\u043c\u0430\u0446\u0438\u043e\u043d\u043d\u044b\u0435 \u0437\u0430\u043b\u044b \u0438 \u043f\u043b\u043e\u0449\u0430\u0434\u043a\u0438 \u0440\u0430\u0431\u043e\u0442\u0430\u044e\u0442 \u0432 \u044d\u0442\u043e\u0442 \u0432\u0435\u0447\u0435\u0440 \u0431\u0435\u0441\u043f\u043b\u0430\u0442\u043d\u043e \u0434\u043e 20.00.<\/p>\n<p>\u0420\u043e\u0432\u043d\u043e \u0432 20.00 \u043d\u0430 \u0432\u0441\u0435\u0445 \u044d\u043a\u0440\u0430\u043d\u0430\u0445 <em>Cit\u00e9 de l\u2019espace<\/em> \u043d\u0430\u0447\u0438\u043d\u0430\u0435\u0442\u0441\u044f \u043f\u0440\u044f\u043c\u0430\u044f \u0442\u0440\u0430\u043d\u0441\u043b\u044f\u0446\u0438\u044f.<\/p>\n<p>\u041f\u043e\u0434\u0440\u043e\u0431\u043d\u0435\u0435: http:\/\/www.cite-espace.com\/evenements\/mission-proxima-depart-de-thomas-pesquet\/<\/p>\n<div class=\"hidden_text\"><strong>Acc\u00e8s libre et gratuit \u00e0 partir de 17h \u00e0 la Cit\u00e9 de l\u2019espace<\/strong>.<\/p>\n<p>Le public va pouvoir partager un \u00e9v\u00e9nement exceptionnel : l\u2019astronaute fran\u00e7ais de l\u2019ESA (Agence spatiale europ\u00e9enne) <em>Thomas Pesquet<\/em> va d\u00e9buter le 17 novembre 2016 sa premi\u00e8re mission dans l\u2019espace, une mission nomm\u00e9e PROXIMA.<\/p>\n<p>La <em>Cit\u00e9 de l\u2019espace<\/em> fera vivre en direct \u00e0 son public l\u2019\u00e9v\u00e9nement du d\u00e9part de <em>Thomas Pesquet<\/em> et de ses co-\u00e9quipiers pour l\u2019espace, un Russe et une Am\u00e9ricaine, depuis le site de lancement de Ba\u00efkonour. Pour partager ce moment exceptionnel, la Cit\u00e9 de l\u2019espace accueillera son public en acc\u00e8s libre et gratuit d\u00e8s 17h. Toutes les animations, expositions, d\u00e9couvertes et rencontres autour des missions humaines dans l\u2019espace seront ouvertes jusqu\u2019\u00e0 20h ce 17 novembre. Puis, \u00e0 partir de 20h, la Cit\u00e9 de l\u2019espace diffusera, sur tous les \u00e9crans de son site&nbsp;&mdash; ses expositions comme ses salles de conf\u00e9rences et spectacles&nbsp;&mdash; le suivi en direct du d\u00e9collage pour l\u2019espace de l\u2019astronaute fran\u00e7ais de l\u2019ESA et de ses co\u00e9quipiers.<\/p>\n<p>D\u00e8s 17h et pendant toute la soir\u00e9e : acc\u00e8s libre et gratuit aux Jardins et aux Expositions de la Cit\u00e9 de l&#39;espace avec :<\/p>\n<p>Acc\u00e8s \u00e0 la nouvelle exposition ASTRONAUTES et son animation-d\u00e9fi guid\u00e9e par un animateur http:\/\/www.cite-espace.com\/communiques-presse\/exposition-astronautes-se-mettre-peau-dun-astronaute-mission\/<br \/>\nD\u00e9couverte des \u00e9quipements en lien avec la mission de Thomas Pesquet ou \u00ab l&#39;Homme dans l\u2019espace \u00bb comme le vaisseau SOYOUZ dans lequel le public peut s\u2019assoir, le module Columbus de la Station Spatiale Internationale ISS, la Station Spatiale MIR, le si\u00e8ge rotatif d\u2019entrainement, le simulateur de marche lunaire Moon Runner \u2026<\/p>\n<p><strong>A partir de 20h00 :<\/strong> d\u00e9but de la retransmission vid\u00e9o ESA de l\u2019\u00e9v\u00e9nement du d\u00e9part de Thomas Pesquet depuis la Cit\u00e9 de l\u2019espace<\/p>\n<p>Avec la participation des 2 astronautes fran\u00e7ais Philippe Perrin de l\u2019ESA et Jean-Jacques Favier, professeur \u00e0 l\u2019ISU-Strasbourg et du cosmonaute Sergey Volkov et plusieurs experts de l\u2019ESA, du CNES pr\u00e9sents. Un plateau anim\u00e9 par Philippe Droneau, Directeur des publics de la Cit\u00e9 de l\u2019espace.<\/p>\n<p>Retransmission sur tous les \u00e9crans de la Cit\u00e9 de l\u2019espace<\/p>\n<p><strong>21h20 : d\u00e9collage en direct de la fus\u00e9e SOYOUZ<\/strong> avec \u00e0 son bord Thomas Pesquet et ses co\u00e9quipiers<br \/>\nRetransmission en images depuis le site de lancement de Ba\u00efkonour sur l\u2019ensemble des \u00e9crans de la Cit\u00e9 de l\u2019espace.<\/p>\n<p>Interventions depuis Ba\u00efkonour d\u2019Olivier Sanguy, r\u00e9dacteur en chef du site d\u2019actualit\u00e9 spatiale.<\/p>\nProgramme d\u00e9taill\u00e9 et informations de derni\u00e8res minutes sur http:\/\/www.cite-espace.com\/evenements\/mission-proxima-depart-de-thomas-pesquet\/<\/div><\/p>\n","protected":false},"excerpt":{"rendered":"<p>\u0423\u043d\u0438\u043a\u0430\u043b\u044c\u043d\u044b\u0439 \u0432\u0435\u0447\u0435\u0440 \u0432 \u041a\u043e\u0441\u043c\u0438\u0447\u0435\u0441\u043a\u043e\u043c \u0433\u043e\u0440\u043e\u0434\u043a\u0435 \u0422\u0443\u043b\u0443\u0437\u044b \u0441\u043e\u0441\u0442\u043e\u0438\u0442\u0441\u044f 17 \u043d\u043e\u044f\u0431\u0440\u044f 2016 \u0433. \u0424\u0440\u0430\u043d\u0446\u0443\u0437\u0441\u043a\u0438\u0439 \u0430\u0441\u0442\u0440\u043e\u043d\u0430\u0432\u0442 \u0441 \u0440\u043e\u0441\u0441\u0438\u0439\u0441\u043a\u0438\u043c \u0438 \u0430\u043c\u0435\u0440\u0438\u043a\u0430\u043d\u0441\u043a\u043e\u0439 \u043a\u043e\u043b\u043b\u0435\u0433\u0430\u043c\u0438 \u043e\u0442\u043f\u0440\u0430\u0432\u0438\u0442\u0441\u044f \u0432&hellip;<\/p>\n","protected":false},"author":2,"featured_media":207594,"comment_status":"open","ping_status":"open","sticky":false,"template":"","format":"standard","meta":[],"categories":[1],"tags":[2718,2717,2719],"aioseo_notices":[],"_links":{"self":[{"href":"https:\/\/rusoch.fr\/ru\/wp-json\/wp\/v2\/posts\/207593"}],"collection":[{"href":"https:\/\/rusoch.fr\/ru\/wp-json\/wp\/v2\/posts"}],"about":[{"href":"https:\/\/rusoch.fr\/ru\/wp-json\/wp\/v2\/types\/post"}],"author":[{"embeddable":true,"href":"https:\/\/rusoch.fr\/ru\/wp-json\/wp\/v2\/users\/2"}],"replies":[{"embeddable":true,"href":"https:\/\/rusoch.fr\/ru\/wp-json\/wp\/v2\/comments?post=207593"}],"version-history":[{"count":0,"href":"https:\/\/rusoch.fr\/ru\/wp-json\/wp\/v2\/posts\/207593\/revisions"}],"wp:featuredmedia":[{"embeddable":true,"href":"https:\/\/rusoch.fr\/ru\/wp-json\/wp\/v2\/media\/207594"}],"wp:attachment":[{"href":"https:\/\/rusoch.fr\/ru\/wp-json\/wp\/v2\/media?parent=207593"}],"wp:term":[{"taxonomy":"category","embeddable":true,"href":"https:\/\/rusoch.fr\/ru\/wp-json\/wp\/v2\/categories?post=207593"},{"taxonomy":"post_tag","embeddable":true,"href":"https:\/\/rusoch.fr\/ru\/wp-json\/wp\/v2\/tags?post=207593"}],"curies":[{"name":"wp","href":"https:\/\/api.w.org\/{rel}","templated":true}]}}