{"id":20955,"date":"2014-11-30T00:50:48","date_gmt":"2014-11-29T23:50:48","guid":{"rendered":"http:\/\/rusoch.fr\/?p=20955"},"modified":"2015-03-14T19:55:35","modified_gmt":"2015-03-14T18:55:35","slug":"20955","status":"publish","type":"post","link":"https:\/\/rusoch.fr\/ru\/mond\/20955.html","title":{"rendered":"\u041d\u0435\u0437\u0430\u0431\u044b\u0442\u0430\u044f \u0432\u043e\u0439\u043d\u0430 "},"content":{"rendered":"<p>\u0412\u0435\u043b\u0438\u043a\u0430\u044f \u0432\u043e\u0439\u043d\u0430, \u0432 \u0420\u043e\u0441\u0441\u0438\u0438 \u0435\u0435 \u043d\u0430\u0437\u044b\u0432\u0430\u044e\u0442 &laquo;\u0437\u0430\u0431\u044b\u0442\u043e\u0439&raquo;.<\/p>\n<p>\u0412\u043e \u0424\u0440\u0430\u043d\u0446\u0438\u0438 \u043e \u043d\u0435\u0439 \u043f\u043e\u043c\u043d\u044f\u0442, \u043a\u0430\u043a, \u043d\u0430\u0432\u0435\u0440\u043d\u043e\u0435, \u043c\u0430\u043b\u043e \u0433\u0434\u0435.<\/p>\n<div class=\"hidden_text\">La Grande guerre, en Russie on l\u2019appelle la guerre oubli\u00e9e.<\/div>\n<div class=\"hidden_text\">En France, on l\u2019a en m\u00e9moire comme dans peu d\u2019autres endroits.<\/div>\n<p class=\"mce-wp-more\" title=\"\u0414\u0430\u043b\u0435\u0435...\"><!--more--><\/p>\n<p><div id=\"attachment_20976\" style=\"width: 610px\" class=\"wp-caption alignnone\"><a href=\"http:\/\/rusoch.fr\/files\/2014\/11\/009.jpg\"><img aria-describedby=\"caption-attachment-20976\" loading=\"lazy\" class=\" wp-image-20976\" alt=\"\" src=\"http:\/\/rusoch.fr\/files\/2014\/11\/009-600x400.jpg\" width=\"600\" height=\"400\" srcset=\"https:\/\/rusoch.fr\/files\/2014\/11\/009-600x400.jpg 600w, https:\/\/rusoch.fr\/files\/2014\/11\/009.jpg 1000w\" sizes=\"(max-width: 600px) 100vw, 600px\" \/><\/a><p id=\"caption-attachment-20976\" class=\"wp-caption-text\">Photo: Boris Guessel<\/p><\/div><\/p>\n<p>\u0422\u0443\u0442 \u043d\u0438 \u043e\u0434\u0438\u043d \u0433\u043e\u0440\u043e\u0434, \u0433\u043e\u0440\u043e\u0434\u043e\u043a \u0438\u043b\u0438 \u0434\u0435\u0440\u0435\u0432\u043d\u044f \u043d\u0435 \u0441\u0442\u043e\u0438\u0442 \u0431\u0435\u0437 \u043f\u0430\u043c\u044f\u0442\u043d\u0438\u043a\u0430 \u043f\u0430\u0432\u0448\u0438\u043c \u0432 1914&mdash;1918 \u0433\u0433.<\/p>\n<p>\u0412\u043f\u0435\u0440\u0432\u044b\u0435 \u043f\u0443\u0442\u0435\u0448\u0435\u0441\u0442\u0432\u0443\u044f \u043f\u043e \u0424\u0440\u0430\u043d\u0446\u0438\u0438, \u0442\u0430\u043a\u043e\u043c\u0443 \u043e\u0431\u0438\u043b\u0438\u044e \u043c\u043e\u043d\u0443\u043c\u0435\u043d\u0442\u043e\u0432 \u0441\u043d\u0430\u0447\u0430\u043b\u0430 \u0438\u0441\u043a\u0440\u0435\u043d\u043d\u0435 \u0443\u0434\u0438\u0432\u043b\u044f\u0435\u0448\u044c\u0441\u044f. \u041f\u043e \u043d\u0435\u0437\u043d\u0430\u043d\u0438\u044e. \u0424\u0435\u043b\u0438\u043a\u0441 \u0412\u0430\u043b\u043b\u043e\u0442\u0442\u043e\u043d \u0432 1917 \u0433\u043e\u0434\u0443 \u0437\u0430\u043a\u043e\u043d\u0447\u0438\u0432 \u044d\u0442\u0443 \u043a\u0430\u0440\u0442\u0438\u043d\u0443, \u0437\u0430\u043f\u0438\u0441\u0430\u043b \u0432 \u0434\u043d\u0435\u0432\u043d\u0438\u043a\u0435: \u00ab\u042d\u0442\u043e \u043d\u0430\u0448\u0438 \u0431\u0443\u0434\u043d\u0438 \u0432 \u0442\u0435\u0447\u0435\u043d\u0438\u0435 \u0442\u0440\u0435\u0445 \u043b\u0435\u0442\u00bb.<\/p>\n<div class=\"hidden_text\">Ici, il n&#39;y a pas une ville, un bourg ou un village qui n\u2019ait pas son m\u00e9morial aux morts de 1914&mdash;1918.<\/div>\n<div class=\"hidden_text\">En voyageant la premi\u00e8re fois en France, une telle profusion de monuments peut \u00e0 premi\u00e8re vue surprendre. Par ignorance. F\u00e9lix Vallotton en 1917 en achevant sa peinture, \u00e9crivait dans son journal\u00a0: \u00ab\u00a0notre ordinaire depuis trois ans\u00a0\u00bb.<\/div>\n<p><div id=\"attachment_20978\" style=\"width: 610px\" class=\"wp-caption alignnone\"><a href=\"http:\/\/rusoch.fr\/files\/2014\/11\/010.jpg\"><img aria-describedby=\"caption-attachment-20978\" loading=\"lazy\" class=\" wp-image-20978\" alt=\"\" src=\"http:\/\/rusoch.fr\/files\/2014\/11\/010-600x400.jpg\" width=\"600\" height=\"400\" srcset=\"https:\/\/rusoch.fr\/files\/2014\/11\/010-600x400.jpg 600w, https:\/\/rusoch.fr\/files\/2014\/11\/010.jpg 1000w\" sizes=\"(max-width: 600px) 100vw, 600px\" \/><\/a><p id=\"caption-attachment-20978\" class=\"wp-caption-text\">\u0424.\u0412\u0430\u043b\u043b\u043e\u0442\u0442\u043e\u043d &laquo;\u0412\u043e\u0435\u043d\u043d\u043e\u0435 \u043a\u043b\u0430\u0434\u0431\u0438\u0449\u0435 \u0432 \u0428\u0430\u043b\u043e\u043d\u0435&raquo;, 1917 \u0433. | F.Vallotton &laquo;Cimeti\u00e8re militaire de Ch\u00e2lons&raquo; Photo: Boris Guessel<\/p><\/div><\/p>\n<p>\u041d\u043e 2014 \u0433\u043e\u0434 \u2013 \u043f\u043e\u0432\u043e\u0440\u043e\u0442\u043d\u044b\u0439 \u0432 \u0438\u0441\u0442\u043e\u0440\u0438\u0447\u0435\u0441\u043a\u043e\u0439 \u043f\u0430\u043c\u044f\u0442\u0438. \u0412\u043f\u0435\u0440\u0432\u044b\u0435 \u0432 \u0433\u043e\u0434\u043e\u0432\u0449\u0438\u043d\u0443 \u0441\u0442\u043e\u043b\u0435\u0442\u0438\u044f \u043d\u0430\u0447\u0430\u043b\u0430 \u041f\u0435\u0440\u0432\u043e\u0439 \u043c\u0438\u0440\u043e\u0432\u043e\u0439 \u043e \u043d\u0435\u0439 \u0442\u0430\u043a \u043f\u043e\u0434\u0440\u043e\u0431\u043d\u043e \u0433\u043e\u0432\u043e\u0440\u044f\u0442 \u0432 \u0415\u0432\u0440\u043e\u043f\u0435: \u044f\u0437\u044b\u043a\u043e\u043c \u0434\u043e\u043a\u0443\u043c\u0435\u043d\u0442\u0430\u043b\u044c\u043d\u043e\u0433\u043e \u043a\u0438\u043d\u043e, \u0444\u043e\u0442\u043e\u0433\u0440\u0430\u0444\u0438\u0438, \u0436\u0438\u0432\u043e\u043f\u0438\u0441\u0438, \u043a\u043d\u0438\u0433\u0430\u043c\u0438 \u0432\u043e\u0441\u043f\u043e\u043c\u0438\u043d\u0430\u043d\u0438\u0439, \u0447\u0435\u0440\u0435\u0434\u043e\u0439 \u043a\u043e\u043d\u0444\u0435\u0440\u0435\u043d\u0446\u0438\u0439 \u0438 \u0441\u0438\u043c\u043f\u043e\u0437\u0438\u0443\u043c\u043e\u0432, \u043d\u0430\u043a\u043e\u043d\u0435\u0446, \u043e\u0442\u043a\u0440\u044b\u0442\u0438\u0435\u043c \u043d\u043e\u0432\u044b\u0445 \u043f\u0430\u043c\u044f\u0442\u043d\u0438\u043a\u043e\u0432.<\/p>\n<p>\u041d\u0430 \u0442\u0430\u0431\u043b\u0438\u0447\u043a\u0435 \u043f\u043e\u0434 \u044d\u0442\u0438\u043c \u044d\u043a\u0437\u0435\u043c\u043f\u043b\u044f\u0440\u043e\u043c\u00a0\u0433\u0430\u0437\u0435\u0442\u044b \u0437\u0430 1915 \u0433\u043e\u0434 \u0447\u0438\u0442\u0430\u0435\u043c: \u00ab\u0412 \u0420\u043e\u0441\u0441\u0438\u0438 \u0441 \u043a\u043e\u043d\u0446\u0430 1914 \u0433\u043e\u0434\u0430 \u0436\u0435\u043d\u0449\u0438\u043d\u044b \u043d\u0430\u0447\u0430\u043b\u0438 \u0437\u0430\u043f\u0438\u0441\u044b\u0432\u0430\u0442\u044c\u0441\u044f \u0432 \u0430\u0440\u043c\u0438\u044e. \u0418 \u0442\u043e\u043b\u044c\u043a\u043e \u0432 1917 \u0433\u043e\u0434\u0443 \u043f\u043e\u043b\u043d\u043e\u0441\u0442\u044c\u044e \u0436\u0435\u043d\u0441\u043a\u0438\u0439 \u043f\u043e\u043b\u043a \u00ab\u0411\u0430\u0442\u0430\u043b\u044c\u043e\u043d \u0441\u043c\u0435\u0440\u0442\u0438\u00bb \u0431\u044b\u043b \u043e\u0442\u043f\u0440\u0430\u0432\u043b\u0435\u043d \u043d\u0430 \u0444\u0440\u043e\u043d\u0442.<\/p>\n<div class=\"hidden_text\">Mais l\u2019ann\u00e9e 2014 est un tournant dans la m\u00e9moire historique. Avec l\u2019anniversaire du centenaire de la Premi\u00e8re guerre mondiale, on n\u2019en a jamais autant parl\u00e9e de mani\u00e8re aussi d\u00e9taill\u00e9e en Europe\u00a0: des films documentaires, des photographies, des peintures, des livres de m\u00e9moires, un cort\u00e8ge de conf\u00e9rences et de colloques, et bien s\u00fbr, l\u2019inauguration de nouveaux monuments.\u00a0<\/div>\n<div class=\"hidden_text\">Sur le panneau figurant sous cet exemplaire de journal de 1915, nous pouvons lire\u00a0: \u00ab\u00a0En Russie, d\u00e8s la fin de l\u2019ann\u00e9e 1914, des femmes cherchent \u00e0 rejoindre les troupes. C\u2019est seulement en 1917 qu\u2019un r\u00e9giment enti\u00e8rement f\u00e9minin, le \u00ab\u00a0Bataillon de la Mort\u00a0\u00bb, est envoy\u00e9 sur le front\u00a0\u00bb.<\/div>\n<p><div id=\"attachment_20979\" style=\"width: 276px\" class=\"wp-caption alignnone\"><a href=\"http:\/\/rusoch.fr\/files\/2014\/11\/002.jpg\"><img aria-describedby=\"caption-attachment-20979\" loading=\"lazy\" class=\"size-large wp-image-20979\" alt=\"\" src=\"http:\/\/rusoch.fr\/files\/2014\/11\/002-266x400.jpg\" width=\"266\" height=\"400\" srcset=\"https:\/\/rusoch.fr\/files\/2014\/11\/002-266x400.jpg 266w, https:\/\/rusoch.fr\/files\/2014\/11\/002.jpg 1000w\" sizes=\"(max-width: 266px) 100vw, 266px\" \/><\/a><p id=\"caption-attachment-20979\" class=\"wp-caption-text\">Photo: Boris Guessel<\/p><\/div><\/p>\n<p>\u0412\u044b\u0441\u0442\u0430\u0432\u043a\u0438, <a href=\"http:\/\/rusoch.fr\/lang\/ru\/mond\/pervaya-mirovaya-smotrit-s-elisejskix-polej.html\">\u043f\u043e\u0441\u0432\u044f\u0449\u0435\u043d\u043d\u044b\u0435 \u0412\u0435\u043b\u0438\u043a\u043e\u0439 \u0432\u043e\u0439\u043d\u0435<\/a>, \u0438\u0434\u0443\u0442 \u043f\u043e \u0432\u0441\u0435\u0439 <a href=\"http:\/\/rusoch.fr\/tour\/muzyka-silnee-vojny.html\">\u0444\u0440\u0430\u043d\u0446\u0443\u0437\u0441\u043a\u043e\u0439 \u0437\u0435\u043c\u043b\u0435<\/a>. \u0421\u0430\u043c\u044b\u0435 \u044f\u0440\u043a\u0438\u0435&nbsp;&mdash; \u043d\u0430 \u043c\u0435\u0441\u0442\u0430\u0445 \u0431\u044b\u0432\u0448\u0438\u0445 \u0441\u0440\u0430\u0436\u0435\u043d\u0438\u0439 \u0438, \u043a\u043e\u043d\u0435\u0447\u043d\u043e, \u0432 \u0441\u0442\u043e\u043b\u0438\u0446\u0435.<\/p>\n<p>2014 \u0433\u043e\u0434 \u0437\u0430\u043a\u0430\u043d\u0447\u0438\u0432\u0430\u0435\u0442\u0441\u044f, \u043d\u043e \u043f\u0430\u043c\u044f\u0442\u044c \u043d\u0435 \u043e\u0431\u0440\u044b\u0432\u0430\u0435\u0442\u0441\u044f. \u0413\u043b\u0430\u0432\u043d\u044b\u0439 \u0432\u043e\u0435\u043d\u043d\u044b\u0439 \u043c\u0443\u0437\u0435\u0439 \u0441\u0442\u0440\u0430\u043d\u044b, \u041c\u0443\u0437\u0435\u0439 \u0430\u0440\u043c\u0438\u0438, \u0440\u0430\u0441\u043f\u043e\u043b\u043e\u0436\u0435\u043d\u043d\u044b\u0439 \u0432 \u043a\u043e\u043c\u043f\u043b\u0435\u043a\u0441\u0435 \u0414\u043e\u043c\u0430 \u0418\u043d\u0432\u0430\u043b\u0438\u0434\u043e\u0432, \u043f\u0440\u043e\u0434\u043e\u043b\u0436\u0430\u0435\u0442 \u044d\u043f\u0438\u0447\u0435\u0441\u043a\u043e\u0435 \u043f\u043e\u0432\u0435\u0441\u0442\u0432\u043e\u0432\u0430\u043d\u0438\u0435&nbsp;&mdash; \u044d\u043a\u0441\u043f\u043e\u0437\u0438\u0446\u0438\u044e \u00ab\u0412\u0437\u0433\u043b\u044f\u0434 \u0441 \u0444\u0440\u043e\u043d\u0442\u0430\u00bb.<\/p>\n<p>\u0420\u0430\u0441\u0441\u043a\u0430\u0437 \u0447\u0435\u0441\u0442\u043d\u044b\u0439, \u0443\u043a\u043b\u0430\u0434\u044b\u0432\u0430\u044e\u0449\u0438\u0439\u0441\u044f \u0432 \u043a\u0440\u0430\u0442\u043a\u043e\u0435 \u00ab\u043d\u0438\u0447\u0442\u043e \u043d\u0435 \u0437\u0430\u0431\u044b\u0442\u043e\u00bb.<\/p>\n<p>\u041a\u0430\u0441\u043a\u0430 \u0410\u043d\u0442\u0443\u0430\u043d\u0430 \u0421\u0430\u0431\u0430\u0442\u044c\u0435, \u043f\u043e\u0440\u0430\u0436\u0435\u043d\u043d\u043e\u0433\u043e \u0441\u043d\u0430\u0440\u044f\u0434\u043e\u043c. \u0420\u0430\u0434\u0438 \u044d\u043a\u0441\u043f\u0435\u0440\u0438\u043c\u0435\u043d\u0442\u0430 \u0430\u0440\u0442\u0438\u043b\u043b\u0435\u0440\u0438\u0441\u0442\u044b \u0432\u0437\u043e\u0440\u0432\u0430\u043b\u0438 \u0442\u0430\u043a\u043e\u0439 \u0441\u043d\u0430\u0440\u044f\u0434 \u0432 \u0434\u0435\u0440\u0435\u0432\u044f\u043d\u043d\u043e\u0439 \u0431\u043e\u0447\u043a\u0435. \u0412\u043e\u0442 \u043d\u0430 \u0442\u0430\u043a\u0438\u0435 \u043a\u0443\u0441\u043a\u0438 \u043e\u043d\u0430 \u0440\u0430\u0437\u043b\u0435\u0442\u0435\u043b\u0430\u0441\u044c.<\/p>\n<div class=\"hidden_text\">Les expositions consacr\u00e9es \u00e0<a href=\"http:\/\/rusoch.fr\/lang\/fr\/mond\/pervaya-mirovaya-smotrit-s-elisejskix-polej.html\"> la Grande guerre<\/a> inondent <a href=\"http:\/\/rusoch.fr\/lang\/fr\/tour\/muzyka-silnee-vojny.html\">tout le territoire <\/a>fran\u00e7ais. Les plus belles sont situ\u00e9es sur les terrains des anciens affrontements et bien s\u00fbr dans la capitale.<\/div>\n<div class=\"hidden_text\">2014 touche \u00e0 sa fin mais la m\u00e9moire ne s\u2019ach\u00e8vera pas.<\/div>\n<div class=\"hidden_text\">Le principal mus\u00e9e militaire du pays, le Mus\u00e9e de l\u2019arm\u00e9e, implant\u00e9 dans le complexe de l\u2019H\u00f4tel des Invalides, poursuit le r\u00e9cit \u00e9pique par l\u2019exposition \u00ab\u00a0Vu du front\u00a0\u00bb.<\/div>\n<div class=\"hidden_text\">Un r\u00e9cit honn\u00eate, qui se r\u00e9sumerait par un bref \u00ab\u00a0Rien n\u2019est oubli\u00e9\u00a0\u00bb.<\/div>\n<div class=\"hidden_text\">Le casque d\u2019Antoine Sabatier a \u00e9t\u00e9 frapp\u00e9 par un obus. A titre exp\u00e9rimental les artilleurs font exploser un obus dans un r\u00e9ceptacle en bois. Ici, on voit son \u00e9clatement.<\/div>\n<p><div id=\"attachment_20981\" style=\"width: 276px\" class=\"wp-caption alignnone\"><a href=\"http:\/\/rusoch.fr\/files\/2014\/11\/013.jpg\"><img aria-describedby=\"caption-attachment-20981\" loading=\"lazy\" class=\"size-large wp-image-20981\" alt=\"\" src=\"http:\/\/rusoch.fr\/files\/2014\/11\/013-266x400.jpg\" width=\"266\" height=\"400\" srcset=\"https:\/\/rusoch.fr\/files\/2014\/11\/013-266x400.jpg 266w, https:\/\/rusoch.fr\/files\/2014\/11\/013.jpg 787w\" sizes=\"(max-width: 266px) 100vw, 266px\" \/><\/a><p id=\"caption-attachment-20981\" class=\"wp-caption-text\">Photo: Boris Guessel<\/p><\/div><\/p>\n<p>\u0423\u0447\u0430\u0441\u0442\u043d\u0438\u043a \u043f\u043e\u043b\u044f\u0440\u043d\u044b\u0445 \u044d\u043a\u0441\u043f\u0435\u0434\u0438\u0446\u0438\u0439 \u0424\u0440\u0430\u043d\u043a \u0425\u0435\u0440\u043b\u0435\u0439 (Frank Hurley) \u0441\u0442\u0430\u043b \u043e\u0444\u0438\u0446\u0438\u0430\u043b\u044c\u043d\u044b\u043c \u0444\u043e\u0442\u043e\u0433\u0440\u0430\u0444\u043e\u043c \u0430\u0432\u0441\u0442\u0440\u0430\u043b\u0438\u0439\u0441\u043a\u043e\u0439 \u0430\u0440\u043c\u0438\u0438 \u0432 1916 \u0433\u043e\u0434\u0443. \u0427\u0442\u043e\u0431\u044b \u0432\u043e\u0441\u0441\u043e\u0437\u0434\u0430\u0442\u044c \u0442\u0435\u0430\u0442\u0440 \u0432\u043e\u0435\u043d\u043d\u044b\u0445 \u0434\u0435\u0439\u0441\u0442\u0432\u0438\u0439, \u043e\u043d \u0432\u043f\u0435\u0440\u0432\u044b\u0435 \u043f\u0440\u0438\u0431\u0435\u0433 \u043a \u043a\u043e\u043c\u0431\u0438\u043d\u0430\u0446\u0438\u0438 \u043d\u0435\u0441\u043a\u043e\u043b\u044c\u043a\u0438\u0445 \u043d\u0435\u0433\u0430\u0442\u0438\u0432\u043e\u0432, \u043f\u043e\u043a\u0430\u0437\u0430\u0432 \u0432\u0441\u044e \u043c\u0430\u0441\u0448\u0442\u0430\u0431\u043d\u043e\u0441\u0442\u044c \u0438 \u0443\u0436\u0430\u0441 \u0432\u043e\u0439\u043d\u044b. \u041e\u0433\u0440\u043e\u043c\u043d\u044b\u0435 \u0444\u043e\u0442\u043e\u0433\u0440\u0430\u0444\u0438\u0438 \u0431\u044b\u043b\u0438\u00a0\u0432\u044b\u0441\u0442\u0430\u0432\u043b\u0435\u043d\u044b \u0432 1918 \u0433\u043e\u0434\u0443 \u0432 \u041b\u043e\u043d\u0434\u043e\u043d\u0435 \u0438 \u043d\u0430\u0432\u043b\u0435\u043a\u043b\u0438 \u0433\u043d\u0435\u0432 \u0413\u0435\u043d\u0435\u0440\u0430\u043b\u044c\u043d\u043e\u0433\u043e \u0448\u0442\u0430\u0431\u0430.<\/p>\n<div class=\"hidden_text\">Un participant de l\u2019exp\u00e9dition polaire, Frank Hurley est devenu le photographe officiel de l\u2019arm\u00e9e australienne en 1916. Pour reconstituer la toile \u00e9pique du th\u00e9\u00e2tre des actions militaires, il a d\u2019abord eu recours \u00e0 une combinaison de quelques n\u00e9gatifs, montrant tout l\u2019ampleur et toute l\u2019horreur de la guerre. Des photographies \u00e9normes sont expos\u00e9es en 1918 \u00e0 Londres et ont provoqu\u00e9 la col\u00e8re de l\u2019Etat-major.<\/div>\n<p><div id=\"attachment_20982\" style=\"width: 276px\" class=\"wp-caption alignnone\"><a href=\"http:\/\/rusoch.fr\/files\/2014\/11\/008.jpg\"><img aria-describedby=\"caption-attachment-20982\" loading=\"lazy\" class=\"size-large wp-image-20982\" alt=\"\" src=\"http:\/\/rusoch.fr\/files\/2014\/11\/008-266x400.jpg\" width=\"266\" height=\"400\" srcset=\"https:\/\/rusoch.fr\/files\/2014\/11\/008-266x400.jpg 266w, https:\/\/rusoch.fr\/files\/2014\/11\/008.jpg 1000w\" sizes=\"(max-width: 266px) 100vw, 266px\" \/><\/a><p id=\"caption-attachment-20982\" class=\"wp-caption-text\">Photo: Boris Guessel<\/p><\/div><\/p>\n<p>1918 \u0433\u043e\u0434. \u0411\u043e\u043c\u0431\u0430\u0440\u0434\u0438\u0440\u043e\u0432\u043a\u0430 \u0437\u0430\u0432\u043e\u0434\u0430 \u0432 \u041b\u044e\u0434\u0432\u0438\u0433\u0441\u0445\u0430\u0444\u0435\u043d\u0435. \u041a\u0430\u0440\u0442\u0438\u043d\u0430 \u041c\u043e\u0440\u0438\u0441\u0430 \u0411\u044e\u0441\u0441\u0435.<\/p>\n<div class=\"hidden_text\">En 1918, le bombardement d\u2019une usine \u00e0 Ludwigshafen. Peinture de Maurice Busset.<\/div>\n<p><div id=\"attachment_20983\" style=\"width: 610px\" class=\"wp-caption alignnone\"><a href=\"http:\/\/rusoch.fr\/files\/2014\/11\/012.jpg\"><img aria-describedby=\"caption-attachment-20983\" loading=\"lazy\" class=\"size-large wp-image-20983\" alt=\"\" src=\"http:\/\/rusoch.fr\/files\/2014\/11\/012-600x400.jpg\" width=\"600\" height=\"400\" srcset=\"https:\/\/rusoch.fr\/files\/2014\/11\/012-600x400.jpg 600w, https:\/\/rusoch.fr\/files\/2014\/11\/012.jpg 1000w\" sizes=\"(max-width: 600px) 100vw, 600px\" \/><\/a><p id=\"caption-attachment-20983\" class=\"wp-caption-text\">Photo: Boris Guessel<\/p><\/div><\/p>\n<p>\u041e\u0442\u0431\u0438\u0442\u0430\u044f \u0430\u0442\u0430\u043a\u0430 \u044f\u043f\u043e\u043d\u0446\u0435\u0432 \u0443 \u041f\u043e\u0440\u0442 \u0410\u0440\u0442\u0443\u0440\u0430.<\/p>\n<div class=\"hidden_text\">L\u2019attaque par surprise des Japonais \u00e0 Port-Arthur.<\/div>\n<p><div id=\"attachment_20984\" style=\"width: 513px\" class=\"wp-caption alignnone\"><a href=\"http:\/\/rusoch.fr\/files\/2014\/11\/003.jpg\"><img aria-describedby=\"caption-attachment-20984\" loading=\"lazy\" class=\"size-large wp-image-20984\" alt=\"\" src=\"http:\/\/rusoch.fr\/files\/2014\/11\/003-503x400.jpg\" width=\"503\" height=\"400\" srcset=\"https:\/\/rusoch.fr\/files\/2014\/11\/003-503x400.jpg 503w, https:\/\/rusoch.fr\/files\/2014\/11\/003.jpg 840w\" sizes=\"(max-width: 503px) 100vw, 503px\" \/><\/a><p id=\"caption-attachment-20984\" class=\"wp-caption-text\">Photo: Boris Guessel<\/p><\/div><\/p>\n<p><em>\u0412\u044b\u0441\u0442\u0430\u0432\u043a\u0430 \u0432 \u041c\u0443\u0437\u0435\u0435 \u0430\u0440\u043c\u0438\u0438 \u0414\u043e\u043c\u0430 \u0418\u043d\u0432\u0430\u043b\u0438\u0434\u043e\u0432 \u0440\u0430\u0431\u043e\u0442\u0430\u0435\u0442 \u0434\u043e 25 \u044f\u043d\u0432\u0430\u0440\u044f 2015 \u0433.<\/em><\/p>\n<em>\n<div class=\"hidden_text\">L\u2019exposition se tient au Mus\u00e9e de l\u2019arm\u00e9e \u00e0 l\u2019H\u00f4tel des Invalides jusqu\u2019au 25 janvier 2015.<\/div>\n<p><\/em><\/p>\n<p>&nbsp;<\/p>\n","protected":false},"excerpt":{"rendered":"<p>\u0412\u0435\u043b\u0438\u043a\u0430\u044f \u0432\u043e\u0439\u043d\u0430, \u0432 \u0420\u043e\u0441\u0441\u0438\u0438 \u0435\u0435 \u043d\u0430\u0437\u044b\u0432\u0430\u044e\u0442 &laquo;\u0437\u0430\u0431\u044b\u0442\u043e\u0439&raquo;. \u0412\u043e \u0424\u0440\u0430\u043d\u0446\u0438\u0438 \u043e \u043d\u0435\u0439 \u043f\u043e\u043c\u043d\u044f\u0442, \u043a\u0430\u043a, \u043d\u0430\u0432\u0435\u0440\u043d\u043e\u0435, \u043c\u0430\u043b\u043e \u0433\u0434\u0435.<\/p>\n","protected":false},"author":2,"featured_media":20984,"comment_status":"open","ping_status":"open","sticky":false,"template":"","format":"standard","meta":[],"categories":[8],"tags":[],"aioseo_notices":[],"_links":{"self":[{"href":"https:\/\/rusoch.fr\/ru\/wp-json\/wp\/v2\/posts\/20955"}],"collection":[{"href":"https:\/\/rusoch.fr\/ru\/wp-json\/wp\/v2\/posts"}],"about":[{"href":"https:\/\/rusoch.fr\/ru\/wp-json\/wp\/v2\/types\/post"}],"author":[{"embeddable":true,"href":"https:\/\/rusoch.fr\/ru\/wp-json\/wp\/v2\/users\/2"}],"replies":[{"embeddable":true,"href":"https:\/\/rusoch.fr\/ru\/wp-json\/wp\/v2\/comments?post=20955"}],"version-history":[{"count":0,"href":"https:\/\/rusoch.fr\/ru\/wp-json\/wp\/v2\/posts\/20955\/revisions"}],"wp:featuredmedia":[{"embeddable":true,"href":"https:\/\/rusoch.fr\/ru\/wp-json\/wp\/v2\/media\/20984"}],"wp:attachment":[{"href":"https:\/\/rusoch.fr\/ru\/wp-json\/wp\/v2\/media?parent=20955"}],"wp:term":[{"taxonomy":"category","embeddable":true,"href":"https:\/\/rusoch.fr\/ru\/wp-json\/wp\/v2\/categories?post=20955"},{"taxonomy":"post_tag","embeddable":true,"href":"https:\/\/rusoch.fr\/ru\/wp-json\/wp\/v2\/tags?post=20955"}],"curies":[{"name":"wp","href":"https:\/\/api.w.org\/{rel}","templated":true}]}}