{"id":215696,"date":"2018-12-09T16:38:26","date_gmt":"2018-12-09T15:38:26","guid":{"rendered":"http:\/\/rusoch.fr\/?p=215696"},"modified":"2018-12-09T16:41:49","modified_gmt":"2018-12-09T15:41:49","slug":"raduga-priglashaet","status":"publish","type":"post","link":"https:\/\/rusoch.fr\/ru\/bref\/raduga-priglashaet.html","title":{"rendered":"\u00ab\u0420\u0430\u0434\u0443\u0433\u0430\u00bb \u043f\u0440\u0438\u0433\u043b\u0430\u0448\u0430\u0435\u0442"},"content":{"rendered":"<p><strong>\u041a\u043e\u043d\u0446\u0435\u0440\u0442\u044b, \u0432\u0441\u0442\u0440\u0435\u0447\u0430 \u0421\u0442\u0430\u0440\u043e\u0433\u043e \u041d\u043e\u0432\u043e\u0433\u043e \u0433\u043e\u0434\u0430.<\/strong><!--more--><\/p>\n<p><a href=\"http:\/\/rusoch.fr\/files\/2018\/12\/Concert-Radouga_PROGRAMME-nouvel-an-2019_300dpi_A4_a4.jpg\"><img loading=\"lazy\" class=\"alignnone size-medium wp-image-215697\" src=\"http:\/\/rusoch.fr\/files\/2018\/12\/Concert-Radouga_PROGRAMME-nouvel-an-2019_300dpi_A4_a4-268x379.jpg\" alt=\"\" width=\"268\" height=\"379\" srcset=\"https:\/\/rusoch.fr\/files\/2018\/12\/Concert-Radouga_PROGRAMME-nouvel-an-2019_300dpi_A4_a4-268x379.jpg 268w, https:\/\/rusoch.fr\/files\/2018\/12\/Concert-Radouga_PROGRAMME-nouvel-an-2019_300dpi_A4_a4-768x1087.jpg 768w, https:\/\/rusoch.fr\/files\/2018\/12\/Concert-Radouga_PROGRAMME-nouvel-an-2019_300dpi_A4_a4-283x400.jpg 283w, https:\/\/rusoch.fr\/files\/2018\/12\/Concert-Radouga_PROGRAMME-nouvel-an-2019_300dpi_A4_a4-600x849.jpg 600w, https:\/\/rusoch.fr\/files\/2018\/12\/Concert-Radouga_PROGRAMME-nouvel-an-2019_300dpi_A4_a4.jpg 1653w\" sizes=\"(max-width: 268px) 100vw, 268px\" \/><\/a><\/p>\n<p>&nbsp;<\/p>\n<p><span style=\"color: #3333ff;\">L&#39;ensemble vocal Radouga vous invite \u00e0 assister \u00e0 ses prochains concerts:<br \/>\n<\/span><\/p>\n<p><span style=\"color: #3333ff;\"><span class=\"m_7278111089711744046LrzXr\">&mdash; <u>samedi 15 d\u00e9cembre<\/u> \u00e0 17h00 devant l&#39;h\u00f4tel de ville de Saint-M\u00e9dard-en-Jalles dans le cadre du <u>March\u00e9 de No\u00ebl<\/u><\/span><span class=\"m_7278111089711744046LrzXr\"><br \/>\n<\/span><\/span><\/p>\n<p><span style=\"color: #3333ff;\"><span class=\"m_7278111089711744046LrzXr\">&mdash; <u>samedi 22 d\u00e9cembre<\/u> \u00e0 16h00 dans le Parc de l&#39;ing\u00e9nieur \u00e0 Saint-M\u00e9dard-en-Jalles dans le cadre du <u>March\u00e9 de No\u00ebl<\/u><\/span><\/span><\/p>\n<p><span style=\"color: #3333ff;\"><span class=\"m_7278111089711744046LrzXr\">&mdash; <\/span><span class=\"m_7278111089711744046LrzXr\"><u>samedi 12 janvier<\/u> \u00e0 19h30: <u>concert-buffet russe<\/u> au Club House, <\/span><\/span><span class=\"m_7278111089711744046LrzXr\"><span style=\"color: #3333ff;\">Rue Charles Capsec, 33160 Saint-M\u00e9dard-en-Jalles <u>sur r\u00e9servation<\/u><u> avant le 5 janvier<\/u> (20 euros \/10 euros pour les moins de 12 ans). Nombre de places limit\u00e9. Flyer ci-joint. Contact: <a class=\"m_7278111089711744046moz-txt-link-abbreviated\" href=\"mailto:radougachorale33@gmail.com\" target=\"_blank\" rel=\"noopener\">radougachorale33@gmail.com<\/a>\u00a0 \/ Tel: 06 87 55 61 06<\/span><\/span><\/p>\n<p>&nbsp;<\/p>\n<p>&nbsp;<\/p>","protected":false},"excerpt":{"rendered":"<p>\u041a\u043e\u043d\u0446\u0435\u0440\u0442\u044b, \u0432\u0441\u0442\u0440\u0435\u0447\u0430 \u0421\u0442\u0430\u0440\u043e\u0433\u043e \u041d\u043e\u0432\u043e\u0433\u043e \u0433\u043e\u0434\u0430.<\/p>\n","protected":false},"author":2,"featured_media":215698,"comment_status":"open","ping_status":"open","sticky":false,"template":"","format":"standard","meta":[],"categories":[3078],"tags":[],"aioseo_notices":[],"_links":{"self":[{"href":"https:\/\/rusoch.fr\/ru\/wp-json\/wp\/v2\/posts\/215696"}],"collection":[{"href":"https:\/\/rusoch.fr\/ru\/wp-json\/wp\/v2\/posts"}],"about":[{"href":"https:\/\/rusoch.fr\/ru\/wp-json\/wp\/v2\/types\/post"}],"author":[{"embeddable":true,"href":"https:\/\/rusoch.fr\/ru\/wp-json\/wp\/v2\/users\/2"}],"replies":[{"embeddable":true,"href":"https:\/\/rusoch.fr\/ru\/wp-json\/wp\/v2\/comments?post=215696"}],"version-history":[{"count":2,"href":"https:\/\/rusoch.fr\/ru\/wp-json\/wp\/v2\/posts\/215696\/revisions"}],"predecessor-version":[{"id":215700,"href":"https:\/\/rusoch.fr\/ru\/wp-json\/wp\/v2\/posts\/215696\/revisions\/215700"}],"wp:featuredmedia":[{"embeddable":true,"href":"https:\/\/rusoch.fr\/ru\/wp-json\/wp\/v2\/media\/215698"}],"wp:attachment":[{"href":"https:\/\/rusoch.fr\/ru\/wp-json\/wp\/v2\/media?parent=215696"}],"wp:term":[{"taxonomy":"category","embeddable":true,"href":"https:\/\/rusoch.fr\/ru\/wp-json\/wp\/v2\/categories?post=215696"},{"taxonomy":"post_tag","embeddable":true,"href":"https:\/\/rusoch.fr\/ru\/wp-json\/wp\/v2\/tags?post=215696"}],"curies":[{"name":"wp","href":"https:\/\/api.w.org\/{rel}","templated":true}]}}