{"id":21796,"date":"2015-01-29T22:36:47","date_gmt":"2015-01-29T21:36:47","guid":{"rendered":"http:\/\/rusoch.fr\/?p=21796"},"modified":"2015-01-29T23:02:23","modified_gmt":"2015-01-29T22:02:23","slug":"boris-ejfman-v-parizhe","status":"publish","type":"post","link":"https:\/\/rusoch.fr\/ru\/guests\/boris-ejfman-v-parizhe.html","title":{"rendered":"\u0411\u043e\u0440\u0438\u0441 \u042d\u0439\u0444\u043c\u0430\u043d \u0432 \u041f\u0430\u0440\u0438\u0436\u0435 "},"content":{"rendered":"<p><strong>\u041d\u043e\u0432\u0430\u044f \u043f\u043e\u0441\u0442\u0430\u043d\u043e\u0432\u043a\u0430 \u00abUp &amp; down\u00bb \u0432 \u0442\u0435\u0430\u0442\u0440\u0435 \u0415\u043b\u0438\u0441\u0435\u0439\u0441\u043a\u0438\u0445 \u043f\u043e\u043b\u0435\u0439.<\/strong><\/p>\n<p><strong>9, 10, 11 \u0444\u0435\u0432\u0440\u0430\u043b\u044f 2015 \u0433.<\/strong><\/p>\n<div class=\"hidden_text\"><strong>Une nouvelle cr\u00e9ation \u00abUp &amp; down\u00bb au th\u00e9\u00e2tre des Champs Elys\u00e9es<\/strong><\/div>\n<div class=\"hidden_text\"><strong>Le 9, 10, 11 f\u00e9vrier 2015<\/strong><\/div>\n<p><!--more--><\/p>\n<p><a href=\"http:\/\/rusoch.fr\/files\/2015\/01\/Eifman2jpg.jpg\"><img loading=\"lazy\" class=\"alignnone size-large wp-image-21800\" alt=\"Eifman2jpg\" src=\"http:\/\/rusoch.fr\/files\/2015\/01\/Eifman2jpg-467x400.jpg\" width=\"467\" height=\"400\" srcset=\"https:\/\/rusoch.fr\/files\/2015\/01\/Eifman2jpg-467x400.jpg 467w, https:\/\/rusoch.fr\/files\/2015\/01\/Eifman2jpg-600x513.jpg 600w, https:\/\/rusoch.fr\/files\/2015\/01\/Eifman2jpg.jpg 1084w\" sizes=\"(max-width: 467px) 100vw, 467px\" \/><\/a><\/p>\n<p>\u041f\u0440\u0435\u043c\u044c\u0435\u0440\u0430 \u0431\u0430\u043b\u0435\u0442\u0430 \u0432\u0441\u0435\u043c\u0438\u0440\u043d\u043e \u0438\u0437\u0432\u0435\u0441\u0442\u043d\u043e\u0433\u043e \u043f\u0435\u0442\u0435\u0440\u0431\u0443\u0440\u0433\u0441\u043a\u043e\u0433\u043e \u0445\u043e\u0440\u0435\u043e\u0433\u0440\u0430\u0444\u0430 \u0411\u043e\u0440\u0438\u0441\u0430 <wbr><\/wbr>\u042d\u0439\u0444\u043c\u0430\u043d\u0430 \u00abUp &amp; down\u00bb \u0441\u043e\u0441\u0442\u043e\u044f\u043b\u0430\u0441\u044c 27 \u044f\u043d\u0432\u0430\u0440\u044f 2015 \u0433. \u043d\u0430 \u0441\u0446\u0435\u043d\u0435 <wbr><\/wbr>\u0410\u043b\u0435\u043a\u0441\u0430\u043d\u0434\u0440\u0438\u043d\u0441\u043a\u043e\u0433\u043e \u0442\u0435\u0430\u0442\u0440\u0430 \u0421\u0430\u043d\u043a\u0442 \u041f\u0435\u0442\u0435\u0440\u0431\u0443\u0440\u0433\u0430.<\/p>\n<p>\u0411\u0430\u043b\u0435\u0442 \u043f\u043e\u0441\u0442\u0430\u0432\u043b\u0435\u043d \u043f\u043e \u043c\u043e\u0442\u0438\u0432\u0430\u043c \u0438\u0437\u0432\u0435\u0441\u0442\u043d\u043e\u0433\u043e \u0440\u043e\u043c\u0430\u043d\u0430 \u0424\u0440\u044d\u043d\u0441\u0438\u0441\u0430 \u0421\u043a\u043e\u0442\u0442\u0430 \u0424\u0438\u0446\u0434\u0436\u0435\u0440\u0430\u043b\u044c\u0434\u0430 \u00ab\u041d\u043e\u0447\u044c \u043d\u0435\u0436\u043d\u0430\u00bb.<\/p>\n<p>\u0411\u0438\u043b\u0435\u0442\u044b \u0432 \u043a\u0430\u0441\u0441\u0430\u0445 \u0442\u0435\u0430\u0442\u0440\u0430 \u0438 <a href=\"http:\/\/www.theatrechampselysees.fr\/danse\/danse\/eifman-ballet-theatre?from_calendar=1\">\u043d\u0430 \u0441\u0430\u0439\u0442\u0435<\/a><\/p>\n<div class=\"hidden_text\">La premi\u00e8re du ballet du fameux chor\u00e9graphe p\u00e9tersbourgeois Boris Eifman \u00abUp &amp; down\u00bb a eu lieu le 27 janvier 2015 sur la sc\u00e8ne du th\u00e9\u00e2tre Aleksandriinski \u00e0 Saint Petersbourg.<\/div>\n<div class=\"hidden_text\">D\u2019apr\u00e8s le roman de Fitzgerald, Tendre est la nuit.<\/div>\n<div class=\"hidden_text\">R\u00e9servation et achat\u00a0: dans les caisses ou sur <a href=\"http:\/\/www.theatrechampselysees.fr\/danse\/danse\/eifman-ballet-theatre?from_calendar=1\">le site<\/a> du th\u00e9\u00e2tre<\/div>\n<p>&nbsp;<\/p>\n","protected":false},"excerpt":{"rendered":"<p>\u041d\u043e\u0432\u0430\u044f \u043f\u043e\u0441\u0442\u0430\u043d\u043e\u0432\u043a\u0430 \u00abUp &amp; down\u00bb \u0432 \u0442\u0435\u0430\u0442\u0440\u0435 \u0415\u043b\u0438\u0441\u0435\u0439\u0441\u043a\u0438\u0445 \u043f\u043e\u043b\u0435\u0439. 9, 10, 11 \u0444\u0435\u0432\u0440\u0430\u043b\u044f 2015 \u0433.<\/p>\n","protected":false},"author":2,"featured_media":21800,"comment_status":"open","ping_status":"open","sticky":false,"template":"","format":"standard","meta":[],"categories":[3],"tags":[],"aioseo_notices":[],"_links":{"self":[{"href":"https:\/\/rusoch.fr\/ru\/wp-json\/wp\/v2\/posts\/21796"}],"collection":[{"href":"https:\/\/rusoch.fr\/ru\/wp-json\/wp\/v2\/posts"}],"about":[{"href":"https:\/\/rusoch.fr\/ru\/wp-json\/wp\/v2\/types\/post"}],"author":[{"embeddable":true,"href":"https:\/\/rusoch.fr\/ru\/wp-json\/wp\/v2\/users\/2"}],"replies":[{"embeddable":true,"href":"https:\/\/rusoch.fr\/ru\/wp-json\/wp\/v2\/comments?post=21796"}],"version-history":[{"count":0,"href":"https:\/\/rusoch.fr\/ru\/wp-json\/wp\/v2\/posts\/21796\/revisions"}],"wp:featuredmedia":[{"embeddable":true,"href":"https:\/\/rusoch.fr\/ru\/wp-json\/wp\/v2\/media\/21800"}],"wp:attachment":[{"href":"https:\/\/rusoch.fr\/ru\/wp-json\/wp\/v2\/media?parent=21796"}],"wp:term":[{"taxonomy":"category","embeddable":true,"href":"https:\/\/rusoch.fr\/ru\/wp-json\/wp\/v2\/categories?post=21796"},{"taxonomy":"post_tag","embeddable":true,"href":"https:\/\/rusoch.fr\/ru\/wp-json\/wp\/v2\/tags?post=21796"}],"curies":[{"name":"wp","href":"https:\/\/api.w.org\/{rel}","templated":true}]}}